{"id":108019,"date":"2025-03-22T11:04:23","date_gmt":"2025-03-22T11:04:23","guid":{"rendered":"https:\/\/rdnews.al\/?p=108019"},"modified":"2025-03-22T11:04:50","modified_gmt":"2025-03-22T11:04:50","slug":"berisha-te-rinjve-ne-fitojme-nese-ju-do-beheni-fytyra-dhe-mesazheret-e-kesaj-fushate","status":"publish","type":"post","link":"https:\/\/rdnews.al\/index.php\/2025\/03\/22\/berisha-te-rinjve-ne-fitojme-nese-ju-do-beheni-fytyra-dhe-mesazheret-e-kesaj-fushate\/","title":{"rendered":"Berisha-t\u00eb rinjve: Ne fitojm\u00eb n\u00ebse ju do t\u00eb b\u00ebheni fytyra dhe mesazher\u00ebt e k\u00ebsaj fushate!"},"content":{"rendered":"<p>Lideri i Opozit\u00ebs, Sali Berisha, n\u00eb nj\u00eb bashk\u00ebbisedim me t\u00eb rinjt\u00eb, theksoi r\u00ebnd\u00ebsin\u00eb e angazhimit t\u00eb tyre n\u00eb fushat\u00ebn e ardhshme elektorale. Ai u shpreh se e ardhmja e Shqip\u00ebris\u00eb Madh\u00ebshtore \u00ebsht\u00eb e mundur vet\u00ebm n\u00ebse t\u00eb rinjt\u00eb b\u00ebhen mesazher\u00ebt dhe fytyrat e k\u00ebsaj fushate.<\/p>\n<p>Berisha paraqiti nj\u00eb vizion t\u00eb qart\u00eb p\u00ebr nj\u00eb Shqip\u00ebri pa varf\u00ebri ekstreme, ku rrogat, pensionet, dhe mund\u00ebsit\u00eb p\u00ebr t\u00eb rinjt\u00eb do t\u00eb jen\u00eb n\u00eb nivele t\u00eb pashembullta.<\/p>\n<p>\u201cProgrami i Shqip\u00ebris\u00eb Madh\u00ebshtore n\u00eb pamje t\u00eb par\u00eb duket si nj\u00eb program i ekazgj\u00ebruar, si nj\u00eb epitet i ekzagjeruar, por \u00ebsht\u00eb shum\u00eb real.<\/p>\n<p>Se sa nuk ka pasur gj\u00eb m\u00eb madh\u00ebshtore q\u00eb t\u00eb vendos\u00ebsh pluralizmin n\u00eb Shqip\u00ebri, n\u00eb vendin e monizmit ekstrem.<\/p>\n<p>Nuk ka pasur m\u00eb madh\u00ebshtore se sa t\u00eb nxjerr\u00ebsh Shqip\u00ebrin\u00eb nga honet e varf\u00ebris\u00eb ekstreme n\u00eb grupin e vendeve me t\u00eb ardhura t\u00eb mesme t\u00eb larta.<\/p>\n<p>Nuk ka pasur akt m\u00eb madh\u00ebshtor se Shqip\u00ebrin\u00eb, vendin m\u00eb t\u00eb pasigurt, ta an\u00ebtar\u00ebsosh n\u00eb aleanc\u00ebn me t\u00eb fuqishme politike dhe shtarake, aleanc\u00ebn e Atlantikut t\u00eb Veriut.<\/p>\n<p>Nuk ka pasur akt m\u00eb madh\u00ebshtor, se sa Shqip\u00ebrin\u00eb q\u00eb n\u00eb vitin 2055 kishte p\u00ebrdorimin e internetit 4.5 p\u00ebrqind dhe ta 14-fishosh brenda nj\u00eb kohe 7-8 vje\u00e7are. Edhe kjo p\u00ebrb\u00ebn nj\u00eb akt madh\u00ebshtor.<\/p>\n<p>T\u00eb dyfishosh rrogat dhe pensionet, edhe ky \u00ebsht\u00eb nj\u00eb akt madh\u00ebshtor.<\/p>\n<p>Ku e bazojm\u00eb ne k\u00ebt\u00eb q\u00eb flasim p\u00ebr Shqip\u00ebrin\u00eb Madh\u00ebshtore? E bazojm\u00eb sepse ne kemi realizuar shum\u00eb momente madh\u00ebshtore.<\/p>\n<p>Por ato p\u00ebrs\u00ebri nuk krijonin at\u00eb q\u00eb themi ne, Shqip\u00ebrin\u00eb Madh\u00ebshtore.<\/p>\n<p>Jo, Shqip\u00ebria Madh\u00ebshtore do jet\u00eb Shqip\u00ebria q\u00eb nuk do njoh\u00eb varf\u00ebri ekstreme. Ne kemi gjetur \u00e7el\u00ebsin e saj. Cili \u00ebsht\u00eb \u00e7el\u00ebsi? Ne do ua kthejm\u00eb parat\u00eb shqiptar\u00ebve.<\/p>\n<p>Parat\u00eb q\u00eb mblidhen nga t\u00eb ardhurat e tyre, nj\u00eb pjes\u00eb e mir\u00eb do shkoj\u00eb p\u00ebr rroga dhe pensione. Nuk u themi ne pensionist\u00ebve q\u00eb nuk do v\u00ebm\u00eb para n\u00eb fondin tuaj se shembet Shqip\u00ebria.<\/p>\n<p>Shqip\u00ebria shembet po t\u2019i l\u00ebsh ata n\u00eb gjendje t\u00eb mjer\u00eb.<\/p>\n<p>Ndaj ne do vendosim minimumin jetik. Nuk do ket\u00eb shqiptar q\u00eb do marr\u00eb m\u00eb pak se 200 euro. Do rriten pensionet.<\/p>\n<p>Rroga minimale do jet\u00eb 500 euro.<\/p>\n<p>Rroga mesatare do jet\u00eb 1200 euro.<\/p>\n<p>Nuk do preket rroga maksimale sepse diferenca mes rrog\u00ebs mesatare dhe rrog\u00ebs maksimale \u00ebsht\u00eb m\u00eb e thella se n\u00eb \u00e7do vend tjet\u00ebr q\u00eb un\u00eb di n\u00eb planet. Se k\u00ebshtu e b\u00ebn\u00eb k\u00ebta n\u00eb mend\u00ebsin\u00eb e tyre.<\/p>\n<p>Por p\u00ebrs\u00ebri kjo nuk \u00ebsht\u00eb Shqip\u00ebria Madh\u00ebshtore.<\/p>\n<p>Kjo \u00ebsht\u00eb Shqip\u00ebria jasht\u00eb dhimbjes.<\/p>\n<p>Shqip\u00ebria Madh\u00ebshtore \u00ebsht\u00eb Made in Albania.<\/p>\n<p>Do e b\u00ebjm\u00eb Shqip\u00ebrin\u00eb nj\u00eb hotel apo nj\u00eb vend q\u00eb prodhon kudo t\u00eb mira p\u00ebr qytetar\u00ebt e saj, q\u00eb pasurit\u00eb p\u00ebrrallore do ua kthej\u00eb qytetar\u00ebve t\u00eb vet?<\/p>\n<p>Shqip\u00ebria ka pasuri bot\u00ebrore n\u00eb rezervat e saj n\u00ebntok\u00ebsore.<\/p>\n<p>Ka nj\u00eb tok\u00eb nd\u00ebr m\u00eb pjelloret q\u00eb mund t\u00eb b\u00ebhet.<\/p>\n<p>\u00cbsht\u00eb nj\u00eb vend me m\u00eb shum\u00eb uj\u00ebra se \u00e7do vend i rajonit.<\/p>\n<p>Shqip\u00ebris\u00eb ia shkat\u00ebrruan prodhimin.<\/p>\n<p>Ia shkat\u00ebrruan duke vendosur standarde q\u00eb nuk ekzistojn\u00eb askund n\u00eb tregti.<\/p>\n<p>Ia shkat\u00ebrruan prodhimin me narkoeuro.<\/p>\n<p>\u00c7do jav\u00eb mbyllen nd\u00ebrmarrjet e eksportit p\u00ebr shkak t\u00eb r\u00ebnies s\u00eb vler\u00ebs s\u00eb euros me 35 p\u00ebrqind.<\/p>\n<p>Dhe \u00e7far\u00eb euro \u00ebsht\u00eb? \u00cbsht\u00eb narkoeuro!<\/p>\n<p>Imagjinoni ju, nga viti 2023-2024, eksportet ran\u00eb me 32 p\u00ebrqind.<\/p>\n<p>Mij\u00ebra e mij\u00ebra shqiptar\u00eb mbyll\u00ebn vendet e pun\u00ebs dhe u detyruan t\u00eb largohen jasht\u00eb vendit.<\/p>\n<p>A ka mund\u00ebsia t\u2019i mbroj\u00eb? Plot\u00ebsisht.<\/p>\n<p>Qeveria mbron kursin, kompenson kursin q\u00eb droga ia uli euros dhe i kompenson eksportuesit p\u00ebr aq sa ka r\u00ebn\u00eb euro dhe nuk humbasin qindra vende pune dhe nuk bllokohet prodhimi.<\/p>\n<p>Pra, Made in Albania do jet\u00eb krenari komb\u00ebtare.<\/p>\n<p>Do jet\u00eb gjeneratori kryesor i pun\u00ebsimit tuaj.<\/p>\n<p>Do jet\u00eb vendi i suksesit tuaj.<\/p>\n<p>Startup-et tuaja do mb\u00ebshteten me \u00e7do m\u00ebnyr\u00eb p\u00ebr suksesin e tyre.<\/p>\n<p>Shqip\u00ebria do jet\u00eb vendi i taksave m\u00eb t\u00eb ul\u00ebta n\u00eb Europ\u00eb.<\/p>\n<p>Shqip\u00ebria do ket\u00eb \u00e7mimin m\u00eb t\u00eb ul\u00ebt t\u00eb energjis\u00eb dhe do shnd\u00ebrrohet n\u00eb nj\u00eb superfuqi energjetike rajonale.<\/p>\n<p>Shqip\u00ebria ka potenciale t\u00eb jasht\u00ebzakonshme t\u00eb prodhimit t\u00eb energjis\u00eb nga dielli, uji, era dhe gazi.<\/p>\n<p>T\u00eb gjitha k\u00ebto jan\u00eb potenciale t\u00eb ndaluara gjer sot p\u00ebr shkak t\u00eb korrupsionit, arbitraritetit, mungesa e sistemit t\u00eb drejt\u00ebsis\u00eb.<\/p>\n<p>Ne do i rikthehemi fuqish\u00ebm n\u00eb m\u00ebnyr\u00eb q\u00eb qytetar\u00ebt shqiptar\u00eb ta blejn\u00eb energjin\u00eb sa m\u00eb lir\u00eb.<\/p>\n<p>Do ulet energjia p\u00ebr bizneset, do zbres\u00eb nga 24 lek\u00eb n\u00eb 6 lek\u00eb.<\/p>\n<p>Do ulet energjia p\u00ebr qytetar\u00ebt, do zbres\u00eb n\u00eb 7 lek\u00eb.<\/p>\n<p>Do ulet nafta.<\/p>\n<p>\u00c7far\u00eb i duhet pensionistit nafta, i thoshte Edi Rama nj\u00eb zonje q\u00eb e gozhdoi n\u00eb \u2018Opinion\u2019.<\/p>\n<p>Pse pensionisti nuk l\u00ebviz me autobus? Apo duhet t\u00eb rrij\u00eb n\u00eb sht\u00ebpi ai?<\/p>\n<p>Pra, ne kemi nj\u00eb program me t\u00eb cilin ju mund t\u00eb trokisni n\u00eb \u00e7do der\u00eb, n\u00eb \u00e7do zem\u00ebr, n\u00eb \u00e7do mendje.<\/p>\n<p>A \u00ebsht\u00eb vet\u00ebm ky programi? Jo.<\/p>\n<p>Shqip\u00ebria do b\u00ebhet epiqend\u00ebr t\u00eb teknologjis\u00eb s\u00eb lart\u00eb n\u00eb rajon e m\u00eb gjer\u00eb.<\/p>\n<p>Do b\u00ebhet epiqend\u00ebr e inteligjenc\u00ebs artificiale, kriptomonedhave, dataqendrave.<\/p>\n<p>Pra, kjo do jet\u00eb Shqip\u00ebria Madh\u00ebshtore, plot\u00ebsisht e realizueshme.<\/p>\n<p>Por k\u00ebto jan\u00eb t\u00eb gjitha fjal\u00eb n\u00eb ekran.<\/p>\n<p>K\u00ebto fjal\u00eb duhet t\u00eb \u00e7ohen n\u00eb \u00e7do der\u00eb.<\/p>\n<p>K\u00ebto fjal\u00eb duhet \u00ebt \u00e7ohen te \u00e7do qytetar.<\/p>\n<p>Dhe u them un\u00eb nj\u00eb gj\u00eb se nuk ka mesazher\u00eb m\u00eb bind\u00ebs, m\u00eb t\u00eb p\u00eblqyer, m\u00eb t\u00eb besuesh\u00ebm se sa ju t\u00eb rinjve.<\/p>\n<p>Pra, kjo fushat\u00eb \u00ebsht\u00eb n\u00eb duart tuaja. Jeni ju mesazher\u00ebt e saj, ne fitojm\u00eb.<\/p>\n<p>Do b\u00ebheni ju fytyr\u00eb e v\u00ebrtet\u00eb e saj, ne fitojm\u00eb. Do b\u00ebheni ju njer\u00ebzia e saj, ne fitojm\u00eb\u201d, u shpreh Berisha.<\/p>\n","protected":false},"excerpt":{"rendered":"<p>Lideri i Opozit\u00ebs, Sali Berisha, n\u00eb nj\u00eb bashk\u00ebbisedim me t\u00eb rinjt\u00eb, theksoi r\u00ebnd\u00ebsin\u00eb e angazhimit t\u00eb tyre n\u00eb fushat\u00ebn e ardhshme elektorale. Ai u shpreh se e ardhmja e Shqip\u00ebris\u00eb Madh\u00ebshtore \u00ebsht\u00eb e mundur vet\u00ebm n\u00ebse t\u00eb rinjt\u00eb b\u00ebhen mesazher\u00ebt dhe fytyrat e k\u00ebsaj fushate. Berisha paraqiti nj\u00eb vizion t\u00eb qart\u00eb p\u00ebr nj\u00eb Shqip\u00ebri pa &hellip;<\/p>\n","protected":false},"author":4,"featured_media":108020,"comment_status":"closed","ping_status":"closed","sticky":false,"template":"","format":"standard","meta":{"footnotes":""},"categories":[37],"tags":[],"class_list":["post-108019","post","type-post","status-publish","format-standard","has-post-thumbnail","","category-politike"],"_links":{"self":[{"href":"https:\/\/rdnews.al\/index.php\/wp-json\/wp\/v2\/posts\/108019","targetHints":{"allow":["GET"]}}],"collection":[{"href":"https:\/\/rdnews.al\/index.php\/wp-json\/wp\/v2\/posts"}],"about":[{"href":"https:\/\/rdnews.al\/index.php\/wp-json\/wp\/v2\/types\/post"}],"author":[{"embeddable":true,"href":"https:\/\/rdnews.al\/index.php\/wp-json\/wp\/v2\/users\/4"}],"replies":[{"embeddable":true,"href":"https:\/\/rdnews.al\/index.php\/wp-json\/wp\/v2\/comments?post=108019"}],"version-history":[{"count":2,"href":"https:\/\/rdnews.al\/index.php\/wp-json\/wp\/v2\/posts\/108019\/revisions"}],"predecessor-version":[{"id":108022,"href":"https:\/\/rdnews.al\/index.php\/wp-json\/wp\/v2\/posts\/108019\/revisions\/108022"}],"wp:featuredmedia":[{"embeddable":true,"href":"https:\/\/rdnews.al\/index.php\/wp-json\/wp\/v2\/media\/108020"}],"wp:attachment":[{"href":"https:\/\/rdnews.al\/index.php\/wp-json\/wp\/v2\/media?parent=108019"}],"wp:term":[{"taxonomy":"category","embeddable":true,"href":"https:\/\/rdnews.al\/index.php\/wp-json\/wp\/v2\/categories?post=108019"},{"taxonomy":"post_tag","embeddable":true,"href":"https:\/\/rdnews.al\/index.php\/wp-json\/wp\/v2\/tags?post=108019"}],"curies":[{"name":"wp","href":"https:\/\/api.w.org\/{rel}","templated":true}]}}