{"id":108026,"date":"2025-03-22T11:35:02","date_gmt":"2025-03-22T11:35:02","guid":{"rendered":"https:\/\/rdnews.al\/?p=108026"},"modified":"2025-03-22T11:35:02","modified_gmt":"2025-03-22T11:35:02","slug":"gjekmarkaj-me-11-maj-eshte-momenti-per-te-zgjedhur-zhvillimin-dhe-perfaqesimin-e-denje","status":"publish","type":"post","link":"https:\/\/rdnews.al\/index.php\/2025\/03\/22\/gjekmarkaj-me-11-maj-eshte-momenti-per-te-zgjedhur-zhvillimin-dhe-perfaqesimin-e-denje\/","title":{"rendered":"Gjekmarkaj: M\u00eb 11 maj \u00ebsht\u00eb momenti p\u00ebr t\u00eb zgjedhur zhvillimin dhe p\u00ebrfaq\u00ebsimin e denj\u00eb"},"content":{"rendered":"<div id=\"rekl-49\">Drejtuesi politik i Qarkut Lezh\u00eb, Agron Gjekmarkaj, iu drejtua banor\u00ebve t\u00eb Fanit dhe Mirdit\u00ebs, duke theksuar se sfidat e emigracionit kan\u00eb prekur \u00e7do familje, por me angazhimin dhe vizionin e duhur, mund t\u00eb nd\u00ebrtohet nj\u00eb t\u00eb ardhme m\u00eb e mir\u00eb.<\/div>\n<div class=\"readmore-text-here\">\n<p>Gjekmarkaj, s\u00eb bashku me kryetarin e Partis\u00eb Demokratike t\u00eb Mirdit\u00ebs, Aleksand\u00ebr Picaku, dhe kryetarin e Bashkis\u00eb Mirdit\u00eb, Albert Melyshi, prezantuan kandidatin p\u00ebr deputet, Aleksand\u00ebr Lala, nj\u00eb intelektual dhe administrator me 34 vite p\u00ebrvoj\u00eb.<\/p>\n<p><strong>Postimi\u00a0<\/strong><\/p>\n<p>T\u00eb nderuar banor\u00eb t\u00eb Fanit, v\u00ebllez\u00ebr dhe motra mirditor\u00eb,<\/p>\n<p>Jemi mbledhur p\u00ebr nj\u00eb q\u00ebllim t\u00eb madh: p\u00ebr t\u00eb sjell\u00eb ndryshimin dhe p\u00ebr t\u00eb rikthyer shpres\u00ebn n\u00eb Mirdit\u00eb! Pavar\u00ebsisht sfidave dhe emigracionit q\u00eb ka prekur \u00e7do familje, ne besojm\u00eb se me vizionin dhe p\u00ebrkushtimin e duhur, mund ta nd\u00ebrtojm\u00eb t\u00eb ardhmen q\u00eb meritojm\u00eb!<\/p>\n<p>S\u00eb bashku me kryetarin e Partis\u00eb Demokratike t\u00eb Mirdit\u00ebs, z. Aleksander Picaku, dhe kryetarin e Bashkis\u00eb Mirdit\u00eb, z. Albert Melyshi, prezantuam kandidatin ton\u00eb p\u00ebr deputet, z. Aleksand\u00ebr Lala, nj\u00eb bir t\u00eb denj\u00eb t\u00eb k\u00ebsaj treve, nj\u00eb intelektual dhe administrator me 34 vite p\u00ebrvoj\u00eb n\u00eb sh\u00ebrbim t\u00eb komunitetit. Ai e njeh Mirdit\u00ebn, e kupton nevojat e saj dhe ka vullnetin p\u00ebr t\u00eb sjell\u00eb ndryshimin q\u00eb t\u00eb gjith\u00eb presim!<\/p>\n<p>M\u00eb 11 maj, \u00ebsht\u00eb momenti p\u00ebr t\u00eb zgjedhur zhvillimin dhe p\u00ebrfaq\u00ebsimin e denj\u00eb! Le t\u00eb votojm\u00eb p\u00ebr Partin\u00eb Demokratike, p\u00ebr nj\u00eb Mirdit\u00eb m\u00eb t\u00eb fort\u00eb dhe nj\u00eb Shqip\u00ebri m\u00eb t\u00eb drejt\u00eb!<br \/>\nRroft\u00eb Mirdita! Rroft\u00eb Shqip\u00ebria!<\/p>\n<p>Fitore m\u00eb 11 maj!<\/p>\n<p><iframe loading=\"lazy\" src=\"https:\/\/www.facebook.com\/plugins\/post.php?href=https%3A%2F%2Fwww.facebook.com%2Fpermalink.php%3Fstory_fbid%3Dpfbid02nkuArJcR9gPDUB4uU9rtL8RHcVMJqcG3Em84gCv5pjeA24fX89XnhrmbnxnAr1NVl%26id%3D100069034779753&amp;show_text=true&amp;width=500\" width=\"500\" height=\"793\" frameborder=\"0\" scrolling=\"no\" allowfullscreen=\"allowfullscreen\" data-mce-fragment=\"1\"><\/iframe><\/p>\n<\/div>\n<div id=\"rekl-33\"><\/div>\n","protected":false},"excerpt":{"rendered":"<p>Drejtuesi politik i Qarkut Lezh\u00eb, Agron Gjekmarkaj, iu drejtua banor\u00ebve t\u00eb Fanit dhe Mirdit\u00ebs, duke theksuar se sfidat e emigracionit kan\u00eb prekur \u00e7do familje, por me angazhimin dhe vizionin e duhur, mund t\u00eb nd\u00ebrtohet nj\u00eb t\u00eb ardhme m\u00eb e mir\u00eb. Gjekmarkaj, s\u00eb bashku me kryetarin e Partis\u00eb Demokratike t\u00eb Mirdit\u00ebs, Aleksand\u00ebr Picaku, dhe kryetarin e &hellip;<\/p>\n","protected":false},"author":4,"featured_media":108027,"comment_status":"closed","ping_status":"closed","sticky":false,"template":"","format":"standard","meta":{"footnotes":""},"categories":[37],"tags":[],"class_list":["post-108026","post","type-post","status-publish","format-standard","has-post-thumbnail","","category-politike"],"_links":{"self":[{"href":"https:\/\/rdnews.al\/index.php\/wp-json\/wp\/v2\/posts\/108026","targetHints":{"allow":["GET"]}}],"collection":[{"href":"https:\/\/rdnews.al\/index.php\/wp-json\/wp\/v2\/posts"}],"about":[{"href":"https:\/\/rdnews.al\/index.php\/wp-json\/wp\/v2\/types\/post"}],"author":[{"embeddable":true,"href":"https:\/\/rdnews.al\/index.php\/wp-json\/wp\/v2\/users\/4"}],"replies":[{"embeddable":true,"href":"https:\/\/rdnews.al\/index.php\/wp-json\/wp\/v2\/comments?post=108026"}],"version-history":[{"count":1,"href":"https:\/\/rdnews.al\/index.php\/wp-json\/wp\/v2\/posts\/108026\/revisions"}],"predecessor-version":[{"id":108028,"href":"https:\/\/rdnews.al\/index.php\/wp-json\/wp\/v2\/posts\/108026\/revisions\/108028"}],"wp:featuredmedia":[{"embeddable":true,"href":"https:\/\/rdnews.al\/index.php\/wp-json\/wp\/v2\/media\/108027"}],"wp:attachment":[{"href":"https:\/\/rdnews.al\/index.php\/wp-json\/wp\/v2\/media?parent=108026"}],"wp:term":[{"taxonomy":"category","embeddable":true,"href":"https:\/\/rdnews.al\/index.php\/wp-json\/wp\/v2\/categories?post=108026"},{"taxonomy":"post_tag","embeddable":true,"href":"https:\/\/rdnews.al\/index.php\/wp-json\/wp\/v2\/tags?post=108026"}],"curies":[{"name":"wp","href":"https:\/\/api.w.org\/{rel}","templated":true}]}}