{"id":108034,"date":"2025-03-22T11:49:00","date_gmt":"2025-03-22T11:49:00","guid":{"rendered":"https:\/\/rdnews.al\/?p=108034"},"modified":"2025-03-22T11:49:07","modified_gmt":"2025-03-22T11:49:07","slug":"oret-e-trimerise-se-lalit","status":"publish","type":"post","link":"https:\/\/rdnews.al\/index.php\/2025\/03\/22\/oret-e-trimerise-se-lalit\/","title":{"rendered":"Or\u00ebt e \u201ctrim\u00ebris\u00eb\u201d s\u00eb Lalit&#8230;"},"content":{"rendered":"<p><strong>Nga Erion DASHO<\/strong><\/p>\n<p>Trim\u00ebria \u00ebsht\u00eb nj\u00eb tipar p\u00ebr t\u00eb cilin Lali hajdut i Boratit nuk \u00ebsht\u00eb shquar kurr\u00eb. I njohur p\u00ebr munges\u00ebn e karakterit dhe servilizmin, po aq sa edhe p\u00ebr intrigat e fshehta, Lali ka vite q\u00eb krahasohet me Uriah Hipin, personazhin fam\u00ebkeq t\u00eb Dikensit, simbolin e hipokrizis\u00eb, mashtrimit dhe falsitetit.<\/p>\n<p>Jo shum\u00eb njer\u00ebz kan\u00eb &#8220;luksin&#8221; q\u00eb kur u bie nj\u00eb fatkeq\u00ebsi, t\u00eb tjer\u00ebt t\u00eb hapin shishe shampanje. Apo q\u00eb edhe ata q\u00eb kan\u00eb votuar gjoja masivisht vet\u00ebm dy vjet m\u00eb par\u00eb t\u00eb ndihen t\u00eb leht\u00ebsuar dhe t\u00eb thon\u00eb &#8220;shyqyr&#8221;.<\/p>\n<p>Duke patur parasysh karakterin (m\u00eb sakt\u00eb munges\u00ebn e tij) dhe profilin publik t\u00eb Lalit, t\u00eb gjith\u00eb u habit\u00ebn me &#8220;kryengritjen&#8221; e para disa dit\u00ebve kur ai nga burgu firmosi shkarkimin e kryetares s\u00eb komanduar nga Borati n\u00eb Bashkin\u00eb e Tiran\u00ebs p\u00ebr ta z\u00ebvend\u00ebsuar me nj\u00eb besnike t\u00eb vet\u00ebn.<\/p>\n<p>Kjo sepse n\u00ebse sheh me v\u00ebmendje karrier\u00ebn e Lalit, ajo ka vet\u00ebm nj\u00eb em\u00ebr, VEG\u00cbL! Veg\u00ebl e prodhuar dhe e latuar me kujdesin m\u00eb t\u00eb madh nga &#8220;ustai&#8221; q\u00eb ka mbi 30 vjet q\u00eb \u00ebsht\u00eb p\u00ebrpjekur dhe m\u00eb s\u00eb fundi arriti t\u00eb kap\u00eb majat m\u00eb t\u00eb larta t\u00eb politik\u00ebs shqiptare.<\/p>\n<p>Ky usta djall\u00ebzor nuk mund t\u00eb jet\u00eb askush tjet\u00ebr ve\u00e7 Xhorxh Sorosit dhe Lali nuk mund t\u00eb jet\u00eb asgj\u00eb tjet\u00ebr ve\u00e7se nj\u00eb prej kukullave t\u00eb shumta t\u00eb t\u00eb parit.<\/p>\n<p>***<br \/>\nErion Veliaj do t\u00eb kthehej n\u00eb Shqip\u00ebri n\u00eb fillimin e viteve 2000. Nuk ishte m\u00eb shum\u00eb se 23 ose 24 vje\u00e7. N\u00eb mosh\u00ebn, kur pjesa m\u00eb e madhe e t\u00eb rinjve jan\u00eb ende duke fshir\u00eb nga buz\u00ebt qum\u00ebshtin e n\u00ebn\u00ebs, Lali pretendonte se kishte p\u00ebrfunduar studimet universitare dhe se kishte punuar n\u00eb disa dhjet\u00ebra vende n\u00eb Afrik\u00eb dhe Amerik\u00ebn Latine. Akuza se ka paraqitur nj\u00eb diplom\u00eb false qarkulloi shum\u00eb n\u00eb media dhe median sociale, por asaj nuk ju shkua kurr\u00eb deri n\u00eb fund.<\/p>\n<p>Por p\u00ebrse duhej t\u00eb kthehej Lali n\u00eb Shqip\u00ebri pik\u00ebrisht n\u00eb vitin 2002 ose 2003?<\/p>\n<p>P\u00ebrgjigja ndodhet tek fakti se n\u00eb vitin 2000, nj\u00eb tjet\u00ebr kukull e Sorosit ishte vendosur Kryetar i Bashkis\u00eb s\u00eb Tiran\u00ebs dhe ishte projektuar t\u00eb ishte qehajai i Shqip\u00ebris\u00eb, vend i cili do t\u00eb kthehej n\u00eb timarin ballkanik t\u00eb Sorosit dhe fondacionit t\u00eb vet fam\u00ebkeq.<\/p>\n<p>Dy l\u00ebvizjet e para politike t\u00eb Erion Velis\u00eb u p\u00ebrllogarit\u00ebn deri n\u00eb detaje p\u00ebr t\u00eb mb\u00ebshtetur dhe p\u00ebrshpejtuar karrier\u00ebn politike t\u00eb Boratit.<\/p>\n<p>L\u00ebvizja MJAFT rr\u00ebnoi imazhin e Fatos Nanos duke e luftuar at\u00eb si kryeminist\u00ebr dhe hapur rrug\u00ebn Boratit n\u00eb parti. Nd\u00ebrkoh\u00eb q\u00eb lobist\u00ebt e Sorosit p\u00ebrtej oqeanit, me sa duket, kishin b\u00ebr\u00eb pun\u00ebn e tyre p\u00ebr t&#8217;i hequr Nanos mb\u00ebshtetjen edhe brenda administrat\u00ebs amerikane. Rezultati ishte rr\u00ebzimi i Fatos Nanos dhe ardhja e Boratit n\u00eb krye t\u00eb opozit\u00ebs.<\/p>\n<p>L\u00ebvizja e dyt\u00eb e Lalit erdhi me krijimin e G99 si p\u00ebrpjekje k\u00ebsaj radhe p\u00ebr t\u00eb ndihmuar n\u00eb ardhjen n\u00eb pushtet t\u00eb Boratit dhe opozit\u00ebs. N\u00eb vitin 2009 aksionet e Partis\u00eb Demokratike ishin n\u00eb pik\u00ebn m\u00eb t\u00eb lart\u00eb, nd\u00ebrkoh\u00eb q\u00eb Borati nuk ishte kurrkund. &#8220;Pronari&#8221; Soros shpresoi se kuotat e fituara nga l\u00ebvizja MJAFT mund t\u00eb p\u00ebrktheheshin n\u00eb kuota politike. Ndon\u00ebse gaboi n\u00eb p\u00ebrllogaritje, 13 mij\u00eb votat e G99-\u00ebs mund t\u00eb ken\u00eb q\u00ebn\u00eb t\u00eb mjaftueshme p\u00ebr ta mbajtur PD-n\u00eb fiks n\u00eb 70 mandate dhe ju afruar k\u00ebsisoj rrotacionit politik.<\/p>\n<p>Me d\u00ebshtimin e G99-\u00ebs, Veliajt ju dha urdh\u00ebri p\u00ebr t&#8217;u futur zyrtarisht n\u00ebn hyqmin e Boratit. Sh\u00ebrbimet q\u00eb deri n\u00eb at\u00eb koh\u00eb ishin b\u00ebr\u00eb n\u00eb distanc\u00eb dhe fshehtas, tanim\u00eb do t\u00eb b\u00ebheshin hapur.<\/p>\n<p>Vazhdimi dihet. Veliaj u shnd\u00ebrrua n\u00eb &#8220;Lalin e Boratit&#8221; p\u00ebr t&#8217;u b\u00ebr\u00eb deputet, minist\u00ebr dhe kryetar bashkie. N\u00eb parti, n\u00eb media dhe n\u00eb imazhin publik i pranuar bot\u00ebrisht si numri dy i rilindjes.<\/p>\n<p>***<br \/>\nN\u00eb k\u00ebt\u00eb histori t\u00eb shkurt\u00ebr politike t\u00eb Erion Velis\u00eb, tipari kryesor ka q\u00ebn\u00eb ai q\u00eb p\u00ebrmenda m\u00eb lart. Ai nuk ka q\u00ebn\u00eb asnj\u00ebher\u00eb nj\u00eb personazh real, me synimet, d\u00ebshirat dhe objektivat e veta politike apo shoq\u00ebrore.<\/p>\n<p>Ai ka q\u00ebn\u00eb q\u00eb nga momenti kur rivendosi k\u00ebmb\u00ebn n\u00eb Shqip\u00ebri nj\u00eb projekt ndihm\u00ebs, nj\u00eb shtojc\u00eb, nj\u00eb rrugic\u00eb p\u00ebr t\u00eb leht\u00ebsuar ardhjen n\u00eb pushtet t\u00eb kryekukull\u00ebs s\u00eb v\u00ebrtet\u00eb t\u00eb Sorosit n\u00eb Shqip\u00ebri, Boratit!<\/p>\n<p>Nga ai nuk k\u00ebrkohej as guxim, as trim\u00ebri, as men\u00e7uri dhe madje as edhe djall\u00ebzi p\u00ebr t\u00eb lundruar n\u00eb labirintet politike t\u00eb partis\u00eb s\u00eb dikurshme socialiste, sot e g\u00eblltitur dhe e tretur nga sekti i rilindjes. Me k\u00ebto merrej Borati dhe mjeshtri i kukullave p\u00ebrtej oqeanit, Sorosi plak.<\/p>\n<p>Nga Lali n\u00eb 24 vjet u k\u00ebrkua vet\u00ebm t&#8217;i p\u00ebrmbahej n\u00eb \u00e7do pik\u00eb skenarit, t\u00eb merrte iniciativ\u00ebn kur i k\u00ebrkohej, t\u00eb firmoste kur i k\u00ebrkohej, t\u00eb hapte goj\u00ebn dhe t\u00eb l\u00ebvizte duart kur USTAI l\u00ebvizte fijet q\u00eb komandojn\u00eb kukull\u00ebn.<\/p>\n<p>P\u00ebr k\u00ebto arsye &#8220;trim\u00ebria&#8221; e Lalit me em\u00ebrimet n\u00eb Bashkin\u00eb e Tiran\u00ebs zgjati vet\u00ebm 24 or\u00eb. Dy pronar\u00ebt e tij, shefi i madh p\u00ebrtej oqeanit dhe Borati n\u00eb Shqip\u00ebri i than\u00eb:<\/p>\n<p>&#8220;Lali! Kemi hallin e kok\u00ebs son\u00eb tani! Si\u00e7 ke sh\u00ebrbyer deputet, minist\u00ebr dhe kryebashkiak, sh\u00ebrbe edhe ca vjet si burgaxhi!&#8221;<\/p>\n<p>N\u00eb fund t\u00eb fundit, ky \u00ebsht\u00eb fati i atyre q\u00eb jan\u00eb krijuar p\u00ebr t&#8217;u p\u00ebrdorur&#8230;<\/p>\n","protected":false},"excerpt":{"rendered":"<p>Nga Erion DASHO Trim\u00ebria \u00ebsht\u00eb nj\u00eb tipar p\u00ebr t\u00eb cilin Lali hajdut i Boratit nuk \u00ebsht\u00eb shquar kurr\u00eb. I njohur p\u00ebr munges\u00ebn e karakterit dhe servilizmin, po aq sa edhe p\u00ebr intrigat e fshehta, Lali ka vite q\u00eb krahasohet me Uriah Hipin, personazhin fam\u00ebkeq t\u00eb Dikensit, simbolin e hipokrizis\u00eb, mashtrimit dhe falsitetit. Jo shum\u00eb njer\u00ebz &hellip;<\/p>\n","protected":false},"author":4,"featured_media":98149,"comment_status":"closed","ping_status":"closed","sticky":false,"template":"","format":"standard","meta":{"footnotes":""},"categories":[44],"tags":[],"class_list":["post-108034","post","type-post","status-publish","format-standard","has-post-thumbnail","","category-editorial"],"_links":{"self":[{"href":"https:\/\/rdnews.al\/index.php\/wp-json\/wp\/v2\/posts\/108034","targetHints":{"allow":["GET"]}}],"collection":[{"href":"https:\/\/rdnews.al\/index.php\/wp-json\/wp\/v2\/posts"}],"about":[{"href":"https:\/\/rdnews.al\/index.php\/wp-json\/wp\/v2\/types\/post"}],"author":[{"embeddable":true,"href":"https:\/\/rdnews.al\/index.php\/wp-json\/wp\/v2\/users\/4"}],"replies":[{"embeddable":true,"href":"https:\/\/rdnews.al\/index.php\/wp-json\/wp\/v2\/comments?post=108034"}],"version-history":[{"count":1,"href":"https:\/\/rdnews.al\/index.php\/wp-json\/wp\/v2\/posts\/108034\/revisions"}],"predecessor-version":[{"id":108035,"href":"https:\/\/rdnews.al\/index.php\/wp-json\/wp\/v2\/posts\/108034\/revisions\/108035"}],"wp:featuredmedia":[{"embeddable":true,"href":"https:\/\/rdnews.al\/index.php\/wp-json\/wp\/v2\/media\/98149"}],"wp:attachment":[{"href":"https:\/\/rdnews.al\/index.php\/wp-json\/wp\/v2\/media?parent=108034"}],"wp:term":[{"taxonomy":"category","embeddable":true,"href":"https:\/\/rdnews.al\/index.php\/wp-json\/wp\/v2\/categories?post=108034"},{"taxonomy":"post_tag","embeddable":true,"href":"https:\/\/rdnews.al\/index.php\/wp-json\/wp\/v2\/tags?post=108034"}],"curies":[{"name":"wp","href":"https:\/\/api.w.org\/{rel}","templated":true}]}}