{"id":108036,"date":"2025-03-22T11:57:48","date_gmt":"2025-03-22T11:57:48","guid":{"rendered":"https:\/\/rdnews.al\/?p=108036"},"modified":"2025-03-22T11:57:48","modified_gmt":"2025-03-22T11:57:48","slug":"berisha-uron-22-marsin-vitin-e-ardhshem-te-festojme-pa-diktaturen-aktuale","status":"publish","type":"post","link":"https:\/\/rdnews.al\/index.php\/2025\/03\/22\/berisha-uron-22-marsin-vitin-e-ardhshem-te-festojme-pa-diktaturen-aktuale\/","title":{"rendered":"Berisha uron 22 marsin: Vitin e ardhsh\u00ebm t\u00eb festojm\u00eb pa diktatur\u00ebn aktuale!"},"content":{"rendered":"<p>Lideri i opozit\u00ebs, Sali Berisha, n\u00eb nj\u00eb bashk\u00ebbisedim me qytetar\u00ebt n\u00eb rrjetet sociale uroi shqiptar\u00ebt p\u00ebr 22 marsin kur me vot\u00ebn e lir\u00eb, shqiptar\u00ebt arrit\u00ebn t\u00eb ndahen nga diktatura m\u00eb e eg\u00ebr staliniste n\u00eb Europ\u00eb dhe filluan rrug\u00ebn e demokracis\u00eb.<\/p>\n<p>\u201cDua t\u00eb uroj shqiptar\u00ebt p\u00ebr k\u00ebt\u00eb dit\u00eb t\u00eb bekuar, 22 marsin, nj\u00eb dat\u00eb historike q\u00eb na kujton momentin kur me vot\u00ebn e lir\u00eb, shqiptar\u00ebt arrit\u00ebn t\u00eb ndahen nga diktatura m\u00eb e eg\u00ebr staliniste n\u00eb Europ\u00eb dhe filluan rrug\u00ebn e demokracis\u00eb. Ky \u00ebsht\u00eb nj\u00eb moment i shenjt\u00eb p\u00ebr \u00e7do qytetar, q\u00eb sh\u00ebnon fitoren e vullnetit popullor dhe t\u00eb drejt\u00ebs p\u00ebr liri.<\/p>\n<p>N\u00eb k\u00ebt\u00eb dit\u00eb, le t\u00eb bashkohemi n\u00eb urimin q\u00eb vitin e ardhsh\u00ebm t\u00eb festojm\u00eb pa diktatur\u00ebn aktuale q\u00eb ka kapur vendin, por me triumfin e demokracis\u00eb, me nj\u00eb Shqip\u00ebri t\u00eb lir\u00eb dhe t\u00eb drejt\u00eb, ku qytetar\u00ebt e saj t\u00eb jen\u00eb t\u00eb barabart\u00eb p\u00ebrpara ligjit dhe mund\u00ebsive. Le t\u00eb shpresojm\u00eb dhe t\u00eb punojm\u00eb s\u00eb bashku p\u00ebr nj\u00eb Shqip\u00ebri m\u00eb t\u00eb drejt\u00eb dhe m\u00eb t\u00eb begat\u00eb. G\u00ebzuar 22 marsin!\u201d, tha Berisha.<\/p>\n","protected":false},"excerpt":{"rendered":"<p>Lideri i opozit\u00ebs, Sali Berisha, n\u00eb nj\u00eb bashk\u00ebbisedim me qytetar\u00ebt n\u00eb rrjetet sociale uroi shqiptar\u00ebt p\u00ebr 22 marsin kur me vot\u00ebn e lir\u00eb, shqiptar\u00ebt arrit\u00ebn t\u00eb ndahen nga diktatura m\u00eb e eg\u00ebr staliniste n\u00eb Europ\u00eb dhe filluan rrug\u00ebn e demokracis\u00eb. \u201cDua t\u00eb uroj shqiptar\u00ebt p\u00ebr k\u00ebt\u00eb dit\u00eb t\u00eb bekuar, 22 marsin, nj\u00eb dat\u00eb historike q\u00eb &hellip;<\/p>\n","protected":false},"author":4,"featured_media":41167,"comment_status":"closed","ping_status":"closed","sticky":false,"template":"","format":"standard","meta":{"footnotes":""},"categories":[37],"tags":[],"class_list":["post-108036","post","type-post","status-publish","format-standard","has-post-thumbnail","","category-politike"],"_links":{"self":[{"href":"https:\/\/rdnews.al\/index.php\/wp-json\/wp\/v2\/posts\/108036","targetHints":{"allow":["GET"]}}],"collection":[{"href":"https:\/\/rdnews.al\/index.php\/wp-json\/wp\/v2\/posts"}],"about":[{"href":"https:\/\/rdnews.al\/index.php\/wp-json\/wp\/v2\/types\/post"}],"author":[{"embeddable":true,"href":"https:\/\/rdnews.al\/index.php\/wp-json\/wp\/v2\/users\/4"}],"replies":[{"embeddable":true,"href":"https:\/\/rdnews.al\/index.php\/wp-json\/wp\/v2\/comments?post=108036"}],"version-history":[{"count":1,"href":"https:\/\/rdnews.al\/index.php\/wp-json\/wp\/v2\/posts\/108036\/revisions"}],"predecessor-version":[{"id":108037,"href":"https:\/\/rdnews.al\/index.php\/wp-json\/wp\/v2\/posts\/108036\/revisions\/108037"}],"wp:featuredmedia":[{"embeddable":true,"href":"https:\/\/rdnews.al\/index.php\/wp-json\/wp\/v2\/media\/41167"}],"wp:attachment":[{"href":"https:\/\/rdnews.al\/index.php\/wp-json\/wp\/v2\/media?parent=108036"}],"wp:term":[{"taxonomy":"category","embeddable":true,"href":"https:\/\/rdnews.al\/index.php\/wp-json\/wp\/v2\/categories?post=108036"},{"taxonomy":"post_tag","embeddable":true,"href":"https:\/\/rdnews.al\/index.php\/wp-json\/wp\/v2\/tags?post=108036"}],"curies":[{"name":"wp","href":"https:\/\/api.w.org\/{rel}","templated":true}]}}