{"id":108039,"date":"2025-03-22T12:03:20","date_gmt":"2025-03-22T12:03:20","guid":{"rendered":"https:\/\/rdnews.al\/?p=108039"},"modified":"2025-03-22T12:03:20","modified_gmt":"2025-03-22T12:03:20","slug":"berisha-nafta-ne-shqiperi-nuk-do-shitet-mbi-cmimin-qe-shitet-ne-kosove-dhe-maqedoni","status":"publish","type":"post","link":"https:\/\/rdnews.al\/index.php\/2025\/03\/22\/berisha-nafta-ne-shqiperi-nuk-do-shitet-mbi-cmimin-qe-shitet-ne-kosove-dhe-maqedoni\/","title":{"rendered":"Berisha: Nafta n\u00eb Shqip\u00ebri nuk do shitet mbi \u00e7mimin q\u00eb shitet n\u00eb Kosov\u00eb dhe Maqedoni"},"content":{"rendered":"<p>Lideri i opozit\u00ebs, Sali Berisha, gjat\u00eb nj\u00eb bashk\u00ebbisedimi me qytetar\u00ebt n\u00eb rrjetet sociale ka kritikuar qeverin\u00eb p\u00ebr politikat e saj mbi \u00e7mimin e naft\u00ebs.\u00a0Ai theksoi se qeveria e trajton naft\u00ebn si nj\u00eb privilegj t\u00eb pakic\u00ebs dhe jo si nj\u00eb energji t\u00eb domosdoshme p\u00ebr t\u00eb gjith\u00eb shqiptar\u00ebt.<\/p>\n<p>Berisha premtoi se n\u00eb nj\u00eb qeverisje t\u00eb ardhshme, nafta n\u00eb Shqip\u00ebri nuk do t\u00eb shitet mbi \u00e7mimin q\u00eb shitet n\u00eb k\u00ebto dy shtete.<\/p>\n<p>\u201cRama nuk e b\u00ebn k\u00ebt\u00eb sepse Rama ka nj\u00eb koncept t\u00eb ve\u00e7ant\u00eb.<\/p>\n<p>Para se t\u00eb vija k\u00ebtu po e d\u00ebgjoja n\u00eb nj\u00eb video q\u00eb i thoshte nj\u00eb pensionisti se \u00e7\u2019pun\u00eb ka pensionisti me naft\u00ebn.<\/p>\n<p>Pra, edhe naft\u00ebn e konsideron si nj\u00eb privilegj t\u00eb atyre q\u00eb kan\u00eb, n\u00eb nj\u00eb koh\u00eb kur nafta \u00ebsht\u00eb energji dhe \u00ebsht\u00eb e domosdoshme p\u00ebr t\u00eb gjith\u00eb shqiptar\u00ebt.<\/p>\n<p>Ne do ta b\u00ebjm\u00eb k\u00ebt\u00eb, nafta n\u00eb Shqip\u00ebri nuk do shitet mbi \u00e7mimin q\u00eb shitet n\u00eb Kosov\u00eb dhe Maqedoni.<\/p>\n<p>Kosova e merr nga Durr\u00ebsi naft\u00ebn.<\/p>\n<p>Nuk mund t\u00eb taksohet nafta 1.1 euro. Q\u00eb k\u00ebtu \u00ebsht\u00eb nj\u00eb nd\u00ebshkim p\u00ebr qytetar\u00ebt\u201d, tha Berisha.<\/p>\n","protected":false},"excerpt":{"rendered":"<p>Lideri i opozit\u00ebs, Sali Berisha, gjat\u00eb nj\u00eb bashk\u00ebbisedimi me qytetar\u00ebt n\u00eb rrjetet sociale ka kritikuar qeverin\u00eb p\u00ebr politikat e saj mbi \u00e7mimin e naft\u00ebs.\u00a0Ai theksoi se qeveria e trajton naft\u00ebn si nj\u00eb privilegj t\u00eb pakic\u00ebs dhe jo si nj\u00eb energji t\u00eb domosdoshme p\u00ebr t\u00eb gjith\u00eb shqiptar\u00ebt. Berisha premtoi se n\u00eb nj\u00eb qeverisje t\u00eb ardhshme, nafta &hellip;<\/p>\n","protected":false},"author":4,"featured_media":108040,"comment_status":"closed","ping_status":"closed","sticky":false,"template":"","format":"standard","meta":{"footnotes":""},"categories":[37],"tags":[],"class_list":["post-108039","post","type-post","status-publish","format-standard","has-post-thumbnail","","category-politike"],"_links":{"self":[{"href":"https:\/\/rdnews.al\/index.php\/wp-json\/wp\/v2\/posts\/108039","targetHints":{"allow":["GET"]}}],"collection":[{"href":"https:\/\/rdnews.al\/index.php\/wp-json\/wp\/v2\/posts"}],"about":[{"href":"https:\/\/rdnews.al\/index.php\/wp-json\/wp\/v2\/types\/post"}],"author":[{"embeddable":true,"href":"https:\/\/rdnews.al\/index.php\/wp-json\/wp\/v2\/users\/4"}],"replies":[{"embeddable":true,"href":"https:\/\/rdnews.al\/index.php\/wp-json\/wp\/v2\/comments?post=108039"}],"version-history":[{"count":1,"href":"https:\/\/rdnews.al\/index.php\/wp-json\/wp\/v2\/posts\/108039\/revisions"}],"predecessor-version":[{"id":108041,"href":"https:\/\/rdnews.al\/index.php\/wp-json\/wp\/v2\/posts\/108039\/revisions\/108041"}],"wp:featuredmedia":[{"embeddable":true,"href":"https:\/\/rdnews.al\/index.php\/wp-json\/wp\/v2\/media\/108040"}],"wp:attachment":[{"href":"https:\/\/rdnews.al\/index.php\/wp-json\/wp\/v2\/media?parent=108039"}],"wp:term":[{"taxonomy":"category","embeddable":true,"href":"https:\/\/rdnews.al\/index.php\/wp-json\/wp\/v2\/categories?post=108039"},{"taxonomy":"post_tag","embeddable":true,"href":"https:\/\/rdnews.al\/index.php\/wp-json\/wp\/v2\/tags?post=108039"}],"curies":[{"name":"wp","href":"https:\/\/api.w.org\/{rel}","templated":true}]}}