{"id":108042,"date":"2025-03-22T12:07:09","date_gmt":"2025-03-22T12:07:09","guid":{"rendered":"https:\/\/rdnews.al\/?p=108042"},"modified":"2025-03-22T12:07:09","modified_gmt":"2025-03-22T12:07:09","slug":"berisha-do-vendoset-minimumi-jetik-qe-asnje-shqiptar-mos-marre-me-pak-se-200-euro-ne-muaj-dhe-ky-eshte-vetem-fillimi","status":"publish","type":"post","link":"https:\/\/rdnews.al\/index.php\/2025\/03\/22\/berisha-do-vendoset-minimumi-jetik-qe-asnje-shqiptar-mos-marre-me-pak-se-200-euro-ne-muaj-dhe-ky-eshte-vetem-fillimi\/","title":{"rendered":"Berisha: Do vendoset minimumi jetik q\u00eb asnj\u00eb shqiptar mos marr\u00eb m\u00eb pak se 200 euro n\u00eb muaj dhe ky \u00ebsht\u00eb vet\u00ebm fillimi"},"content":{"rendered":"<p>Lideri i opozit\u00ebs, Sali Berisha, gjat\u00eb nj\u00eb bashk\u00ebbisedimi me qytetar\u00ebt, theksoi nj\u00eb premtim t\u00eb r\u00ebnd\u00ebsish\u00ebm p\u00ebr t\u00eb ardhmen e shqiptar\u00ebve.<\/p>\n<p>Ai shpjegoi se nj\u00eb nga angazhimet kryesore t\u00eb Partis\u00eb Demokratike \u00ebsht\u00eb vendosja e nj\u00eb minimumi jetik, i cili do t\u00eb siguroj\u00eb q\u00eb asnj\u00eb qytetar shqiptar t\u00eb mos marr\u00eb m\u00eb pak se 200 euro n\u00eb muaj.<\/p>\n<p>\u201cEdi, u garantoj q\u00eb \u00ebsht\u00eb nj\u00eb premtim, p\u00ebr t\u00eb cilin kurr\u00eb nuk do t\u00eb m\u00eb shkonte nd\u00ebrmend ta p\u00ebrdor p\u00ebr q\u00ebllime elektorale.<\/p>\n<p>Jo, \u00ebsht\u00eb nj\u00eb premtim q\u00eb buron nga thell\u00ebsit\u00eb e shpirtit kur shoh gjendjen e mjer\u00eb t\u00eb shqiptar\u00ebve, t\u00eb pensionist\u00ebve shqiptare q\u00eb merrnin n\u00eb vitin 2013 pensione t\u00eb ul\u00ebta, por ishin m\u00eb t\u00eb lartat n\u00eb rajon.<\/p>\n<p>Dhe sot malazezi merr nj\u00eb pension 3 her\u00eb m\u00eb t\u00eb lart\u00eb se n\u00eb vitin 2013, serbi dhe maqedonasi po nj\u00eblloj.<\/p>\n<p>Po edhe Kosova q\u00eb ka nisur rrug\u00ebn e pavar\u00ebsis\u00eb pak vite m\u00eb par\u00eb, shp\u00ebrblen qytetar\u00ebt e vet me pensione qart\u00ebsisht m\u00eb t\u00eb larta se Shqip\u00ebria.<\/p>\n<p>Jo, do vendoset minimumi jetik q\u00eb asnj\u00eb shqiptar q\u00eb mos marr\u00eb m\u00eb pak se 200 euro n\u00eb muaj dhe ky \u00ebsht\u00eb vet\u00ebm fillimi.<\/p>\n<p>Ky \u00ebsht\u00eb vet\u00ebm fillimi!\u201d, tha Berisha.<\/p>\n","protected":false},"excerpt":{"rendered":"<p>Lideri i opozit\u00ebs, Sali Berisha, gjat\u00eb nj\u00eb bashk\u00ebbisedimi me qytetar\u00ebt, theksoi nj\u00eb premtim t\u00eb r\u00ebnd\u00ebsish\u00ebm p\u00ebr t\u00eb ardhmen e shqiptar\u00ebve. Ai shpjegoi se nj\u00eb nga angazhimet kryesore t\u00eb Partis\u00eb Demokratike \u00ebsht\u00eb vendosja e nj\u00eb minimumi jetik, i cili do t\u00eb siguroj\u00eb q\u00eb asnj\u00eb qytetar shqiptar t\u00eb mos marr\u00eb m\u00eb pak se 200 euro n\u00eb muaj. &hellip;<\/p>\n","protected":false},"author":4,"featured_media":108043,"comment_status":"closed","ping_status":"closed","sticky":false,"template":"","format":"standard","meta":{"footnotes":""},"categories":[37],"tags":[],"class_list":["post-108042","post","type-post","status-publish","format-standard","has-post-thumbnail","","category-politike"],"_links":{"self":[{"href":"https:\/\/rdnews.al\/index.php\/wp-json\/wp\/v2\/posts\/108042","targetHints":{"allow":["GET"]}}],"collection":[{"href":"https:\/\/rdnews.al\/index.php\/wp-json\/wp\/v2\/posts"}],"about":[{"href":"https:\/\/rdnews.al\/index.php\/wp-json\/wp\/v2\/types\/post"}],"author":[{"embeddable":true,"href":"https:\/\/rdnews.al\/index.php\/wp-json\/wp\/v2\/users\/4"}],"replies":[{"embeddable":true,"href":"https:\/\/rdnews.al\/index.php\/wp-json\/wp\/v2\/comments?post=108042"}],"version-history":[{"count":1,"href":"https:\/\/rdnews.al\/index.php\/wp-json\/wp\/v2\/posts\/108042\/revisions"}],"predecessor-version":[{"id":108044,"href":"https:\/\/rdnews.al\/index.php\/wp-json\/wp\/v2\/posts\/108042\/revisions\/108044"}],"wp:featuredmedia":[{"embeddable":true,"href":"https:\/\/rdnews.al\/index.php\/wp-json\/wp\/v2\/media\/108043"}],"wp:attachment":[{"href":"https:\/\/rdnews.al\/index.php\/wp-json\/wp\/v2\/media?parent=108042"}],"wp:term":[{"taxonomy":"category","embeddable":true,"href":"https:\/\/rdnews.al\/index.php\/wp-json\/wp\/v2\/categories?post=108042"},{"taxonomy":"post_tag","embeddable":true,"href":"https:\/\/rdnews.al\/index.php\/wp-json\/wp\/v2\/tags?post=108042"}],"curies":[{"name":"wp","href":"https:\/\/api.w.org\/{rel}","templated":true}]}}