{"id":108046,"date":"2025-03-22T12:10:44","date_gmt":"2025-03-22T12:10:44","guid":{"rendered":"https:\/\/rdnews.al\/?p=108046"},"modified":"2025-03-22T12:10:44","modified_gmt":"2025-03-22T12:10:44","slug":"berisha-do-bejme-gjithcka-qe-me-qeverine-e-kosoves-te-krijojme-zona-te-lira-kufitare","status":"publish","type":"post","link":"https:\/\/rdnews.al\/index.php\/2025\/03\/22\/berisha-do-bejme-gjithcka-qe-me-qeverine-e-kosoves-te-krijojme-zona-te-lira-kufitare\/","title":{"rendered":"Berisha: Do b\u00ebjm\u00eb gjith\u00e7ka q\u00eb me qeverin\u00eb e Kosov\u00ebs t\u00eb krijojm\u00eb zona t\u00eb lira kufitare"},"content":{"rendered":"<p>Lideri i opozit\u00ebs, Sali Berisha, ka paraqitur disa nga planet e tij p\u00ebr zhvillimin ekonomik t\u00eb zonave verilindore t\u00eb Shqip\u00ebris\u00eb gjat\u00eb nj\u00eb bashk\u00ebbisedimi me qytetar\u00ebt n\u00eb rrjetet sociale. Ai theksoi se do t\u00eb krijohet nj\u00eb plan ekonomik p\u00ebr shfryt\u00ebzimin racional t\u00eb burimeve dhe potencialeve t\u00eb k\u00ebtyre zonave, me q\u00ebllimin q\u00eb banor\u00ebt t\u00eb p\u00ebrfitojn\u00eb nga ky zhvillim.<\/p>\n<p>Berisha shtoi se nj\u00eb tjet\u00ebr prioritet do t\u00eb jet\u00eb krijimi i zonave t\u00eb lira kufitare n\u00eb bashk\u00ebpunim me qeverin\u00eb e Kosov\u00ebs.<\/p>\n<p>\u201cS\u00eb pari, p\u00ebr zonat verilindore do ket\u00eb plan ekonomik p\u00ebr shfryt\u00ebzimin racional t\u00eb t\u00eb gjitha potencialeve dhe burimeve t\u00eb tyre, ku duhet t\u00eb p\u00ebrfitojn\u00eb banor\u00ebt e k\u00ebtyre zonave.<\/p>\n<p>S\u00eb dyti, do b\u00ebjm\u00eb gjith\u00e7ka q\u00eb me qeverin\u00eb e Kosov\u00ebs t\u00eb krijojm\u00eb zona t\u00eb lira kufitare.<\/p>\n<p>S\u00eb treti, do b\u00ebjm\u00eb gjith\u00e7ka q\u00eb t\u00eb subvencionojm\u00eb, t\u00eb mb\u00ebshtesim investimet me leht\u00ebsime taksash.<\/p>\n<p>Un\u00eb u them ju, se ligji i vitit 2013 parashikonte 8 vite pa taksa p\u00ebr investimet n\u00eb zonat malore dhe at\u00eb ligj e anuloi Edi Rama dhe tani e riktheu me Paket\u00ebn e Maleve p\u00ebr t\u2019u dh\u00ebn\u00eb trafikant\u00ebve t\u00eb tij at\u00eb q\u00eb nuk e meritojn\u00eb\u201d, tha Berisha.<\/p>\n<p>&nbsp;<\/p>\n","protected":false},"excerpt":{"rendered":"<p>Lideri i opozit\u00ebs, Sali Berisha, ka paraqitur disa nga planet e tij p\u00ebr zhvillimin ekonomik t\u00eb zonave verilindore t\u00eb Shqip\u00ebris\u00eb gjat\u00eb nj\u00eb bashk\u00ebbisedimi me qytetar\u00ebt n\u00eb rrjetet sociale. Ai theksoi se do t\u00eb krijohet nj\u00eb plan ekonomik p\u00ebr shfryt\u00ebzimin racional t\u00eb burimeve dhe potencialeve t\u00eb k\u00ebtyre zonave, me q\u00ebllimin q\u00eb banor\u00ebt t\u00eb p\u00ebrfitojn\u00eb nga ky &hellip;<\/p>\n","protected":false},"author":4,"featured_media":108047,"comment_status":"closed","ping_status":"closed","sticky":false,"template":"","format":"standard","meta":{"footnotes":""},"categories":[37],"tags":[],"class_list":["post-108046","post","type-post","status-publish","format-standard","has-post-thumbnail","","category-politike"],"_links":{"self":[{"href":"https:\/\/rdnews.al\/index.php\/wp-json\/wp\/v2\/posts\/108046","targetHints":{"allow":["GET"]}}],"collection":[{"href":"https:\/\/rdnews.al\/index.php\/wp-json\/wp\/v2\/posts"}],"about":[{"href":"https:\/\/rdnews.al\/index.php\/wp-json\/wp\/v2\/types\/post"}],"author":[{"embeddable":true,"href":"https:\/\/rdnews.al\/index.php\/wp-json\/wp\/v2\/users\/4"}],"replies":[{"embeddable":true,"href":"https:\/\/rdnews.al\/index.php\/wp-json\/wp\/v2\/comments?post=108046"}],"version-history":[{"count":1,"href":"https:\/\/rdnews.al\/index.php\/wp-json\/wp\/v2\/posts\/108046\/revisions"}],"predecessor-version":[{"id":108048,"href":"https:\/\/rdnews.al\/index.php\/wp-json\/wp\/v2\/posts\/108046\/revisions\/108048"}],"wp:featuredmedia":[{"embeddable":true,"href":"https:\/\/rdnews.al\/index.php\/wp-json\/wp\/v2\/media\/108047"}],"wp:attachment":[{"href":"https:\/\/rdnews.al\/index.php\/wp-json\/wp\/v2\/media?parent=108046"}],"wp:term":[{"taxonomy":"category","embeddable":true,"href":"https:\/\/rdnews.al\/index.php\/wp-json\/wp\/v2\/categories?post=108046"},{"taxonomy":"post_tag","embeddable":true,"href":"https:\/\/rdnews.al\/index.php\/wp-json\/wp\/v2\/tags?post=108046"}],"curies":[{"name":"wp","href":"https:\/\/api.w.org\/{rel}","templated":true}]}}