{"id":108059,"date":"2025-03-22T12:37:47","date_gmt":"2025-03-22T12:37:47","guid":{"rendered":"https:\/\/rdnews.al\/?p=108059"},"modified":"2025-03-22T12:37:47","modified_gmt":"2025-03-22T12:37:47","slug":"berisha-me-ka-frymezuar-shume-donald-tramp-kur-guxoi-te-thote-se-armiku-me-i-rrezikshem-eshte-armiku-i-brendshem","status":"publish","type":"post","link":"https:\/\/rdnews.al\/index.php\/2025\/03\/22\/berisha-me-ka-frymezuar-shume-donald-tramp-kur-guxoi-te-thote-se-armiku-me-i-rrezikshem-eshte-armiku-i-brendshem\/","title":{"rendered":"Berisha: M\u00eb ka frym\u00ebzuar shum\u00eb Donald Tramp kur guxoi t\u00eb thot\u00eb se, armiku m\u00eb i rreziksh\u00ebm \u00ebsht\u00eb armiku i brendsh\u00ebm"},"content":{"rendered":"<p>Kryetari i PD, Sali Berisha iu p\u00ebrgjigj pyetjes s\u00eb nj\u00eb ndjek\u00ebsi i cili e pyeti se kush jan\u00eb politikan\u00eb q\u00eb t\u00eb kan\u00eb frym\u00ebzuar. Berisha tha se, m\u00eb ka frym\u00ebzuar shum\u00eb Donald Tramp kur guxoi t\u00eb thot\u00eb se armiku m\u00eb i rreziksh\u00ebm \u00ebsht\u00eb armiku i brendsh\u00ebm.<br \/>\n\u201cPyetje interesante, sigurisht q\u00eb ka politikan\u00eb q\u00eb m\u00eb kan\u00eb frym\u00ebzuar shum\u00eb.<br \/>\nK\u00ebta politikan\u00eb q\u00eb m\u00eb kan\u00eb frym\u00ebzuar, m\u00eb kan\u00eb frym\u00ebzuar me akte madhore t\u00eb guximit.<br \/>\nM\u00eb ka frym\u00ebzuar shum\u00eb \u00c7\u00ebr\u00e7illi kur thot\u00eb se nuk dor\u00ebzohemi kurr\u00eb por do luftojm\u00eb n\u00eb tok\u00eb, n\u00eb det, n\u00eb aj\u00ebr, n\u00eb nj\u00eb koh\u00eb kur situata ishte d\u00ebshp\u00ebruese p\u00ebr Britanin\u00eb e Madhe.<br \/>\nM\u00eb ka frym\u00ebzuar jasht\u00eb mase Ronald Regan kur deklaroi se \u00e7\u00ebshtja gjermane \u00ebsht\u00eb \u00e7\u00ebshtje e liris\u00eb s\u00eb njer\u00ebzimit, zoti Gorba\u00e7ov rr\u00ebzoj\u00eb k\u00ebt\u00eb mur.<br \/>\nM\u00eb ka frym\u00ebzuar shum\u00eb Donald Tramp kur guxoi t\u00eb thot\u00eb se armiku m\u00eb i rreziksh\u00ebm \u00ebsht\u00eb armiku i brendsh\u00ebm, n\u00eb kuptimin q\u00eb jan\u00eb ata q\u00eb mbanin flamurin e censur\u00ebs, q\u00eb politizonin n\u00eb m\u00ebnyr\u00eb ekstreme drejt\u00ebsin\u00eb, q\u00eb nd\u00ebrmerrnin shkat\u00ebrrimet masive t\u00eb simboleve t\u00eb historis\u00eb s\u00eb SHBA si n\u00eb revolucionin kulturor kinez apo kund\u00ebr kishave dhe xhamive n\u00eb Shqip\u00ebri.<br \/>\nPra, ata q\u00eb m\u00eb kan\u00eb frym\u00ebzuar m\u00eb shum\u00eb kan\u00eb qen\u00eb njer\u00ebzit e vendimeve t\u00eb guximshme.<br \/>\nM\u00eb ka frym\u00ebzuar Martin Luter, q\u00eb para konklav\u00ebs q\u00eb do ta hidhte n\u00eb zjarrin e truve, u thot\u00eb gjykat\u00ebsve se gjith\u00e7ka kam th\u00ebn\u00eb, e kam th\u00ebn\u00eb me nd\u00ebrgjegje t\u00eb plot\u00eb dhe me bindjen time m\u00eb t\u00eb plot\u00eb.<br \/>\nPra, frym\u00ebzuesit e mi m\u00eb t\u00eb m\u00ebdhenj jan\u00eb guximtar\u00ebt m\u00eb t\u00eb m\u00ebdhenj. Un\u00eb ndoshta e kuptova n\u00eb k\u00ebt\u00eb form\u00eb\u201d, tha Berisha.<\/p>\n","protected":false},"excerpt":{"rendered":"<p>Kryetari i PD, Sali Berisha iu p\u00ebrgjigj pyetjes s\u00eb nj\u00eb ndjek\u00ebsi i cili e pyeti se kush jan\u00eb politikan\u00eb q\u00eb t\u00eb kan\u00eb frym\u00ebzuar. Berisha tha se, m\u00eb ka frym\u00ebzuar shum\u00eb Donald Tramp kur guxoi t\u00eb thot\u00eb se armiku m\u00eb i rreziksh\u00ebm \u00ebsht\u00eb armiku i brendsh\u00ebm. \u201cPyetje interesante, sigurisht q\u00eb ka politikan\u00eb q\u00eb m\u00eb kan\u00eb frym\u00ebzuar &hellip;<\/p>\n","protected":false},"author":4,"featured_media":101967,"comment_status":"closed","ping_status":"closed","sticky":false,"template":"","format":"standard","meta":{"footnotes":""},"categories":[37],"tags":[],"class_list":["post-108059","post","type-post","status-publish","format-standard","has-post-thumbnail","","category-politike"],"_links":{"self":[{"href":"https:\/\/rdnews.al\/index.php\/wp-json\/wp\/v2\/posts\/108059","targetHints":{"allow":["GET"]}}],"collection":[{"href":"https:\/\/rdnews.al\/index.php\/wp-json\/wp\/v2\/posts"}],"about":[{"href":"https:\/\/rdnews.al\/index.php\/wp-json\/wp\/v2\/types\/post"}],"author":[{"embeddable":true,"href":"https:\/\/rdnews.al\/index.php\/wp-json\/wp\/v2\/users\/4"}],"replies":[{"embeddable":true,"href":"https:\/\/rdnews.al\/index.php\/wp-json\/wp\/v2\/comments?post=108059"}],"version-history":[{"count":1,"href":"https:\/\/rdnews.al\/index.php\/wp-json\/wp\/v2\/posts\/108059\/revisions"}],"predecessor-version":[{"id":108060,"href":"https:\/\/rdnews.al\/index.php\/wp-json\/wp\/v2\/posts\/108059\/revisions\/108060"}],"wp:featuredmedia":[{"embeddable":true,"href":"https:\/\/rdnews.al\/index.php\/wp-json\/wp\/v2\/media\/101967"}],"wp:attachment":[{"href":"https:\/\/rdnews.al\/index.php\/wp-json\/wp\/v2\/media?parent=108059"}],"wp:term":[{"taxonomy":"category","embeddable":true,"href":"https:\/\/rdnews.al\/index.php\/wp-json\/wp\/v2\/categories?post=108059"},{"taxonomy":"post_tag","embeddable":true,"href":"https:\/\/rdnews.al\/index.php\/wp-json\/wp\/v2\/tags?post=108059"}],"curies":[{"name":"wp","href":"https:\/\/api.w.org\/{rel}","templated":true}]}}