{"id":108074,"date":"2025-03-23T13:20:54","date_gmt":"2025-03-23T13:20:54","guid":{"rendered":"https:\/\/rdnews.al\/?p=108074"},"modified":"2025-03-23T13:20:54","modified_gmt":"2025-03-23T13:20:54","slug":"kryepeshkopi-joanis-po-jetojme-ne-kohe-veshtiresie","status":"publish","type":"post","link":"https:\/\/rdnews.al\/index.php\/2025\/03\/23\/kryepeshkopi-joanis-po-jetojme-ne-kohe-veshtiresie\/","title":{"rendered":"Kryepeshkopi Joanis; Po jetojm\u00eb n\u00eb koh\u00eb v\u00ebshtir\u00ebsie"},"content":{"rendered":"<p>Kryepiskop i Tiran\u00ebs, Durr\u00ebsit dhe gjith\u00eb Shqip\u00ebris\u00eb, Fortlum\u00ebria e Tij, Imzot Joani,meshoi n\u00eb katedralen \u201cNgjallja e Krishtit\u201d n\u00eb Kor\u00e7\u00eb t\u00eb Diel\u00ebn e tret\u00eb t\u00eb Kreshm\u00ebs s\u00eb Madhe, t\u00eb Faljes s\u00eb Kryqit t\u00eb Nderuar.<\/p>\n<p>Nj\u00eb meshim historik, me pjes\u00ebmarrjen e hierarkis\u00eb s\u00eb Kish\u00ebs Orthodhose t\u00eb Shqip\u00ebris\u00eb, ku, Imzot Joani p\u00ebrsh\u00ebndeti grigj\u00ebn e Mitropolis\u00eb s\u00eb Shenjt\u00eb t\u00eb Kor\u00e7\u00ebs, t\u00eb cil\u00ebs i sh\u00ebrbeu me devocion, p\u00ebrkushtim dhe dashuri p\u00ebr 27 vjet.<\/p>\n<p>\u201cSot ne jetojm\u00eb n\u00eb nj\u00eb koh\u00eb v\u00ebshtir\u00ebsie, ndoshta nj\u00eb nga m\u00eb t\u00eb k\u00ebqijat e qytet\u00ebrimit moderrn, \u00ebsht\u00eb mungesa e nj\u00eb jete shpirt\u00ebror. Teknologjia ka arritur kulmin, shum\u00eb gj\u00ebra jan\u00eb zhvilluar e megjithat\u00eb nuk ka g\u00ebzim n\u00eb shpirtrat e njer\u00ebzve, sepse mungon jeta shpir\u00ebt\u00ebrore, mungon drita e v\u00ebrtet\u00eb.<\/p>\n<p>&nbsp;<\/p>\n<p>&nbsp;<\/p>\n<p>Duke mohuar pseudo-veten ne do zbulojm\u00eb veten ton\u00eb, duke ndri\u00e7uar veten ne kemi shpres\u00eb t\u00eb ndri\u00e7ojm\u00eb shum\u00eb njer\u00ebz. Un\u00eb jam i emocionuar, kam sh\u00ebrbyer p\u00ebr 27 vite, dua t\u00eb falenderoj t\u00eb gjith\u00eb klerik\u00ebt dhe besimtar\u00ebt, ndarja p\u00ebr nj\u00eb koh\u00eb kaq t\u00eb gjat\u00eb (sh\u00ebrbese)nuk \u00ebsht\u00eb kaq e leht\u00eb.<\/p>\n<p>Por kjo \u00ebsht\u00eb nj\u00eb ndarje e p\u00ebrkohshme pasi t\u00eb gjith\u00eb besojm\u00eb se do takohemi n\u00eb bot\u00ebn e p\u00ebrtejme\u201d, tha Kryepiskopi i Tiran\u00ebs, Durr\u00ebsit dhe gjith\u00eb Shqip\u00ebris\u00eb, Fortlum\u00ebria e Tij, Imzot Joani.<\/p>\n<p>T\u00eb gjith\u00eb qytetar\u00ebt dhe besimtar\u00ebt pjesmar\u00ebs shpreh\u00ebn mir\u00ebnjohjeje dhe falenderim p\u00ebr kryepeskopin e Tiran\u00ebs,Durr\u00ebsit dhe gjith\u00eb Shqip\u00ebris\u00eb,imzot Johanin.<\/p>\n<p>Pas nj\u00eb sh\u00ebrbese t\u00eb p\u00ebrkushtuar, besimtar\u00ebt q\u00ebndruan p\u00ebr rreth 4 or\u00eb n\u00eb katedrale p\u00ebr t\u00eb marr\u00eb pjes\u00eb n\u00eb Liturgjin\u00eb Hyjnore q\u00eb nisi n\u00eb or\u00ebn 09:00, pas sh\u00ebrbes\u00ebs s\u00eb m\u00ebngjesit q\u00eb u zhvillua n\u00eb or\u00ebn 07:30.<\/p>\n","protected":false},"excerpt":{"rendered":"<p>Kryepiskop i Tiran\u00ebs, Durr\u00ebsit dhe gjith\u00eb Shqip\u00ebris\u00eb, Fortlum\u00ebria e Tij, Imzot Joani,meshoi n\u00eb katedralen \u201cNgjallja e Krishtit\u201d n\u00eb Kor\u00e7\u00eb t\u00eb Diel\u00ebn e tret\u00eb t\u00eb Kreshm\u00ebs s\u00eb Madhe, t\u00eb Faljes s\u00eb Kryqit t\u00eb Nderuar. Nj\u00eb meshim historik, me pjes\u00ebmarrjen e hierarkis\u00eb s\u00eb Kish\u00ebs Orthodhose t\u00eb Shqip\u00ebris\u00eb, ku, Imzot Joani p\u00ebrsh\u00ebndeti grigj\u00ebn e Mitropolis\u00eb s\u00eb Shenjt\u00eb t\u00eb &hellip;<\/p>\n","protected":false},"author":3,"featured_media":108075,"comment_status":"closed","ping_status":"closed","sticky":false,"template":"","format":"standard","meta":{"footnotes":""},"categories":[37],"tags":[],"class_list":["post-108074","post","type-post","status-publish","format-standard","has-post-thumbnail","","category-politike"],"_links":{"self":[{"href":"https:\/\/rdnews.al\/index.php\/wp-json\/wp\/v2\/posts\/108074","targetHints":{"allow":["GET"]}}],"collection":[{"href":"https:\/\/rdnews.al\/index.php\/wp-json\/wp\/v2\/posts"}],"about":[{"href":"https:\/\/rdnews.al\/index.php\/wp-json\/wp\/v2\/types\/post"}],"author":[{"embeddable":true,"href":"https:\/\/rdnews.al\/index.php\/wp-json\/wp\/v2\/users\/3"}],"replies":[{"embeddable":true,"href":"https:\/\/rdnews.al\/index.php\/wp-json\/wp\/v2\/comments?post=108074"}],"version-history":[{"count":1,"href":"https:\/\/rdnews.al\/index.php\/wp-json\/wp\/v2\/posts\/108074\/revisions"}],"predecessor-version":[{"id":108076,"href":"https:\/\/rdnews.al\/index.php\/wp-json\/wp\/v2\/posts\/108074\/revisions\/108076"}],"wp:featuredmedia":[{"embeddable":true,"href":"https:\/\/rdnews.al\/index.php\/wp-json\/wp\/v2\/media\/108075"}],"wp:attachment":[{"href":"https:\/\/rdnews.al\/index.php\/wp-json\/wp\/v2\/media?parent=108074"}],"wp:term":[{"taxonomy":"category","embeddable":true,"href":"https:\/\/rdnews.al\/index.php\/wp-json\/wp\/v2\/categories?post=108074"},{"taxonomy":"post_tag","embeddable":true,"href":"https:\/\/rdnews.al\/index.php\/wp-json\/wp\/v2\/tags?post=108074"}],"curies":[{"name":"wp","href":"https:\/\/api.w.org\/{rel}","templated":true}]}}