{"id":108097,"date":"2025-03-24T09:38:42","date_gmt":"2025-03-24T09:38:42","guid":{"rendered":"https:\/\/rdnews.al\/?p=108097"},"modified":"2025-03-24T09:38:42","modified_gmt":"2025-03-24T09:38:42","slug":"berisha-takohet-me-eurodeputeten-e-forza-italia","status":"publish","type":"post","link":"https:\/\/rdnews.al\/index.php\/2025\/03\/24\/berisha-takohet-me-eurodeputeten-e-forza-italia\/","title":{"rendered":"Berisha takohet me eurodeputeten e Forza Italia"},"content":{"rendered":"<p>Kryetari i Partis\u00eb Demokratike, Sali Berisha ka zhvilluar nj\u00eb takim\u00a0me znj. Annarita Patriarca, eurodeputete e Forza Italia.<\/p>\n<p>N\u00eb postimin e tij n\u00eb Facebook, Berisha thekson se, Znj. Patriarca mban detyrat si Sekretare e Presidenc\u00ebs s\u00eb Dhom\u00ebs s\u00eb Deputet\u00ebve, Sekretare e Komitetit p\u00ebr Barazin\u00eb e Mund\u00ebsive dhe An\u00ebtare e Komisioneve: Komisioni p\u00ebr Covid-in, Komisioni i Drejt\u00ebsis\u00eb, Komisioni p\u00ebr \u00c7\u00ebshtjet Sociale, Komisioni p\u00ebr Feminizidin, Komiteti p\u00ebr \u00c7\u00ebshtjet e Personelit.<\/p>\n<p><strong>Postimi <\/strong><\/p>\n<p>N\u00eb foto me znj. Annarita Patriarca, deputete e Forza Italia n\u00eb Parlamentin Italian. Diskutuam mbi zhvillimet e fundit ekonomike dhe politike, si dhe r\u00ebnd\u00ebsin\u00eb e bashk\u00ebpunimit p\u00ebr \u00e7\u00ebshtje me interes t\u00eb p\u00ebrbashk\u00ebt.<\/p>\n<p>Znj. Patriarca po ashtu mban detyrat si Sekretare e Presidenc\u00ebs s\u00eb Dhom\u00ebs s\u00eb Deputet\u00ebve, Sekretare e Komitetit p\u00ebr Barazin\u00eb e Mund\u00ebsive dhe An\u00ebtare e Komisioneve: Komisioni p\u00ebr Covid-in, Komisioni i Drejt\u00ebsis\u00eb, Komisioni p\u00ebr \u00c7\u00ebshtjet Sociale, Komisioni p\u00ebr Feminizidin, Komiteti p\u00ebr \u00c7\u00ebshtjet e Personelit.<\/p>\n<p>Mir\u00ebnjoh\u00ebs p\u00ebr mb\u00ebshtetjen dhe vizionin e saj n\u00eb forcimin e demokracis\u00eb dhe zhvillimit n\u00eb rajonin ton\u00eb!<\/p>\n","protected":false},"excerpt":{"rendered":"<p>Kryetari i Partis\u00eb Demokratike, Sali Berisha ka zhvilluar nj\u00eb takim\u00a0me znj. Annarita Patriarca, eurodeputete e Forza Italia. N\u00eb postimin e tij n\u00eb Facebook, Berisha thekson se, Znj. Patriarca mban detyrat si Sekretare e Presidenc\u00ebs s\u00eb Dhom\u00ebs s\u00eb Deputet\u00ebve, Sekretare e Komitetit p\u00ebr Barazin\u00eb e Mund\u00ebsive dhe An\u00ebtare e Komisioneve: Komisioni p\u00ebr Covid-in, Komisioni i Drejt\u00ebsis\u00eb, &hellip;<\/p>\n","protected":false},"author":4,"featured_media":108098,"comment_status":"closed","ping_status":"closed","sticky":false,"template":"","format":"standard","meta":{"footnotes":""},"categories":[37],"tags":[],"class_list":["post-108097","post","type-post","status-publish","format-standard","has-post-thumbnail","","category-politike"],"_links":{"self":[{"href":"https:\/\/rdnews.al\/index.php\/wp-json\/wp\/v2\/posts\/108097","targetHints":{"allow":["GET"]}}],"collection":[{"href":"https:\/\/rdnews.al\/index.php\/wp-json\/wp\/v2\/posts"}],"about":[{"href":"https:\/\/rdnews.al\/index.php\/wp-json\/wp\/v2\/types\/post"}],"author":[{"embeddable":true,"href":"https:\/\/rdnews.al\/index.php\/wp-json\/wp\/v2\/users\/4"}],"replies":[{"embeddable":true,"href":"https:\/\/rdnews.al\/index.php\/wp-json\/wp\/v2\/comments?post=108097"}],"version-history":[{"count":1,"href":"https:\/\/rdnews.al\/index.php\/wp-json\/wp\/v2\/posts\/108097\/revisions"}],"predecessor-version":[{"id":108099,"href":"https:\/\/rdnews.al\/index.php\/wp-json\/wp\/v2\/posts\/108097\/revisions\/108099"}],"wp:featuredmedia":[{"embeddable":true,"href":"https:\/\/rdnews.al\/index.php\/wp-json\/wp\/v2\/media\/108098"}],"wp:attachment":[{"href":"https:\/\/rdnews.al\/index.php\/wp-json\/wp\/v2\/media?parent=108097"}],"wp:term":[{"taxonomy":"category","embeddable":true,"href":"https:\/\/rdnews.al\/index.php\/wp-json\/wp\/v2\/categories?post=108097"},{"taxonomy":"post_tag","embeddable":true,"href":"https:\/\/rdnews.al\/index.php\/wp-json\/wp\/v2\/tags?post=108097"}],"curies":[{"name":"wp","href":"https:\/\/api.w.org\/{rel}","templated":true}]}}