{"id":108121,"date":"2025-03-24T10:51:30","date_gmt":"2025-03-24T10:51:30","guid":{"rendered":"https:\/\/rdnews.al\/?p=108121"},"modified":"2025-03-24T10:55:00","modified_gmt":"2025-03-24T10:55:00","slug":"na-marshin-te-keqen","status":"publish","type":"post","link":"https:\/\/rdnews.al\/index.php\/2025\/03\/24\/na-marshin-te-keqen\/","title":{"rendered":"&#8220;Na marshin t\u00eb keqen&#8221;!"},"content":{"rendered":"<p><strong>Nga Ilir LEVONJA<\/strong><\/p>\n<p>Na marshin t\u00eb keqen, thot\u00eb kryeministri i vendit. Dhe pastaj vazhdon &#8221;bufi i k\u00ebnet\u00ebs&#8221;, &#8221;balta&#8221; ata q\u00eb nuk na duan, horrat, e b\u00ebm ne reform\u00ebn n\u00eb drejt\u00ebsi dhe se ata q\u00eb jan\u00eb arrestuar jan\u00eb me gishta etj. Reforma n\u00eb drejt\u00ebsi u miratua n\u00eb korrik 2016 me votat e plota t\u00eb Kuvendit t\u00eb Shqip\u00ebris\u00eb, pra plot 140 t\u00eb tilla dhe ata ishin sa rilindas aq edhe demokrat\u00eb etj. K\u00ebsisoj reform\u00ebn n\u00eb drejt\u00ebsi nuk e b\u00ebre ti, ishte vullnet radikal i politik\u00ebs n\u00eb t\u00ebr\u00ebsi dhe kjo fal edhe nj\u00eb presioni nd\u00ebrkomb\u00ebtar me n\u00eb krye Amerik\u00ebn.<\/p>\n<p>Ti u p\u00ebrpoqe ta kapje dhe ia arrite deri diku, aq sot me t\u00eb nj\u00ebjtat metoda enveriste po burgos gjithk\u00ebnd q\u00eb t\u00eb del p\u00ebrpara. Kjo reform\u00eb ishte sa e domosdoshme aq edhe e dhimbshme pik\u00ebrisht p\u00ebr faktin e p\u00ebrdorimit pasi standarti i juristit shqiptar \u00ebsht\u00eb p\u00ebrtok\u00eb, m\u00eb shum\u00eb i politizuar se sa i pavarur. P\u00ebr m\u00eb dhjer\u00eb akoma, i bler\u00eb kok\u00eb e k\u00ebmb\u00eb. Pa p\u00ebrmendur faktin q\u00eb qytete me asht kan\u00eb mbetur pa Insitucionet themelore ku p\u00ebrfshihen edhe t\u00eb drejt\u00ebsis\u00eb. Kjo na b\u00ebri edhe gaz i bot\u00ebs pik\u00ebrisht p\u00ebr luft\u00ebn e ashp\u00ebr politike, por n\u00eb t\u00eb nj\u00ebjt\u00ebn koh\u00eb nxorri edhe nj\u00eb papjekuri kolektive t\u00eb shteb\u00ebrjes, sikurse edhe me Gjykat\u00ebn Speciale n\u00eb Kosov\u00eb.<\/p>\n<p>Po \u00e7far\u00eb t\u00eb keqe t\u00eb marrin m\u00eb, shqiptar\u00ebt ty, nuk din\u00eb ku jan\u00eb, nuk kan\u00eb aspak m\u00eb ndjesi qytetare karshi vot\u00ebs, madje nj\u00eb ministrja jote patronazhiste deklaron briutalisht se pun\u00eb e madhe n\u00ebse ka njer\u00ebz q\u00eb nuk duan t\u00eb votojn\u00eb. Vdekje totale e p\u00ebrgjegj\u00ebsis\u00eb qytetare. Pra \u00e7far\u00eb t\u00eb keqe t\u00eb t\u00eb marrin ty. Se edhe ata shqiptar\u00eb jan\u00eb dhe n\u00ebse Kushteta ekziston sa koh\u00eb je n\u00eb at\u00eb mut karrike, ti je edhe kryeminist\u00ebr p\u00ebr ata. Kur e d\u00ebnuan publikisht Musine Kokalarin, ajo tha, shkoqur, jam e pafajshme pasi fakti q\u00eb un\u00eb e dua ndryshe atdheun tim nuk m\u00eb b\u00ebn fajtore.<\/p>\n<p>K\u00ebsisoj edhe puna jote masiv i madh leshi i bardh\u00eb. P\u00ebr \u00e7far\u00eb t\u00eb keqe t\u00eb t\u00eb marrin ty m\u00eb, kur Shqip\u00ebria po vdes, po vdes nga pak p\u00ebrdit\u00eb. Nuk ka mbetur m\u00eb shqiptar\u00eb fshatrave t\u00eb P\u00ebrmetit dhe po k\u00ebtij P\u00ebrmeti ia b\u00ebfsha n\u00eb kok\u00eb q\u00eb t\u00eb voton ty. Nuk ka mbetur m\u00eb shqiptar\u00eb fshatrave t\u00eb Skraparit dhe po k\u00ebtij Skrapari ia b\u00ebfsha n\u00eb kok\u00eb q\u00eb t\u00eb jep vot\u00ebn. K\u00ebshtu Tepelena, k\u00ebshtu Memaliaj se, Gjirokastra dhe Saranda e kan\u00eb gjetur zgjidhjen, jan\u00eb greqizuar pavarsisht &#8221;patriotizmit&#8221; t\u00eb madh me britmat alla Bigbrother.<\/p>\n<p>\u00c7far\u00eb t\u00eb keqe t\u00eb marrin m\u00eb, jan\u00eb nga 19 vje\u00e7 dhe e kan\u00eb mendjen t\u00eb ikin, e kan\u00eb mendjen t\u00eb dhunojn\u00eb nj\u00ebri-tjetrin, ta han\u00eb, ta telendisin dhe pse jan\u00eb t\u00eb nj\u00eb gjaku dhe prap\u00eb nuk ngopen. Esht\u00eb kthyer bindja politike n\u00eb luft\u00eb civile, n\u00eb nj\u00eb luft\u00eb t\u00eb frikshme, shqiptar\u00ebt nuk din\u00eb se kujt i p\u00ebrkasin politikave sociale apo ushtarit t\u00eb partis\u00eb. Dhe ti nuk ke turp dhe k\u00ebrkon mandat t\u00eb kat\u00ebrt. esht\u00eb vraje veten, ore&#8230;, nuk ka m\u00eb d\u00ebshir\u00eb p\u00ebr jet\u00eb, por p\u00ebr dhun\u00eb. T\u00eb rrahin publikisht dhe me d\u00ebshir\u00eb kafshe vet\u00ebm pse nuk mendon si ty.<\/p>\n<p>N\u00eb gjith\u00eb bot\u00ebn demokratike kryeminstrat i japin llogari qytetarit p\u00ebrmes panelit t\u00eb gazetar\u00ebve, ti i ke fikur t\u00eb gjith\u00eb, del e llomotit me poacastet e tua, flet e b\u00ebrtet p\u00ebr \u00e7far\u00eb ta do palla dhe k\u00ebnaqesh kur sheh plot turma q\u00eb ta kan\u00eb frik\u00ebn. Shqip\u00ebria po vdes dhe ti thua t\u00eb na marrin t\u00eb keqen, \u00e7far\u00eb t\u00eb keqe m\u00eb. Po vdes, gjall\u00eb \u00ebsht\u00eb Beogradi q\u00eb ka 3 muaj q\u00eb nuk tutet shesheve, gjall\u00eb \u00ebsht\u00eb Stambolli, Ankaraja.<\/p>\n<p>Kush t\u00eb ta marri ty t\u00eb keqen se ai q\u00eb qelb je i gjithi ti, ke me pushtet q\u00eb nga viti 1998 dhe shqiptar\u00ebt e budallepsur akoma t\u00eb d\u00ebgjojn\u00eb kur flet p\u00ebr pasaport\u00eb europiane, p\u00ebr uj\u00eb e drita nj\u00ebzet\u00eb e kat\u00ebr or\u00eb. Shqip\u00ebria sot ngjan me nj\u00eb nd\u00ebrrmarje socialiste, nj\u00eb nd\u00ebrrmarrje p\u00ebr skrap dhe ti ul\u00ebret na marrshin t\u00eb keqen. Pik\u00eb e zez\u00eb.<\/p>\n","protected":false},"excerpt":{"rendered":"<p>Nga Ilir LEVONJA Na marshin t\u00eb keqen, thot\u00eb kryeministri i vendit. Dhe pastaj vazhdon &#8221;bufi i k\u00ebnet\u00ebs&#8221;, &#8221;balta&#8221; ata q\u00eb nuk na duan, horrat, e b\u00ebm ne reform\u00ebn n\u00eb drejt\u00ebsi dhe se ata q\u00eb jan\u00eb arrestuar jan\u00eb me gishta etj. Reforma n\u00eb drejt\u00ebsi u miratua n\u00eb korrik 2016 me votat e plota t\u00eb Kuvendit t\u00eb &hellip;<\/p>\n","protected":false},"author":4,"featured_media":93872,"comment_status":"closed","ping_status":"closed","sticky":false,"template":"","format":"standard","meta":{"footnotes":""},"categories":[44],"tags":[],"class_list":["post-108121","post","type-post","status-publish","format-standard","has-post-thumbnail","","category-editorial"],"_links":{"self":[{"href":"https:\/\/rdnews.al\/index.php\/wp-json\/wp\/v2\/posts\/108121","targetHints":{"allow":["GET"]}}],"collection":[{"href":"https:\/\/rdnews.al\/index.php\/wp-json\/wp\/v2\/posts"}],"about":[{"href":"https:\/\/rdnews.al\/index.php\/wp-json\/wp\/v2\/types\/post"}],"author":[{"embeddable":true,"href":"https:\/\/rdnews.al\/index.php\/wp-json\/wp\/v2\/users\/4"}],"replies":[{"embeddable":true,"href":"https:\/\/rdnews.al\/index.php\/wp-json\/wp\/v2\/comments?post=108121"}],"version-history":[{"count":2,"href":"https:\/\/rdnews.al\/index.php\/wp-json\/wp\/v2\/posts\/108121\/revisions"}],"predecessor-version":[{"id":108123,"href":"https:\/\/rdnews.al\/index.php\/wp-json\/wp\/v2\/posts\/108121\/revisions\/108123"}],"wp:featuredmedia":[{"embeddable":true,"href":"https:\/\/rdnews.al\/index.php\/wp-json\/wp\/v2\/media\/93872"}],"wp:attachment":[{"href":"https:\/\/rdnews.al\/index.php\/wp-json\/wp\/v2\/media?parent=108121"}],"wp:term":[{"taxonomy":"category","embeddable":true,"href":"https:\/\/rdnews.al\/index.php\/wp-json\/wp\/v2\/categories?post=108121"},{"taxonomy":"post_tag","embeddable":true,"href":"https:\/\/rdnews.al\/index.php\/wp-json\/wp\/v2\/tags?post=108121"}],"curies":[{"name":"wp","href":"https:\/\/api.w.org\/{rel}","templated":true}]}}