{"id":108126,"date":"2025-03-24T11:05:14","date_gmt":"2025-03-24T11:05:14","guid":{"rendered":"https:\/\/rdnews.al\/?p=108126"},"modified":"2025-03-24T11:06:03","modified_gmt":"2025-03-24T11:06:03","slug":"kryetari-i-burgosur-i-stambollit-shpallet-kandidat-presidencial-i-opozites-ne-turqi","status":"publish","type":"post","link":"https:\/\/rdnews.al\/index.php\/2025\/03\/24\/kryetari-i-burgosur-i-stambollit-shpallet-kandidat-presidencial-i-opozites-ne-turqi\/","title":{"rendered":"Kryetari i burgosur i Stambollit shpallet kandidat presidencial i opozit\u00ebs n\u00eb Turqi"},"content":{"rendered":"<p>Ekrem Imamoglu i Stambollit u em\u00ebrua zyrtarisht si kandidat presidencial nga partia opozitare CHP p\u00ebr zgjedhjet e vitit 2028, tha nj\u00eb z\u00ebdh\u00ebn\u00ebs i partis\u00eb p\u00ebr AFP t\u00eb h\u00ebn\u00ebn.<\/p>\n<p>Partia Popullore Republikane (CHP) \u2013 partia kryesore e opozit\u00ebs dhe partia e dyt\u00eb m\u00eb e madhe n\u00eb parlament \u2013 mbajti zgjedhjet paraprake t\u00eb diel\u00ebn, n\u00eb t\u00eb cilat kandidati i vet\u00ebm ishte Imamoglu, rivali kryesor politik i presidentit Rexhep Tajip Erdogan.<\/p>\n<p>Imamoglu u arrestua, u mor n\u00eb pyetje, u burgos dhe u hoq nga posti i kryetarit t\u00eb bashkis\u00eb n\u00eb m\u00eb pak se nj\u00eb jav\u00eb pas nj\u00eb hetimi p\u00ebr korrupsion dhe terror q\u00eb opozita e ka cil\u00ebsuar si nj\u00eb \u201cgrusht shteti\u201d politik.<\/p>\n<p>Si pasoj\u00eb, atje kan\u00eb shp\u00ebrthyer protestat, me mij\u00ebra njer\u00ebz q\u00eb mbush\u00ebn rrug\u00ebt e Stambollit t\u00eb diel\u00ebn n\u00eb nat\u00ebn e pest\u00eb t\u00eb demonstratave.<\/p>\n<p>Duke raportuar nga Stambolli t\u00eb diel\u00ebn n\u00eb mbr\u00ebmje, korrespondentja e Sky News, Alex Crawford i p\u00ebrshkroi protestat si \u201crelativisht paq\u00ebsore\u201d por tha se ato ishin \u201cprotestat m\u00eb t\u00eb m\u00ebdha q\u00eb Turqia ka par\u00eb n\u00eb m\u00eb shum\u00eb se nj\u00eb dekad\u00eb\u201d.<\/p>\n","protected":false},"excerpt":{"rendered":"<p>Ekrem Imamoglu i Stambollit u em\u00ebrua zyrtarisht si kandidat presidencial nga partia opozitare CHP p\u00ebr zgjedhjet e vitit 2028, tha nj\u00eb z\u00ebdh\u00ebn\u00ebs i partis\u00eb p\u00ebr AFP t\u00eb h\u00ebn\u00ebn. Partia Popullore Republikane (CHP) \u2013 partia kryesore e opozit\u00ebs dhe partia e dyt\u00eb m\u00eb e madhe n\u00eb parlament \u2013 mbajti zgjedhjet paraprake t\u00eb diel\u00ebn, n\u00eb t\u00eb cilat &hellip;<\/p>\n","protected":false},"author":4,"featured_media":108127,"comment_status":"closed","ping_status":"closed","sticky":false,"template":"","format":"standard","meta":{"footnotes":""},"categories":[38],"tags":[],"class_list":["post-108126","post","type-post","status-publish","format-standard","has-post-thumbnail","","category-bota"],"_links":{"self":[{"href":"https:\/\/rdnews.al\/index.php\/wp-json\/wp\/v2\/posts\/108126","targetHints":{"allow":["GET"]}}],"collection":[{"href":"https:\/\/rdnews.al\/index.php\/wp-json\/wp\/v2\/posts"}],"about":[{"href":"https:\/\/rdnews.al\/index.php\/wp-json\/wp\/v2\/types\/post"}],"author":[{"embeddable":true,"href":"https:\/\/rdnews.al\/index.php\/wp-json\/wp\/v2\/users\/4"}],"replies":[{"embeddable":true,"href":"https:\/\/rdnews.al\/index.php\/wp-json\/wp\/v2\/comments?post=108126"}],"version-history":[{"count":3,"href":"https:\/\/rdnews.al\/index.php\/wp-json\/wp\/v2\/posts\/108126\/revisions"}],"predecessor-version":[{"id":108130,"href":"https:\/\/rdnews.al\/index.php\/wp-json\/wp\/v2\/posts\/108126\/revisions\/108130"}],"wp:featuredmedia":[{"embeddable":true,"href":"https:\/\/rdnews.al\/index.php\/wp-json\/wp\/v2\/media\/108127"}],"wp:attachment":[{"href":"https:\/\/rdnews.al\/index.php\/wp-json\/wp\/v2\/media?parent=108126"}],"wp:term":[{"taxonomy":"category","embeddable":true,"href":"https:\/\/rdnews.al\/index.php\/wp-json\/wp\/v2\/categories?post=108126"},{"taxonomy":"post_tag","embeddable":true,"href":"https:\/\/rdnews.al\/index.php\/wp-json\/wp\/v2\/tags?post=108126"}],"curies":[{"name":"wp","href":"https:\/\/api.w.org\/{rel}","templated":true}]}}