{"id":108215,"date":"2025-03-24T20:49:28","date_gmt":"2025-03-24T20:49:28","guid":{"rendered":"https:\/\/rdnews.al\/?p=108215"},"modified":"2025-03-24T20:49:28","modified_gmt":"2025-03-24T20:49:28","slug":"darka-e-nje-sekti-te-mirefillte-mafioz","status":"publish","type":"post","link":"https:\/\/rdnews.al\/index.php\/2025\/03\/24\/darka-e-nje-sekti-te-mirefillte-mafioz\/","title":{"rendered":"Darka e \u201cnj\u00eb sekti\u201d t\u00eb mir\u00ebfillt\u00eb mafioz!"},"content":{"rendered":"<div id=\"rekl-49\">Skandali Llagami -Bushka thellohet edhe m\u00eb tej. Personazhe t\u00eb r\u00ebnd\u00ebsish\u00ebm t\u00eb sistemit t\u00eb drejt\u00ebsis\u00eb, sikurse dhe Kryeinspektori Artur Metani duket se jan\u00eb pjes\u00eb e \u201cnj\u00eb sekti\u201d t\u00eb mir\u00ebfillt\u00eb mafioz, q\u00eb synon nga nj\u00ebra an\u00eb kapjen e sistemit t\u00eb drejt\u00ebsis\u00eb, e nga ana tjet\u00ebr kryerjen e pun\u00ebs p\u00ebr statistika, duke i r\u00ebn\u00eb n\u00eb qaf\u00eb subjekteve p\u00ebr inate personale, apo edhe thjesht p\u00ebr t\u2019i shp\u00ebtuar hetimit nga SPAK e GJKKO.<\/div>\n<div class=\"readmore-text-here\">\n<p>\u201cOra News\u201d edhe m\u00eb her\u00ebt ka sjell\u00eb foto t\u00eb Kryeinspektorit Metani n\u00eb nj\u00eb dark\u00eb n\u00eb ambiente private me kryetaren e Komisionit t\u00eb Ligjeve, Klotilda Bushka dhe ish-kryetaren e KLGJ-s\u00eb, Naureda Llagami.<\/p>\n<p>Nj\u00ebkoh\u00ebsisht, ka sjell\u00eb edhe \u201cfoto-biseda\u201d t\u00eb v\u00ebna n\u00eb dispozicion nga nj\u00eb qytetar q\u00eb kan\u00eb t\u00eb b\u00ebjn\u00eb me nj\u00eb bisedim n\u00eb grup n\u00eb \u201cWhatsApp\u201d mes tre krer\u00ebve (n\u00eb papajtueshm\u00ebri t\u00eb hapur me nj\u00ebri-tjetrin p\u00ebr shkak funksioni).<\/p>\n<p>Por duket se skandali thellohet m\u00eb tej. Artur Metani, i cili \u00ebsht\u00eb akuzuar nga opozita prej koh\u00ebsh dhe q\u00eb dyshohet se \u00ebsht\u00eb n\u00ebn hetim n\u00eb SPAK edhe p\u00ebr dosjen e incinerator\u00ebve, p\u00ebrflitet n\u00eb mesazhe nga Kryetarja e KLGJ-s\u00eb se \u201cka hallet e tij\u201d, pik\u00ebrisht sepse \u00ebsht\u00eb n\u00ebn hetim e p\u00ebr k\u00ebt\u00eb shkak \u00e7on n\u00eb KLGJ raste t\u00eb pakuptimta.<\/p>\n<p>K\u00ebshtu Naureda Llagami shfaqet n\u00eb komunikimet m\u00eb posht\u00eb se thot\u00eb q\u00eb \u201cTuri (Artur Metani) ka hallin e vet\u201d.<\/p>\n<p><img decoding=\"async\" src=\"https:\/\/www.syri.net\/uploads\/syri.net\/images\/2025\/March\/24\/auto_-640-0-whatsapp-image-2025-03-24-at-184401-17428438371742845266.jpeg\" alt=\"Image\" \/><\/p>\n<p><img decoding=\"async\" src=\"https:\/\/www.syri.net\/uploads\/syri.net\/images\/2025\/March\/24\/auto_-640-0-whatsapp-image-2025-03-24-at-184401-1-17428438361742845291.jpeg\" alt=\"Image\" \/><\/p>\n<p><img decoding=\"async\" src=\"https:\/\/www.syri.net\/uploads\/syri.net\/images\/2025\/March\/24\/auto_-640-0-whatsapp-image-2025-03-24-at-184401-2-17428438361742845304.jpeg\" alt=\"Image\" \/><\/p>\n<p>A mos n\u00ebnkupton kjo nj\u00eb fraksion t\u00eb nj\u00eb dosjeje n\u00ebn hetim nga SPAK?<\/p>\n<p>Pik\u00ebrisht p\u00ebr k\u00ebt\u00eb shkak nuk merret me peshkaqen\u00eb t\u00eb drejt\u00ebsis\u00eb, por me gjyqtar\u00eb e prokuror\u00eb pa mb\u00ebshtetje. P\u00ebrmendet k\u00ebtu p\u00ebr shembull emri i Ka\u00e7e Agollit, ish-gjyqtare n\u00eb Gjykat\u00ebn e Tiran\u00ebs.<\/p>\n<p>Madje, po ky inspektor, p\u00ebr inate personale t\u00eb lindura gjat\u00eb nj\u00eb udh\u00ebtimi n\u00eb SHBA n\u00eb n\u00ebntor 2023, \u00ebsht\u00eb duke proceduar dy her\u00eb brenda nj\u00eb periudhe t\u00eb shkurt\u00ebr, nj\u00eb drejtues prokurorie t\u00eb nj\u00eb rrethi gjyq\u00ebsor.<\/p>\n<p>Aq e r\u00ebnd\u00eb \u00ebsht\u00eb situata e Kryeinspektorit dhe hetimeve ndaj tij q\u00eb ka vite q\u00eb zgjasin, saq\u00eb ish-kryetarja e KLGJ-s\u00eb Llagami, shprehet n\u00eb mesazhe se \u201c\u00ebsht\u00eb mir\u00eb t\u2019ia plas\u00ebsh Ild\u00ebs (Klotilda Bushk\u00ebs)\u201d p\u00ebr Metanin, qoft\u00eb sepse sillet si sh\u00ebrb\u00ebtor i interesave t\u00eb PS-s\u00eb, qoft\u00eb sepse si nj\u00eb person q\u00eb p\u00ebr shkak t\u00eb hetimeve t\u00eb SPAK ndaj tij, \u00ebsht\u00eb i detyruar t\u00eb k\u00ebrcej\u00eb p\u00ebr partin\u00eb n\u00eb pushtet, si\u00e7 \u201ck\u00ebrcen prifti nga belaja\u201d.<\/p>\n<p>Artur Metani, ai q\u00eb supozohej t\u00eb ishte \u201cdora e hekurt\u201d mbik\u00ebqyr\u00ebse mbi sistemin e drejt\u00ebsis\u00eb, \u00ebsht\u00eb thjesht nj\u00eb mekaniz\u00ebm i qeveris\u00eb p\u00ebr t\u00eb mbrojtur ata q\u00eb i sh\u00ebrbejn\u00eb k\u00ebsaj qeverie e p\u00ebr t\u00eb atakuar ata q\u00eb nuk i sh\u00ebrbejn\u00eb.<\/p>\n<p>Kryeinspektori, Artur Metani, benjamini i qeveris\u00eb n\u00eb sistemin e drejt\u00ebsis\u00eb disa her\u00eb n\u00ebn hetim nga SPAK, k\u00ebrcen ashtu \u201csi prifti nga belaja\u201d!<\/p>\n<\/div>\n","protected":false},"excerpt":{"rendered":"<p>Skandali Llagami -Bushka thellohet edhe m\u00eb tej. Personazhe t\u00eb r\u00ebnd\u00ebsish\u00ebm t\u00eb sistemit t\u00eb drejt\u00ebsis\u00eb, sikurse dhe Kryeinspektori Artur Metani duket se jan\u00eb pjes\u00eb e \u201cnj\u00eb sekti\u201d t\u00eb mir\u00ebfillt\u00eb mafioz, q\u00eb synon nga nj\u00ebra an\u00eb kapjen e sistemit t\u00eb drejt\u00ebsis\u00eb, e nga ana tjet\u00ebr kryerjen e pun\u00ebs p\u00ebr statistika, duke i r\u00ebn\u00eb n\u00eb qaf\u00eb subjekteve p\u00ebr &hellip;<\/p>\n","protected":false},"author":4,"featured_media":108216,"comment_status":"closed","ping_status":"closed","sticky":false,"template":"","format":"standard","meta":{"footnotes":""},"categories":[37],"tags":[],"class_list":["post-108215","post","type-post","status-publish","format-standard","has-post-thumbnail","","category-politike"],"_links":{"self":[{"href":"https:\/\/rdnews.al\/index.php\/wp-json\/wp\/v2\/posts\/108215","targetHints":{"allow":["GET"]}}],"collection":[{"href":"https:\/\/rdnews.al\/index.php\/wp-json\/wp\/v2\/posts"}],"about":[{"href":"https:\/\/rdnews.al\/index.php\/wp-json\/wp\/v2\/types\/post"}],"author":[{"embeddable":true,"href":"https:\/\/rdnews.al\/index.php\/wp-json\/wp\/v2\/users\/4"}],"replies":[{"embeddable":true,"href":"https:\/\/rdnews.al\/index.php\/wp-json\/wp\/v2\/comments?post=108215"}],"version-history":[{"count":1,"href":"https:\/\/rdnews.al\/index.php\/wp-json\/wp\/v2\/posts\/108215\/revisions"}],"predecessor-version":[{"id":108217,"href":"https:\/\/rdnews.al\/index.php\/wp-json\/wp\/v2\/posts\/108215\/revisions\/108217"}],"wp:featuredmedia":[{"embeddable":true,"href":"https:\/\/rdnews.al\/index.php\/wp-json\/wp\/v2\/media\/108216"}],"wp:attachment":[{"href":"https:\/\/rdnews.al\/index.php\/wp-json\/wp\/v2\/media?parent=108215"}],"wp:term":[{"taxonomy":"category","embeddable":true,"href":"https:\/\/rdnews.al\/index.php\/wp-json\/wp\/v2\/categories?post=108215"},{"taxonomy":"post_tag","embeddable":true,"href":"https:\/\/rdnews.al\/index.php\/wp-json\/wp\/v2\/tags?post=108215"}],"curies":[{"name":"wp","href":"https:\/\/api.w.org\/{rel}","templated":true}]}}