{"id":108340,"date":"2025-03-26T11:47:26","date_gmt":"2025-03-26T11:47:26","guid":{"rendered":"https:\/\/rdnews.al\/?p=108340"},"modified":"2025-03-26T11:47:26","modified_gmt":"2025-03-26T11:47:26","slug":"tifozat-kuq-e-zi-proteste-para-fshf-mjaft-me-me-pazaret-e-erreta","status":"publish","type":"post","link":"https:\/\/rdnews.al\/index.php\/2025\/03\/26\/tifozat-kuq-e-zi-proteste-para-fshf-mjaft-me-me-pazaret-e-erreta\/","title":{"rendered":"\u201cTifozat Kuq e Zi\u201d protest\u00eb para FSHF: Mjaft m\u00eb me pazaret e err\u00ebta!"},"content":{"rendered":"<p>Tifozat Kuq e Zi kan\u00eb protestuar para Federat\u00ebs s\u00eb Futbollit t\u00eb Shqip\u00ebris\u00eb. Ata vendos\u00ebn nj\u00eb pankart\u00eb me mbishkrimin \u201cDjemt\u00eb e zgjedhur t\u00eb Arb\u00ebris\u00eb, kund\u00ebr pazareve n\u00eb em\u00ebr t\u00eb Shqipnis\u00eb\u201d.<\/p>\n<p>Ishte mesazh kund\u00ebr Evropianit t\u00eb p\u00ebrbashk\u00ebt Shqip\u00ebri \u2013 Serbi.<\/p>\n<p>\u201cMjaft m\u00eb me pazaret e err\u00ebta! Ju nuk p\u00ebrfaq\u00ebsoni z\u00ebrin e tifoz\u00ebve, por interesat personale. Duam futboll t\u00eb past\u00ebr, jo modern, duam transparenc\u00eb. \u2018Djemt\u00eb e zgjedhur t\u00eb Arb\u00ebris\u00eb, kund\u00ebr pazareve n\u00eb em\u00ebr t\u00eb Shqipnis\u00eb\u2019. Ju nuk jeni mbi flamurin, popullin dhe mbi ne. Z\u00ebri yn\u00eb nuk do t\u00eb \u2018shteroj\u00eb\u2019 kurr\u00eb kundrejt padrejt\u00ebsive\u2026 Shqip\u00ebria kurr\u00eb nuk shitet!\u201d, shkruan n\u00eb postimin e tifo-grupit n\u00eb p\u00ebrkrahje t\u00eb Shqip\u00ebris\u00eb.<\/p>\n<p>N\u00eb shenj\u00eb proteste, Tifozat Kuq e Zi, l\u00ebshuan t\u00eb h\u00ebn\u00ebn stadiumin gjat\u00eb ndeshjes kualifikuese p\u00ebr Kup\u00ebn e Bot\u00ebs 2026, Shqip\u00ebri \u2013 Andorr\u00eb.<\/p>\n<p>Gjat\u00eb ndeshjes ndaj Andorr\u00ebs, kishte thirrje n\u00eb kor kund\u00ebr presidentit t\u00eb FSHF-s\u00eb, Armand Duka.<\/p>\n<div class=\"single__content\">\n<p>Duka.<\/p>\n<p><iframe loading=\"lazy\" src=\"https:\/\/www.facebook.com\/plugins\/post.php?href=https%3A%2F%2Fwww.facebook.com%2Ftkz.al%2Fposts%2Fpfbid035ZiDWFw98sq8WuYqCph6gpSPwCuepoWbY7AEK3gcBPBwJVcoJKWNx5mHymgxq38yl&amp;show_text=true&amp;width=500\" width=\"500\" height=\"767\" frameborder=\"0\" scrolling=\"no\" allowfullscreen=\"allowfullscreen\" data-mce-fragment=\"1\"><\/iframe>&nbsp;<\/p>\n<\/div>\n","protected":false},"excerpt":{"rendered":"<p>Tifozat Kuq e Zi kan\u00eb protestuar para Federat\u00ebs s\u00eb Futbollit t\u00eb Shqip\u00ebris\u00eb. Ata vendos\u00ebn nj\u00eb pankart\u00eb me mbishkrimin \u201cDjemt\u00eb e zgjedhur t\u00eb Arb\u00ebris\u00eb, kund\u00ebr pazareve n\u00eb em\u00ebr t\u00eb Shqipnis\u00eb\u201d. Ishte mesazh kund\u00ebr Evropianit t\u00eb p\u00ebrbashk\u00ebt Shqip\u00ebri \u2013 Serbi. \u201cMjaft m\u00eb me pazaret e err\u00ebta! Ju nuk p\u00ebrfaq\u00ebsoni z\u00ebrin e tifoz\u00ebve, por interesat personale. Duam futboll &hellip;<\/p>\n","protected":false},"author":4,"featured_media":108341,"comment_status":"closed","ping_status":"closed","sticky":false,"template":"","format":"standard","meta":{"footnotes":""},"categories":[39],"tags":[],"class_list":["post-108340","post","type-post","status-publish","format-standard","has-post-thumbnail","","category-sport"],"_links":{"self":[{"href":"https:\/\/rdnews.al\/index.php\/wp-json\/wp\/v2\/posts\/108340","targetHints":{"allow":["GET"]}}],"collection":[{"href":"https:\/\/rdnews.al\/index.php\/wp-json\/wp\/v2\/posts"}],"about":[{"href":"https:\/\/rdnews.al\/index.php\/wp-json\/wp\/v2\/types\/post"}],"author":[{"embeddable":true,"href":"https:\/\/rdnews.al\/index.php\/wp-json\/wp\/v2\/users\/4"}],"replies":[{"embeddable":true,"href":"https:\/\/rdnews.al\/index.php\/wp-json\/wp\/v2\/comments?post=108340"}],"version-history":[{"count":1,"href":"https:\/\/rdnews.al\/index.php\/wp-json\/wp\/v2\/posts\/108340\/revisions"}],"predecessor-version":[{"id":108342,"href":"https:\/\/rdnews.al\/index.php\/wp-json\/wp\/v2\/posts\/108340\/revisions\/108342"}],"wp:featuredmedia":[{"embeddable":true,"href":"https:\/\/rdnews.al\/index.php\/wp-json\/wp\/v2\/media\/108341"}],"wp:attachment":[{"href":"https:\/\/rdnews.al\/index.php\/wp-json\/wp\/v2\/media?parent=108340"}],"wp:term":[{"taxonomy":"category","embeddable":true,"href":"https:\/\/rdnews.al\/index.php\/wp-json\/wp\/v2\/categories?post=108340"},{"taxonomy":"post_tag","embeddable":true,"href":"https:\/\/rdnews.al\/index.php\/wp-json\/wp\/v2\/tags?post=108340"}],"curies":[{"name":"wp","href":"https:\/\/api.w.org\/{rel}","templated":true}]}}