{"id":108425,"date":"2025-03-27T17:51:41","date_gmt":"2025-03-27T17:51:41","guid":{"rendered":"https:\/\/rdnews.al\/?p=108425"},"modified":"2025-03-27T17:51:41","modified_gmt":"2025-03-27T17:51:41","slug":"presion-ndaj-administrates-se-bashkise-per-te-marre-pjese-ne-takimet-e-rames","status":"publish","type":"post","link":"https:\/\/rdnews.al\/index.php\/2025\/03\/27\/presion-ndaj-administrates-se-bashkise-per-te-marre-pjese-ne-takimet-e-rames\/","title":{"rendered":"Presion ndaj administrat\u00ebs s\u00eb Bashkis\u00eb p\u00ebr t\u00eb marr\u00eb pjes\u00eb n\u00eb takimet e Ram\u00ebs!"},"content":{"rendered":"<p><strong>Eliona Kodra Shkreli<\/strong><br \/>\n<em><strong>Kryetare e PD Shkod\u00ebr <\/strong><\/em><\/p>\n<p>Dje kryeministri n\u00eb detyr\u00eb deri me 12 Maj, Edi Rama, erdhi n\u00eb vizit\u00ebn e tij t\u00eb radh\u00ebs n\u00eb Shkod\u00ebr. Erdhi dhe iku pa th\u00ebn\u00eb asgj\u00eb\u2026..Nd\u00ebrkoh\u00eb q\u00eb do duhej t\u00eb shpaloste ndonj\u00eb program, n\u00eb munges\u00eb t\u00eb vizionit, u mor me opozit\u00ebn dhe kandidat\u00ebt e Saj si\u00e7 Ai b\u00ebn gjithmon\u00eb kur e ka \u201cpun\u00ebn pisk\u201d!<\/p>\n<p>Drejtuesi politik i Qarkut Shkod\u00ebr, Benet Beci i cili e ka harruar postin e kryebashkiakut dhe sh\u00ebrbimin ndaj banor\u00ebve t\u00eb Shkodr\u00ebs, duke u v\u00ebn\u00eb totalisht n\u00eb sh\u00ebrbim t\u00eb liderit t\u00eb Tij si nj\u00eb ushtar model i bindur, detyroi punonj\u00ebsit e Bashkis\u00eb q\u00eb t\u00eb ishin detyrimisht n\u00eb takimet e kryeministrit, edhe br\u00ebnda orarit zyrtar t\u00eb pun\u00ebs ku kryeministri i Tij do zhvillonte takime t\u00eb propagand\u00ebs elektorale.<\/p>\n<p>P\u00ebrmes shefave t\u00eb em\u00ebruar prej stafit t\u00eb Tij t\u00eb ngusht\u00eb, pjesa m\u00eb e madhe e t\u00eb cil\u00ebve nuk jan\u00eb banor\u00eb t\u00eb Qarkut Shkod\u00ebr por jan\u00eb transportuar nga Tirana, Beci i SPAK-ut urdh\u00ebroi \u00e7do punonj\u00ebs t\u00eb ishte prezent n\u00eb takime e inagurime p\u00ebrndryshe, mosprezenca, do i kushtonte v\u00ebndet e pun\u00ebs!<\/p>\n<p>Si\u00e7 ka b\u00ebr\u00eb ortaku i Tij, Veliaj (i cili tashm\u00eb ndodhet pas hekurave) ashtu po b\u00ebn dhe homologu i Tij Beci, i cili gjithashtu, me gjasa t\u00eb pakund\u00ebrshtueshme do i bashkohet shum\u00eb shpejt \u2018idhullit\u2019 t\u00eb Tij edhe n\u00eb qelin\u00eb e burgut!<\/p>\n<p>P\u00ebr t\u00eb krijuar imazhin e \u2018kallabll\u00ebkut\u2019, nj\u00eb fasad\u00eb tashm\u00eb e dal\u00eb mode pasi Shkodra ka 12 vjet q\u00eb e sheh, drejtuesi politik i Ram\u00ebs k\u00ebrc\u00ebnon me v\u00ebndin e pun\u00ebs \u00e7do punonj\u00ebs q\u00eb nuk denjon t\u00eb \u2018respektoj\u00eb\u2019 me prezenc\u00ebn e tij\/saj takimin e rrenave t\u00eb kryeministrit n\u00eb detyr\u00eb t\u00eb p\u00ebrkohshme!<\/p>\n<p>Ky presion duhet t\u00eb marr\u00eb fund, nuk mund t\u00eb k\u00ebrc\u00ebnohen punonj\u00ebsit me largim nga puna vet\u00ebm se nuk duan kryeministrin e Benetianit SPAK-ist! K\u00ebto jan\u00eb metoda t\u00eb \u201cdala boje\u201d sepse Shkodra dhe banor\u00ebt e saj e din\u00eb fort mir\u00eb se Edi Rama e ka l\u00ebn\u00eb jasht\u00eb \u00e7do v\u00ebmendje investimi dhe zhvillimi vet\u00ebm p\u00ebr faktin se nuk arriti kurr\u00eb t\u2019a b\u00ebj\u00eb p\u00ebr vete, ndon\u00ebse p\u00ebrdori \u00e7do makinacion, g\u00ebnjesht\u00ebr e mashtrim p\u00ebr t\u2019a kthyer tek e majta rilindase.<\/p>\n<p>Shkodra dhe shkodran\u00ebt nuk jan\u00eb dor\u00ebzuar n\u00eb koh\u00eb m\u00eb t\u00eb egra, nuk i jan\u00eb n\u00ebnshtruar as diktaturave e as diktator\u00ebve, p\u00ebrkundrazi i kan\u00eb dh\u00ebn\u00eb p\u00ebrgjigjen e duhur, n\u00eb koh\u00ebn e duhur sikurse do b\u00ebjn\u00eb s\u00ebrish me 11 Maj!<\/p>\n<p>Presioni Juaj, \u00ebsht\u00eb fitorja jon\u00eb, fitorja e Partis\u00eb Demokratike, fitorja e list\u00ebs model, fitorja e liris\u00eb, fitorja e vlerave!<\/p>\n<p>Me 11 Maj fiton Shkodra duke i kthyer \u2018kusurin\u2019 e merituar dyshes Rama-Beci dhe gjith\u00eb ushtris\u00eb hajdute rilindase!<\/p>\n<p>Shkodra voton Partin\u00eb Demokratike!<\/p>\n<p>Shkodra voton numrin 1!<\/p>\n<p>Fitorja fillon nga Shkodra\u270c\ufe0f<\/p>\n","protected":false},"excerpt":{"rendered":"<p>Eliona Kodra Shkreli Kryetare e PD Shkod\u00ebr Dje kryeministri n\u00eb detyr\u00eb deri me 12 Maj, Edi Rama, erdhi n\u00eb vizit\u00ebn e tij t\u00eb radh\u00ebs n\u00eb Shkod\u00ebr. Erdhi dhe iku pa th\u00ebn\u00eb asgj\u00eb\u2026..Nd\u00ebrkoh\u00eb q\u00eb do duhej t\u00eb shpaloste ndonj\u00eb program, n\u00eb munges\u00eb t\u00eb vizionit, u mor me opozit\u00ebn dhe kandidat\u00ebt e Saj si\u00e7 Ai b\u00ebn gjithmon\u00eb &hellip;<\/p>\n","protected":false},"author":4,"featured_media":108426,"comment_status":"closed","ping_status":"closed","sticky":false,"template":"","format":"standard","meta":{"footnotes":""},"categories":[37],"tags":[],"class_list":["post-108425","post","type-post","status-publish","format-standard","has-post-thumbnail","","category-politike"],"_links":{"self":[{"href":"https:\/\/rdnews.al\/index.php\/wp-json\/wp\/v2\/posts\/108425","targetHints":{"allow":["GET"]}}],"collection":[{"href":"https:\/\/rdnews.al\/index.php\/wp-json\/wp\/v2\/posts"}],"about":[{"href":"https:\/\/rdnews.al\/index.php\/wp-json\/wp\/v2\/types\/post"}],"author":[{"embeddable":true,"href":"https:\/\/rdnews.al\/index.php\/wp-json\/wp\/v2\/users\/4"}],"replies":[{"embeddable":true,"href":"https:\/\/rdnews.al\/index.php\/wp-json\/wp\/v2\/comments?post=108425"}],"version-history":[{"count":1,"href":"https:\/\/rdnews.al\/index.php\/wp-json\/wp\/v2\/posts\/108425\/revisions"}],"predecessor-version":[{"id":108427,"href":"https:\/\/rdnews.al\/index.php\/wp-json\/wp\/v2\/posts\/108425\/revisions\/108427"}],"wp:featuredmedia":[{"embeddable":true,"href":"https:\/\/rdnews.al\/index.php\/wp-json\/wp\/v2\/media\/108426"}],"wp:attachment":[{"href":"https:\/\/rdnews.al\/index.php\/wp-json\/wp\/v2\/media?parent=108425"}],"wp:term":[{"taxonomy":"category","embeddable":true,"href":"https:\/\/rdnews.al\/index.php\/wp-json\/wp\/v2\/categories?post=108425"},{"taxonomy":"post_tag","embeddable":true,"href":"https:\/\/rdnews.al\/index.php\/wp-json\/wp\/v2\/tags?post=108425"}],"curies":[{"name":"wp","href":"https:\/\/api.w.org\/{rel}","templated":true}]}}