{"id":108451,"date":"2025-03-27T21:44:14","date_gmt":"2025-03-27T21:44:14","guid":{"rendered":"https:\/\/rdnews.al\/?p=108451"},"modified":"2025-03-27T21:44:14","modified_gmt":"2025-03-27T21:44:14","slug":"udheheqesin-serb-te-bosnjes-e-debojne-nga-konferenca-ne-jeruzalem","status":"publish","type":"post","link":"https:\/\/rdnews.al\/index.php\/2025\/03\/27\/udheheqesin-serb-te-bosnjes-e-debojne-nga-konferenca-ne-jeruzalem\/","title":{"rendered":"Udh\u00ebheq\u00ebsin serb t\u00eb Bosnjes e d\u00ebbojn\u00eb nga konferenca n\u00eb Jeruzalem"},"content":{"rendered":"<p>Presidenti i Republika Srpska, Milorad Dodik, ka pranuar se pala izraelite i sinjalizoi atij se prania e tij n\u00eb konferenc\u00ebn p\u00ebr antisemitizmin p\u00ebrb\u00ebnte nj\u00eb problem diplomatik.<\/p>\n<p>T\u00eb m\u00ebrkur\u00ebn, me k\u00ebrkes\u00ebn e tij, Dodik ka dh\u00ebn\u00eb nj\u00eb intervist\u00eb p\u00ebr nj\u00eb medium n\u00eb Jerusalem, ku ka mb\u00ebrritur me q\u00ebllim, si\u00e7 tha ai, t\u00eb paralajm\u00ebroj\u00eb p\u00ebr rritjen e antisemitizmit dhe t\u00eb nxjerr\u00eb n\u00eb pah \u201clidhjen historike midis popullit serb dhe hebre\u201d.<\/p>\n<p>Megjithat\u00eb, vet\u00ebm nj\u00eb dit\u00eb m\u00eb von\u00eb, v\u00ebmendja u largua nga ajo tem\u00eb \u2013 Gjykata n\u00eb Sarajev\u00eb l\u00ebshoi nj\u00eb urdh\u00ebr arresti nd\u00ebrkomb\u00ebtar p\u00ebr t\u00eb me akuz\u00ebn p\u00ebr cenim t\u00eb rendit kushtetues t\u00eb Bosnj\u00eb-Hercegovin\u00ebs dhe mosrespektim t\u00eb vendimeve t\u00eb Zyr\u00ebs s\u00eb P\u00ebrfaq\u00ebsuesit t\u00eb Lart\u00eb (OHR).<\/p>\n<p>Nd\u00ebrkoh\u00eb, Dodik u largua papritur nga nj\u00eb konferenc\u00eb p\u00ebr antisemitizmin, duke q\u00ebndruar atje vet\u00ebm p\u00ebr nj\u00eb or\u00eb.<\/p>\n<p>\u201cErdha n\u00eb Izrael p\u00ebr t\u00eb folur kund\u00ebr antisemitizmit dhe n\u00eb vend t\u00eb k\u00ebsaj e pash\u00eb veten duke qen\u00eb nj\u00eb mysafir i pad\u00ebshiruar\u201d, tha ai n\u00eb nj\u00eb intervist\u00eb me The Jerusalem Post, p\u00ebrcjell Telegrafi.<\/p>\n<p>Duke folur p\u00ebr pozicionin e tij politik, Dodik p\u00ebrs\u00ebriti pretendimet p\u00ebr \u201cimponimin e vlerave liberale per\u00ebndimore\u201d n\u00eb Ballkan dhe akuzoi SHBA-n\u00eb dhe BE-n\u00eb, si\u00e7 tha ai, p\u00ebr politika nd\u00ebrhyr\u00ebse.<\/p>\n<p>\u201cAta u p\u00ebrpoq\u00ebn p\u00ebr 30 vjet q\u00eb t\u2019i zgjidhnin gj\u00ebrat sipas m\u00ebnyr\u00ebs s\u00eb tyre dhe d\u00ebshtuan. \u00cbsht\u00eb koha q\u00eb ne \u2013 serb\u00ebt \u2013 t\u00eb vendosim p\u00ebr t\u00eb ardhmen ton\u00eb\u201d, citohet t\u00eb ket\u00eb th\u00ebn\u00eb ai.<\/p>\n<p>Dodik, i cili njihet p\u00ebr lidhjet e tij t\u00eb ngushta me Vladimir Putinin, ka kritikuar gjithashtu sanksionet per\u00ebndimore kund\u00ebr tij.<\/p>\n","protected":false},"excerpt":{"rendered":"<p>Presidenti i Republika Srpska, Milorad Dodik, ka pranuar se pala izraelite i sinjalizoi atij se prania e tij n\u00eb konferenc\u00ebn p\u00ebr antisemitizmin p\u00ebrb\u00ebnte nj\u00eb problem diplomatik. T\u00eb m\u00ebrkur\u00ebn, me k\u00ebrkes\u00ebn e tij, Dodik ka dh\u00ebn\u00eb nj\u00eb intervist\u00eb p\u00ebr nj\u00eb medium n\u00eb Jerusalem, ku ka mb\u00ebrritur me q\u00ebllim, si\u00e7 tha ai, t\u00eb paralajm\u00ebroj\u00eb p\u00ebr rritjen e &hellip;<\/p>\n","protected":false},"author":3,"featured_media":108452,"comment_status":"closed","ping_status":"closed","sticky":false,"template":"","format":"standard","meta":{"footnotes":""},"categories":[38],"tags":[],"class_list":["post-108451","post","type-post","status-publish","format-standard","has-post-thumbnail","","category-bota"],"_links":{"self":[{"href":"https:\/\/rdnews.al\/index.php\/wp-json\/wp\/v2\/posts\/108451","targetHints":{"allow":["GET"]}}],"collection":[{"href":"https:\/\/rdnews.al\/index.php\/wp-json\/wp\/v2\/posts"}],"about":[{"href":"https:\/\/rdnews.al\/index.php\/wp-json\/wp\/v2\/types\/post"}],"author":[{"embeddable":true,"href":"https:\/\/rdnews.al\/index.php\/wp-json\/wp\/v2\/users\/3"}],"replies":[{"embeddable":true,"href":"https:\/\/rdnews.al\/index.php\/wp-json\/wp\/v2\/comments?post=108451"}],"version-history":[{"count":1,"href":"https:\/\/rdnews.al\/index.php\/wp-json\/wp\/v2\/posts\/108451\/revisions"}],"predecessor-version":[{"id":108453,"href":"https:\/\/rdnews.al\/index.php\/wp-json\/wp\/v2\/posts\/108451\/revisions\/108453"}],"wp:featuredmedia":[{"embeddable":true,"href":"https:\/\/rdnews.al\/index.php\/wp-json\/wp\/v2\/media\/108452"}],"wp:attachment":[{"href":"https:\/\/rdnews.al\/index.php\/wp-json\/wp\/v2\/media?parent=108451"}],"wp:term":[{"taxonomy":"category","embeddable":true,"href":"https:\/\/rdnews.al\/index.php\/wp-json\/wp\/v2\/categories?post=108451"},{"taxonomy":"post_tag","embeddable":true,"href":"https:\/\/rdnews.al\/index.php\/wp-json\/wp\/v2\/tags?post=108451"}],"curies":[{"name":"wp","href":"https:\/\/api.w.org\/{rel}","templated":true}]}}