{"id":108514,"date":"2025-03-28T12:04:37","date_gmt":"2025-03-28T12:04:37","guid":{"rendered":"https:\/\/rdnews.al\/?p=108514"},"modified":"2025-03-28T12:04:37","modified_gmt":"2025-03-28T12:04:37","slug":"berisha-shqiperia-madheshtore-eshte-nje-vend-ku-sundon-ligji-dhe-garantohen-te-drejtat-dhe-lirite-e-qytetareve","status":"publish","type":"post","link":"https:\/\/rdnews.al\/index.php\/2025\/03\/28\/berisha-shqiperia-madheshtore-eshte-nje-vend-ku-sundon-ligji-dhe-garantohen-te-drejtat-dhe-lirite-e-qytetareve\/","title":{"rendered":"Berisha: Shqip\u00ebria Madh\u00ebshtore \u00ebsht\u00eb nj\u00eb vend ku sundon ligji dhe garantohen t\u00eb drejtat dhe lirit\u00eb e qytetar\u00ebve"},"content":{"rendered":"<p>Kryetari i Partis\u00eb Demokratike Sali Berisha gjat\u00eb nj\u00eb konference shtypi deklaroi se, nj\u00eb Shqip\u00ebri madh\u00ebshtore drejt BE \u00ebsht\u00eb Shqip\u00ebria n\u00eb t\u00eb cil\u00ebn qytetar\u00ebt kan\u00eb t\u00eb garantuara lirit\u00eb dhe t\u00eb drejtat e tyre themelore.<\/p>\n<p>\u201cShqip\u00ebria Madh\u00ebshtore \u00ebsht\u00eb Shqip\u00ebria e cila shkon si zonj\u00eb e v\u00ebrtet\u00eb drejt BE-s\u00eb.<\/p>\n<p>Nj\u00eb Shqip\u00ebri madh\u00ebshtore drejt BE \u00ebsht\u00eb Shqip\u00ebria n\u00eb t\u00eb cil\u00ebn qytetar\u00ebt kan\u00eb t\u00eb garantuara lirit\u00eb dhe t\u00eb drejtat e tyre themelore.<\/p>\n<p>Shqip\u00ebria n\u00eb t\u00eb cil\u00ebn shteti ligjor i barazis\u00eb para ligjit dhe ku asnj\u00eb njeri nuk \u00ebsht\u00eb mbi ligjin.<\/p>\n<p>Shqip\u00ebria n\u00eb t\u00eb cil\u00ebn t\u00eb drejtat dhe lirit\u00eb e individit respektohen n\u00eb t\u00eb gjitha rrethanat dhe jan\u00eb moto e pandryshueshme e qeveris\u00eb.<\/p>\n<p>Shqip\u00ebria Madh\u00ebshtore \u00ebsht\u00eb Shqip\u00ebria e gar\u00ebs s\u00eb barabart\u00eb n\u00eb t\u00eb gjitha fushat.<\/p>\n<p>Un\u00eb dje isha n\u00eb takim me bizneset dhe ju e ndoq\u00ebt.<\/p>\n<p>Ata shpreh\u00ebn nj\u00eb problem n\u00eb pamje t\u00eb par\u00eb, burokratik, por e v\u00ebrteta \u00ebsht\u00eb shum\u00eb thelb\u00ebsor p\u00ebr k\u00ebt\u00eb sistem.<\/p>\n<p>Ata than\u00eb se ne si grupe interesi nuk na p\u00ebrfill kush. Kjo \u00ebsht\u00eb e v\u00ebrtet\u00eb.<\/p>\n<p>Kjo ndodh se grupet e interesit jan\u00eb z\u00ebvend\u00ebsuar me grupet e interesave familjare.<\/p>\n<p>Pra nuk ka m\u00eb interesa grupesh, ka interesa familjesh.<\/p>\n<p>Nuk mund t\u00eb flasin si\u00e7 e shihni ju pronar\u00ebt e bregut, sepse Edi Rama do t\u00eb gllab\u00ebroj\u00eb 224 mij\u00eb met\u00ebr katror\u00eb. E tha ndonj\u00eb fjal\u00eb ai p\u00ebr k\u00ebt\u00eb vjedhje t\u00eb madhe q\u00eb u dokumentua? Asnj\u00eb fjal\u00eb.<\/p>\n<p>E d\u00ebgjuat q\u00eb heshti. Nuk dha asnj\u00eb shpjegim p\u00ebr t\u00eb gjitha ato falsifikime q\u00eb u denoncuan k\u00ebtu.<\/p>\n<p>Pra, \u00ebsht\u00eb Shqip\u00ebria n\u00eb t\u00eb cil\u00ebn qytetar\u00ebt nuk pla\u00e7kiten, nuk grabiten.<\/p>\n<p>N\u00eb t\u00eb cil\u00ebn interesat e tyre nuk rr\u00ebmbehen nga interesat familjare.<\/p>\n<p>Pasurit\u00eb publike nuk shp\u00ebrndahen tek familjar\u00ebt dhe prestanomet e qeveritar\u00ebve.<\/p>\n<p>Nuk p\u00ebrfundojn\u00eb n\u00eb kontot offshore.<\/p>\n<p>Nuk konvertohen n\u00eb saraje t\u00eb Surrelit me park 8500 met\u00ebr katror\u00eb.<\/p>\n<p>Jo, Shqip\u00ebria zonj\u00eb shkon drejt BE me nj\u00eb shp\u00ebrndarje t\u00eb drejt\u00eb dhe t\u00eb ndershme t\u00eb buxhetit.<\/p>\n<p>Jo si nj\u00eb Shqip\u00ebri ku rroga m\u00eb e lart\u00eb \u00ebsht\u00eb m\u00eb e madhe se 10 rroga mesatare.<\/p>\n<p>Nuk \u00ebsht\u00eb vend demokratik ky, ky \u00ebsht\u00eb vend tipik autokratik.<\/p>\n<p>Ndaj dhe ne kemi p\u00ebrpar\u00ebsuar n\u00eb m\u00ebnyr\u00eb absolute zbatimin e ligjit dhe shtetin ligjor. Luft\u00ebn me zero toleranc\u00eb ndaj krimit dhe korrupsionit. Ngushtimin sa m\u00eb t\u00eb shpejt\u00eb t\u00eb hendekut t\u00eb madh mes atyre q\u00eb kan\u00eb dhe atyre q\u00eb nuk kan\u00eb n\u00eb Shqip\u00ebri\u201d, u shpreh Berisha.<\/p>\n<p>&nbsp;<\/p>\n","protected":false},"excerpt":{"rendered":"<p>Kryetari i Partis\u00eb Demokratike Sali Berisha gjat\u00eb nj\u00eb konference shtypi deklaroi se, nj\u00eb Shqip\u00ebri madh\u00ebshtore drejt BE \u00ebsht\u00eb Shqip\u00ebria n\u00eb t\u00eb cil\u00ebn qytetar\u00ebt kan\u00eb t\u00eb garantuara lirit\u00eb dhe t\u00eb drejtat e tyre themelore. \u201cShqip\u00ebria Madh\u00ebshtore \u00ebsht\u00eb Shqip\u00ebria e cila shkon si zonj\u00eb e v\u00ebrtet\u00eb drejt BE-s\u00eb. Nj\u00eb Shqip\u00ebri madh\u00ebshtore drejt BE \u00ebsht\u00eb Shqip\u00ebria n\u00eb t\u00eb &hellip;<\/p>\n","protected":false},"author":4,"featured_media":108515,"comment_status":"closed","ping_status":"closed","sticky":false,"template":"","format":"standard","meta":{"footnotes":""},"categories":[37],"tags":[],"class_list":["post-108514","post","type-post","status-publish","format-standard","has-post-thumbnail","","category-politike"],"_links":{"self":[{"href":"https:\/\/rdnews.al\/index.php\/wp-json\/wp\/v2\/posts\/108514","targetHints":{"allow":["GET"]}}],"collection":[{"href":"https:\/\/rdnews.al\/index.php\/wp-json\/wp\/v2\/posts"}],"about":[{"href":"https:\/\/rdnews.al\/index.php\/wp-json\/wp\/v2\/types\/post"}],"author":[{"embeddable":true,"href":"https:\/\/rdnews.al\/index.php\/wp-json\/wp\/v2\/users\/4"}],"replies":[{"embeddable":true,"href":"https:\/\/rdnews.al\/index.php\/wp-json\/wp\/v2\/comments?post=108514"}],"version-history":[{"count":1,"href":"https:\/\/rdnews.al\/index.php\/wp-json\/wp\/v2\/posts\/108514\/revisions"}],"predecessor-version":[{"id":108516,"href":"https:\/\/rdnews.al\/index.php\/wp-json\/wp\/v2\/posts\/108514\/revisions\/108516"}],"wp:featuredmedia":[{"embeddable":true,"href":"https:\/\/rdnews.al\/index.php\/wp-json\/wp\/v2\/media\/108515"}],"wp:attachment":[{"href":"https:\/\/rdnews.al\/index.php\/wp-json\/wp\/v2\/media?parent=108514"}],"wp:term":[{"taxonomy":"category","embeddable":true,"href":"https:\/\/rdnews.al\/index.php\/wp-json\/wp\/v2\/categories?post=108514"},{"taxonomy":"post_tag","embeddable":true,"href":"https:\/\/rdnews.al\/index.php\/wp-json\/wp\/v2\/tags?post=108514"}],"curies":[{"name":"wp","href":"https:\/\/api.w.org\/{rel}","templated":true}]}}