{"id":108612,"date":"2025-03-28T20:03:42","date_gmt":"2025-03-28T20:03:42","guid":{"rendered":"https:\/\/rdnews.al\/?p=108612"},"modified":"2025-03-28T20:05:22","modified_gmt":"2025-03-28T20:05:22","slug":"berisha-ata-qe-kane-shpenzuar-miliona-per-kete-reforme-e-kane-te-veshtire-te-pranojne-deshtimin","status":"publish","type":"post","link":"https:\/\/rdnews.al\/index.php\/2025\/03\/28\/berisha-ata-qe-kane-shpenzuar-miliona-per-kete-reforme-e-kane-te-veshtire-te-pranojne-deshtimin\/","title":{"rendered":"Berisha: Ata q\u00eb kan\u00eb shpenzuar miliona p\u00ebr k\u00ebt\u00eb reform\u00eb, e kan\u00eb t\u00eb v\u00ebshtir\u00eb t\u00eb pranojn\u00eb d\u00ebshtimin"},"content":{"rendered":"<p>Kryetari i PD, Sali Berisha, gjat\u00eb fjal\u00ebs s\u00eb tij ka theksuar faktin se, vendet dhe institucionet q\u00eb kan\u00eb financuar reform\u00ebn n\u00eb drejt\u00ebsi n\u00eb Shqip\u00ebri, e kan\u00eb t\u00eb v\u00ebshtir\u00eb t\u00eb pranojn\u00eb d\u00ebshtimin e saj.<\/p>\n<p>Berisha tha se, kjo reform\u00eb ishte produkt i ekstremit t\u00eb majt\u00eb, dhe mund\u00ebsisht nj\u00eb Shqip\u00ebri q\u00eb t\u2019i garantoj\u00eb pushtetin, duke bllokuar opozit\u00ebn dhe rotacionin.<\/p>\n<p>\u201cTani ku \u00ebsht\u00eb v\u00ebshtir\u00ebsia jon\u00eb? Ndaj dhe i jam shum\u00eb mir\u00ebnjoh\u00ebs fondacionit.<\/p>\n<p>V\u00ebshtir\u00ebsia jon\u00eb \u00ebsht\u00eb se kjo prokurori ka d\u00ebnuar edhe disa zyrtar\u00eb t\u00eb lart\u00eb, ish-ministra dhe s\u00eb fundmi Erion Veliajn, p\u00ebr korrupsion.<\/p>\n<p>Po, i ka penalizuar.<\/p>\n<p>Por t\u00eb nderuar miq, ne q\u00eb kemi p\u00ebrjetuar diktatur\u00ebn komuniste, ne e kemi t\u00eb qart\u00eb se prokuroria e diktatorit \u00e7onte para skuadr\u00ebs s\u00eb pushkatimit, si disidentin apo armikun politik, e v\u00ebrteta \u00ebsht\u00eb edhe kriminelin ordiner nuk e kursente.<\/p>\n<p>Bile e kishte t\u00eb nj\u00ebjt\u00ebn rrept\u00ebsi.<\/p>\n<p>Dhe sot, u them ju k\u00ebtu, vendi q\u00eb d\u00ebnon m\u00eb ashp\u00ebr se \u00e7do vend tjet\u00ebr, n\u00eb dijenin\u00eb time, korrupsionin, \u00ebsht\u00eb Republika Popullore Komuniste e Kin\u00ebs.<\/p>\n<p>Prokuror\u00ebt n\u00eb Kin\u00eb jan\u00eb jasht\u00ebzakonisht t\u00eb rrept\u00eb ndaj veprave politike t\u00eb zyrtar\u00ebve t\u00eb lart\u00eb dhe shum\u00eb t\u00eb lart\u00eb, sikund\u00ebr ndaj kund\u00ebrshtar\u00ebve t\u00eb regjimit.<\/p>\n<p>\u00c7far\u00eb dua t\u00eb them me k\u00ebt\u00eb? A mundet nj\u00eb mendje e lir\u00eb t\u00eb justifikoj\u00eb shnd\u00ebrrimin e drejt\u00ebsis\u00eb n\u00eb nj\u00eb arm\u00eb politike pse kjo drejt\u00ebsi d\u00ebnon 3, 4 apo 5 zyrtar\u00eb, por q\u00eb nuk guxon kurr\u00eb t\u2019i afrohet kreut t\u00eb Meduz\u00ebs, kryeministrit, me gjith\u00eb serialin e veprave penale t\u00eb faktuara nga mediat, t\u00eb faktuara nga institucione t\u00eb ndryshme q\u00eb r\u00ebndojn\u00eb mbi t\u00eb.<\/p>\n<p>Pra, kjo reform\u00eb ishte produkt i ekstremit t\u00eb majt\u00eb, dhe mund\u00ebsisht nj\u00eb Shqip\u00ebri q\u00eb t\u2019i garantoj\u00eb pushtetin, duke bllokuar opozit\u00ebn dhe rotacionin.<\/p>\n<p>Ne kemi nj\u00eb v\u00ebshtir\u00ebsi serioze, sepse ata q\u00eb kan\u00eb shpenzuar dhjet\u00ebra milion\u00eb n\u00eb k\u00ebt\u00eb reform\u00eb, ata e kan\u00eb t\u00eb v\u00ebshtir\u00eb t\u00eb pranojn\u00eb d\u00ebshtimin.<\/p>\n<p>Por nj\u00eb gj\u00eb, un\u00eb dua t\u2019i shpreh nderimin m\u00eb t\u00eb madh Komisionit t\u00eb Venecias q\u00eb e paralajm\u00ebroi k\u00ebt\u00eb situat\u00eb.<\/p>\n<p>N\u00eb analiz\u00ebn q\u00eb b\u00ebri, n\u00eb problemet e krijuara mes Presidenc\u00ebs, Gjykat\u00ebs Kushtetuese dhe KED-it, ai paralajm\u00ebroi q\u00eb po krijohet nj\u00eb korporat\u00eb, e cila sigurisht vet\u00ebm sistem drejt\u00ebsie nuk mund t\u00eb jet\u00eb\u201d, u shpreh Berisha.<\/p>\n","protected":false},"excerpt":{"rendered":"<p>Kryetari i PD, Sali Berisha, gjat\u00eb fjal\u00ebs s\u00eb tij ka theksuar faktin se, vendet dhe institucionet q\u00eb kan\u00eb financuar reform\u00ebn n\u00eb drejt\u00ebsi n\u00eb Shqip\u00ebri, e kan\u00eb t\u00eb v\u00ebshtir\u00eb t\u00eb pranojn\u00eb d\u00ebshtimin e saj. Berisha tha se, kjo reform\u00eb ishte produkt i ekstremit t\u00eb majt\u00eb, dhe mund\u00ebsisht nj\u00eb Shqip\u00ebri q\u00eb t\u2019i garantoj\u00eb pushtetin, duke bllokuar opozit\u00ebn &hellip;<\/p>\n","protected":false},"author":4,"featured_media":108615,"comment_status":"closed","ping_status":"closed","sticky":false,"template":"","format":"standard","meta":{"footnotes":""},"categories":[37],"tags":[],"class_list":["post-108612","post","type-post","status-publish","format-standard","has-post-thumbnail","","category-politike"],"_links":{"self":[{"href":"https:\/\/rdnews.al\/index.php\/wp-json\/wp\/v2\/posts\/108612","targetHints":{"allow":["GET"]}}],"collection":[{"href":"https:\/\/rdnews.al\/index.php\/wp-json\/wp\/v2\/posts"}],"about":[{"href":"https:\/\/rdnews.al\/index.php\/wp-json\/wp\/v2\/types\/post"}],"author":[{"embeddable":true,"href":"https:\/\/rdnews.al\/index.php\/wp-json\/wp\/v2\/users\/4"}],"replies":[{"embeddable":true,"href":"https:\/\/rdnews.al\/index.php\/wp-json\/wp\/v2\/comments?post=108612"}],"version-history":[{"count":1,"href":"https:\/\/rdnews.al\/index.php\/wp-json\/wp\/v2\/posts\/108612\/revisions"}],"predecessor-version":[{"id":108614,"href":"https:\/\/rdnews.al\/index.php\/wp-json\/wp\/v2\/posts\/108612\/revisions\/108614"}],"wp:featuredmedia":[{"embeddable":true,"href":"https:\/\/rdnews.al\/index.php\/wp-json\/wp\/v2\/media\/108615"}],"wp:attachment":[{"href":"https:\/\/rdnews.al\/index.php\/wp-json\/wp\/v2\/media?parent=108612"}],"wp:term":[{"taxonomy":"category","embeddable":true,"href":"https:\/\/rdnews.al\/index.php\/wp-json\/wp\/v2\/categories?post=108612"},{"taxonomy":"post_tag","embeddable":true,"href":"https:\/\/rdnews.al\/index.php\/wp-json\/wp\/v2\/tags?post=108612"}],"curies":[{"name":"wp","href":"https:\/\/api.w.org\/{rel}","templated":true}]}}