{"id":108616,"date":"2025-03-28T20:11:29","date_gmt":"2025-03-28T20:11:29","guid":{"rendered":"https:\/\/rdnews.al\/?p=108616"},"modified":"2025-03-28T20:11:29","modified_gmt":"2025-03-28T20:11:29","slug":"berisha-rakipi-eshte-bere-simbol-i-mafies-ne-drejtesi-na-duhet-nje-reforme-qe-sjell-drejtesi-me-standarde","status":"publish","type":"post","link":"https:\/\/rdnews.al\/index.php\/2025\/03\/28\/berisha-rakipi-eshte-bere-simbol-i-mafies-ne-drejtesi-na-duhet-nje-reforme-qe-sjell-drejtesi-me-standarde\/","title":{"rendered":"Berisha: Rakipi \u00ebsht\u00eb b\u00ebr\u00eb simbol i mafies n\u00eb drejt\u00ebsi! Na duhet nj\u00eb reform\u00eb q\u00eb sjell drejt\u00ebsi me standarde"},"content":{"rendered":"<p>Gjat\u00eb fjal\u00ebs s\u00eb tij n\u00eb tryez\u00ebn p\u00ebr drejt\u00ebsin\u00eb, kryetari i PD, Sali Berisha ka akuzuar drejtorin e Shkoll\u00ebs s\u00eb Magjistratur\u00ebs, Arben Rakipi si simbol t\u00eb mafias n\u00eb drejt\u00ebsi.<\/p>\n<p>Berisha tha se, sot jan\u00eb qindra, n\u00eb mos mij\u00ebra, shqiptar\u00eb t\u00eb shkolluar n\u00eb shkollat m\u00eb t\u00eb mira t\u00eb Shqip\u00ebris\u00eb, Europ\u00ebs dhe bot\u00ebs, por q\u00eb nuk futen dot n\u00eb sistemin e drejt\u00ebsis\u00eb. Jo, sepse duhet t\u00eb kalojn\u00eb shkoll\u00ebn Rakipi. Se \u00e7\u2019p\u00ebrfaq\u00ebson shkolla Rakipi, un\u00eb ndjej keqardhje kur detyrohem t\u00eb flas p\u00ebr k\u00ebt\u00eb shkoll\u00eb.<\/p>\n<p>\u201cNdaj dhe ne e nis\u00ebm k\u00ebt\u00eb me fondacionin Adenauer dhe e nis\u00ebm jo pa q\u00ebllim. Gjermania ka kontribute t\u00eb jasht\u00ebzakonshme. Gjykata Kushtetuese gjermane ka kontribute t\u00eb jasht\u00ebzakonshme n\u00eb t\u00eb drejt\u00ebn evropiane. Ka kontribute historike n\u00eb konceptin e siguris\u00eb ligjore.<\/p>\n<p>Dhe un\u00eb rikujtoj sot k\u00ebtu, ka qen\u00eb viti 2016, kur profesor Frolajn, nj\u00eb jurist i shquar gjerman, kur u njoh me element\u00ebt fillestar\u00eb t\u00eb k\u00ebsaj reforme, foli i revoltuar dhe denoncoi me forc\u00ebn m\u00eb t\u00eb madhe ato hapat e para q\u00eb ishin parashikuar p\u00ebr t\u00eb krijuar k\u00ebtu nj\u00eb FBI q\u00eb duhej t\u00eb varej nga kryeministri.<\/p>\n<p>Dhe un\u00eb kam besim t\u00eb madh.<\/p>\n<p>Ne e kemi nisur k\u00ebt\u00eb p\u00ebrpjekje s\u00eb pari p\u00ebr t\u00eb b\u00ebr\u00eb t\u00eb njohur k\u00ebto t\u00eb v\u00ebrteta para opinionit publik zyrtar evropian dhe nd\u00ebrkomb\u00ebtar.<\/p>\n<p>S\u00eb dyti, natyrisht p\u00ebr t\u00eb ecur drejt nj\u00eb reforme e cila iu rikthen shqiptar\u00ebve t\u00eb drejt\u00ebn e procesit ligjor t\u00eb drejt\u00eb.<\/p>\n<p>E cila iu rikthen shqiptar\u00ebve t\u00eb drejt\u00ebn e prezumimit t\u00eb pafaj\u00ebsis\u00eb.<\/p>\n<p>E cila u jep nj\u00eb drejt\u00ebsi t\u00eb standardeve q\u00eb nuk kthehet n\u00eb arm\u00eb politike.<\/p>\n<p>Sot jan\u00eb qindra, n\u00eb mos mij\u00ebra, shqiptar\u00eb t\u00eb shkolluar n\u00eb shkollat m\u00eb t\u00eb mira t\u00eb Shqip\u00ebris\u00eb, Europ\u00ebs dhe bot\u00ebs, por q\u00eb nuk futen dot n\u00eb sistemin e drejt\u00ebsis\u00eb.<\/p>\n<p>Jo, sepse duhet t\u00eb kalojn\u00eb shkoll\u00ebn Rakipi.<\/p>\n<p>Se \u00e7\u2019p\u00ebrfaq\u00ebson shkolla Rakipi, un\u00eb ndjej keqardhje kur detyrohem t\u00eb flas p\u00ebr k\u00ebt\u00eb shkoll\u00eb.<\/p>\n<p>Por ajo \u00ebsht\u00eb simboli i nj\u00eb mafieje n\u00eb sistemin e drejt\u00ebsis\u00eb i pashoq. Jo n\u00eb Shqip\u00ebri, por as n\u00eb Europ\u00eb.<\/p>\n<p>Dhe tani duhet q\u00eb k\u00ebta qindra e mij\u00ebra djem dhe vajza, t\u00eb shkolluara n\u00eb shkollat m\u00eb t\u00eb mira, po nuk hyn\u00eb n\u00eb at\u00eb shkoll\u00eb, nuk mund t\u00eb punojn\u00eb as prokuror\u00eb, as gjykat\u00ebs.<\/p>\n<p>At\u00ebher\u00eb \u00e7far\u00eb duhet t\u00eb b\u00ebjm\u00eb ne?<\/p>\n<p>Do rrim\u00eb k\u00ebshtu t\u00eb presim?<\/p>\n<p>Jo mor zot\u00ebri. Dosjet po rriten nga viti n\u00eb viti. Kan\u00eb qen\u00eb 130 mij\u00eb, jan\u00eb 150 mij\u00eb.<\/p>\n<p>Dhe e fundit, zbulimi i fundit i marr\u00ebveshjes Delina Fico me Juri Kimin dhe institutin e saj, a e dini ju se atyre militant\u00ebve t\u00eb fondacionit Qemal Stafa t\u00eb PS, iu \u00ebsht\u00eb besuar plot\u00ebsisht detyra e k\u00ebshilltarit ligjor, pavar\u00ebsisht se ata nuk plot\u00ebsojn\u00eb asnj\u00eb kusht ligjor.<\/p>\n<p>N\u00eb nj\u00eb koh\u00eb kur n\u00eb shoq\u00ebrin\u00eb ton\u00eb ka me qindra jurist\u00eb shum\u00eb t\u00eb mir\u00eb t\u00eb shkolluar q\u00eb i plot\u00ebsojn\u00eb ato kushte.<\/p>\n<p>Por duhet t\u00eb jen\u00eb militant\u00ebt q\u00eb n\u00eb dhom\u00eb k\u00ebshillimi t\u2019ia cojn\u00eb atij dhe ai t\u00eb jap\u00eb vendimin pa takuar asnj\u00eb njeri. As avoket\u00ebrit nuk i takojn\u00eb tani.<\/p>\n<p>Pra jan\u00eb gjith\u00eb k\u00ebto probleme. I marrim me durim, i marrim me vendosm\u00ebri. Ne kemi besim q\u00eb e v\u00ebrteta do prevaloj\u00eb\u201d, tha Berisha.<\/p>\n","protected":false},"excerpt":{"rendered":"<p>Gjat\u00eb fjal\u00ebs s\u00eb tij n\u00eb tryez\u00ebn p\u00ebr drejt\u00ebsin\u00eb, kryetari i PD, Sali Berisha ka akuzuar drejtorin e Shkoll\u00ebs s\u00eb Magjistratur\u00ebs, Arben Rakipi si simbol t\u00eb mafias n\u00eb drejt\u00ebsi. Berisha tha se, sot jan\u00eb qindra, n\u00eb mos mij\u00ebra, shqiptar\u00eb t\u00eb shkolluar n\u00eb shkollat m\u00eb t\u00eb mira t\u00eb Shqip\u00ebris\u00eb, Europ\u00ebs dhe bot\u00ebs, por q\u00eb nuk futen dot &hellip;<\/p>\n","protected":false},"author":4,"featured_media":108617,"comment_status":"closed","ping_status":"closed","sticky":false,"template":"","format":"standard","meta":{"footnotes":""},"categories":[37],"tags":[],"class_list":["post-108616","post","type-post","status-publish","format-standard","has-post-thumbnail","","category-politike"],"_links":{"self":[{"href":"https:\/\/rdnews.al\/index.php\/wp-json\/wp\/v2\/posts\/108616","targetHints":{"allow":["GET"]}}],"collection":[{"href":"https:\/\/rdnews.al\/index.php\/wp-json\/wp\/v2\/posts"}],"about":[{"href":"https:\/\/rdnews.al\/index.php\/wp-json\/wp\/v2\/types\/post"}],"author":[{"embeddable":true,"href":"https:\/\/rdnews.al\/index.php\/wp-json\/wp\/v2\/users\/4"}],"replies":[{"embeddable":true,"href":"https:\/\/rdnews.al\/index.php\/wp-json\/wp\/v2\/comments?post=108616"}],"version-history":[{"count":1,"href":"https:\/\/rdnews.al\/index.php\/wp-json\/wp\/v2\/posts\/108616\/revisions"}],"predecessor-version":[{"id":108618,"href":"https:\/\/rdnews.al\/index.php\/wp-json\/wp\/v2\/posts\/108616\/revisions\/108618"}],"wp:featuredmedia":[{"embeddable":true,"href":"https:\/\/rdnews.al\/index.php\/wp-json\/wp\/v2\/media\/108617"}],"wp:attachment":[{"href":"https:\/\/rdnews.al\/index.php\/wp-json\/wp\/v2\/media?parent=108616"}],"wp:term":[{"taxonomy":"category","embeddable":true,"href":"https:\/\/rdnews.al\/index.php\/wp-json\/wp\/v2\/categories?post=108616"},{"taxonomy":"post_tag","embeddable":true,"href":"https:\/\/rdnews.al\/index.php\/wp-json\/wp\/v2\/tags?post=108616"}],"curies":[{"name":"wp","href":"https:\/\/api.w.org\/{rel}","templated":true}]}}