{"id":108622,"date":"2025-03-28T21:19:34","date_gmt":"2025-03-28T21:19:34","guid":{"rendered":"https:\/\/rdnews.al\/?p=108622"},"modified":"2025-03-28T21:25:42","modified_gmt":"2025-03-28T21:25:42","slug":"berisha-agjerimi-akti-me-fisnik-ku-njeriu-prek-sakrificen-ti-lutemi-zotit-qe-ramazanin-dhe-bajramin-tjeter-ti-presim-sic-na-do-zemra","status":"publish","type":"post","link":"https:\/\/rdnews.al\/index.php\/2025\/03\/28\/berisha-agjerimi-akti-me-fisnik-ku-njeriu-prek-sakrificen-ti-lutemi-zotit-qe-ramazanin-dhe-bajramin-tjeter-ti-presim-sic-na-do-zemra\/","title":{"rendered":"Berisha: Agj\u00ebrimi, akti m\u00eb fisnik ku njeriu prek sakrific\u00ebn! T\u2019i lutemi Zotit q\u00eb Ramazanin dhe Bajramin tjet\u00ebr t\u2019i presim si\u00e7 na do zemra"},"content":{"rendered":"<p>Kryetari i Partis\u00eb Demokratike, Prof. Dr.Sali Berisha ka marr\u00eb pjes\u00eb k\u00ebt\u00eb t\u00eb premte n\u00eb nj\u00eb iftar t\u00eb shtruar p\u00ebr besimtar\u00ebt mysliman\u00eb t\u00eb Deg\u00ebs 6 Kombinat, nga kandidati i Opozit\u00ebs p\u00ebr Qarkun Tiran\u00eb, Akil Kraja.<\/p>\n<p>Gjat\u00eb fjal\u00ebs s\u00eb tij, Kryetari i PD theksoi r\u00ebnd\u00ebsin\u00eb e agj\u00ebrimit si nj\u00eb akt fisnik q\u00eb prek sakrific\u00ebn. Berisha shprehu mir\u00ebnjohje p\u00ebr imam\u00ebt dhe pun\u00ebn e tyre frym\u00ebzuese p\u00ebr besimtar\u00ebt, duke theksuar rolin e xhamis\u00eb n\u00eb bamir\u00ebsin\u00eb ndaj shqiptar\u00ebve n\u00eb nevoj\u00eb.<\/p>\n<p>Lideri Opozitar, Sali Berisha, tha se bamir\u00ebsia \u00ebsht\u00eb nj\u00eb tradit\u00eb e shquar e shqiptar\u00ebve dhe uroi q\u00eb t\u00eb gjith\u00eb shqiptar\u00ebt t\u00eb frym\u00ebzohen nga kjo ndjenj\u00eb.<\/p>\n<p>\u201cMir\u00ebmbr\u00ebma dhe nderimin tim m\u00eb t\u00eb madh p\u00ebr t\u00eb gjith\u00eb ju, t\u00eb rinj, t\u00eb reja, burra dhe gra q\u00eb agj\u00ebroni muajin e Madh\u00ebruesh\u00ebm t\u00eb Ramazanit dhe lutjen time q\u00eb Zoti t\u2019ua pranoj\u00eb k\u00ebt\u00eb sakrific\u00eb. Zoti t\u2019ua kthej\u00eb n\u00eb mir\u00ebsi secilit prej jush, familjeve tuaja dhe shqiptar\u00ebve n\u00eb t\u00ebr\u00ebsi.<\/p>\n<p>Nj\u00eb mir\u00ebnjohje t\u00eb ve\u00e7ant\u00eb p\u00ebr imam\u00ebt, z\u00ebvend\u00ebsmyftiun e Tiran\u00ebs, miqt\u00eb e mi t\u00eb kahersh\u00ebm, dy imam\u00ebt e pranish\u00ebm k\u00ebtu, p\u00ebr pun\u00ebn e tyre frym\u00ebzuese, p\u00ebr shembullin e tyre frym\u00ebzues p\u00ebr besimtar\u00ebt nga p\u00ebrsosja e shpirtit n\u00eb sakrific\u00ebn e tyre.<\/p>\n<p>Dua t\u00eb them se agj\u00ebrimi \u00ebsht\u00eb nj\u00eb akt madhor fisnik i njeriut. \u00cbsht\u00eb akt n\u00eb t\u00eb cilin \u00e7donj\u00ebri prek sakrific\u00ebn mbi t\u00eb cil\u00ebn nd\u00ebrtohet e gjith\u00eb mir\u00ebsia e jer\u00ebzimit dhe e njeriut. N\u00eb shqiptar\u00ebt kemi nj\u00eb tradit\u00eb e cila po rikthehet me shpejt\u00ebsi, dhe kjo tradit\u00eb e lidhur me shpirtmadh\u00ebsin\u00eb, qendron me bamir\u00ebsin\u00eb ton\u00eb.<\/p>\n<p>K\u00ebtu po tregoni p\u00ebr rolin jasht\u00ebzakonisht t\u00eb r\u00ebnd\u00ebsish\u00ebm t\u00eb xhamis\u00eb dhe imam\u00ebve n\u00eb bamir\u00ebsin\u00eb ndaj shqiptar\u00ebve n\u00eb nevoj\u00eb. Uroj dhe shpresoj q\u00eb t\u00eb gjith\u00eb shqiptar\u00ebt t\u00eb frym\u00ebzohen nga kjo ndjenj\u00eb.<\/p>\n<p>Berisha deklaroi m\u00eb tej se studiuesi q\u00eb kan\u00eb njohur Shqip\u00ebrin\u00eb, kan\u00eb folur me admirim t\u00eb madh p\u00ebr miq\u00ebsin\u00eb e tyre.<\/p>\n<p>Studiues q\u00eb kan\u00eb njohur kombin ton\u00eb, kan\u00eb folur me admirim t\u00eb madh p\u00ebr miq\u00ebsin\u00eb e shqiptar\u00ebve. Por m\u00eb me admirim t\u00eb madh kan\u00eb folur p\u00ebr bamir\u00ebsin\u00eb shqiptare, nj\u00eb bamir\u00ebsi, thon\u00eb at\u00eb, nd\u00ebr m\u00eb fisniket q\u00eb ekziston. Ndaj dhe, fal\u00ebnderoj dhe kandidat\u00ebt q\u00eb kan\u00eb shtruar k\u00ebt\u00eb iftar. Ju uroj nga zemra fat dhe mbar\u00ebsi p\u00ebr Bajramin dhe t\u2019i lutemi Zotit q\u00eb Ramazanin tjet\u00ebr, agj\u00ebrimin tjet\u00ebr dhe Bajramin t\u2019i presim dhe t\u2019i festojm\u00eb si\u00e7 na do zemra.<\/p>\n<p>Kryetari i Partis\u00eb Demokratike e mbylli fjal\u00ebn e tij duke shprehur mir\u00ebnjohjen m\u00eb t\u00eb thell\u00eb p\u00ebr kandidat\u00ebt q\u00eb shtruan iftarin dhe me lutjet se vitin tjet\u00ebr Ramazani dhe Bajrami do t\u00eb pritet dhe festohet ashtu si\u00e7 shqiptar\u00ebve ua do zemra\u201d, tha Berisha.<\/p>\n<p><img loading=\"lazy\" decoding=\"async\" class=\"alignnone size-medium wp-image-108623\" src=\"https:\/\/rdnews.al\/wp-content\/uploads\/2025\/03\/ber-2-15-300x179.jpg\" alt=\"\" width=\"300\" height=\"179\" srcset=\"https:\/\/rdnews.al\/wp-content\/uploads\/2025\/03\/ber-2-15-300x179.jpg 300w, https:\/\/rdnews.al\/wp-content\/uploads\/2025\/03\/ber-2-15.jpg 758w\" sizes=\"auto, (max-width: 300px) 100vw, 300px\" \/><a href=\"https:\/\/www.syri.net\/fotogaleria\/775000\/berisha-agjerimi-akti-me-fisnik-ku-njeriu-prek-sakrificen-ti-lutemi-zotit-qe-ramazanin-dhe-bajramin-tjeter-ti-presim-sic-na-do-zemra\/\" target=\"_blank\" rel=\"noopener\"><img decoding=\"async\" src=\"https:\/\/www.syri.net\/uploads\/syri.net\/images\/2025\/March\/28\/auto_0b64d5f3-7e59-4670-8bf4-88b7611cf0d11743196366.jpeg\" \/><\/a><\/p>\n<div class=\"fotogaleri\">\n<div class=\"bx-wrapper\">\n<div class=\"bx-controls bx-has-pager bx-has-controls-direction\">\n<div class=\"bx-pager bx-default-pager\">1 \/ 12<\/div>\n<\/div>\n<\/div>\n<\/div>\n<p>&nbsp;<\/p>\n","protected":false},"excerpt":{"rendered":"<p>Kryetari i Partis\u00eb Demokratike, Prof. Dr.Sali Berisha ka marr\u00eb pjes\u00eb k\u00ebt\u00eb t\u00eb premte n\u00eb nj\u00eb iftar t\u00eb shtruar p\u00ebr besimtar\u00ebt mysliman\u00eb t\u00eb Deg\u00ebs 6 Kombinat, nga kandidati i Opozit\u00ebs p\u00ebr Qarkun Tiran\u00eb, Akil Kraja. Gjat\u00eb fjal\u00ebs s\u00eb tij, Kryetari i PD theksoi r\u00ebnd\u00ebsin\u00eb e agj\u00ebrimit si nj\u00eb akt fisnik q\u00eb prek sakrific\u00ebn. Berisha shprehu mir\u00ebnjohje &hellip;<\/p>\n","protected":false},"author":4,"featured_media":108628,"comment_status":"closed","ping_status":"closed","sticky":false,"template":"","format":"standard","meta":{"footnotes":""},"categories":[37],"tags":[],"class_list":["post-108622","post","type-post","status-publish","format-standard","has-post-thumbnail","","category-politike"],"_links":{"self":[{"href":"https:\/\/rdnews.al\/index.php\/wp-json\/wp\/v2\/posts\/108622","targetHints":{"allow":["GET"]}}],"collection":[{"href":"https:\/\/rdnews.al\/index.php\/wp-json\/wp\/v2\/posts"}],"about":[{"href":"https:\/\/rdnews.al\/index.php\/wp-json\/wp\/v2\/types\/post"}],"author":[{"embeddable":true,"href":"https:\/\/rdnews.al\/index.php\/wp-json\/wp\/v2\/users\/4"}],"replies":[{"embeddable":true,"href":"https:\/\/rdnews.al\/index.php\/wp-json\/wp\/v2\/comments?post=108622"}],"version-history":[{"count":2,"href":"https:\/\/rdnews.al\/index.php\/wp-json\/wp\/v2\/posts\/108622\/revisions"}],"predecessor-version":[{"id":108629,"href":"https:\/\/rdnews.al\/index.php\/wp-json\/wp\/v2\/posts\/108622\/revisions\/108629"}],"wp:featuredmedia":[{"embeddable":true,"href":"https:\/\/rdnews.al\/index.php\/wp-json\/wp\/v2\/media\/108628"}],"wp:attachment":[{"href":"https:\/\/rdnews.al\/index.php\/wp-json\/wp\/v2\/media?parent=108622"}],"wp:term":[{"taxonomy":"category","embeddable":true,"href":"https:\/\/rdnews.al\/index.php\/wp-json\/wp\/v2\/categories?post=108622"},{"taxonomy":"post_tag","embeddable":true,"href":"https:\/\/rdnews.al\/index.php\/wp-json\/wp\/v2\/tags?post=108622"}],"curies":[{"name":"wp","href":"https:\/\/api.w.org\/{rel}","templated":true}]}}