{"id":108677,"date":"2025-03-29T10:26:09","date_gmt":"2025-03-29T10:26:09","guid":{"rendered":"https:\/\/rdnews.al\/?p=108677"},"modified":"2025-03-29T10:26:09","modified_gmt":"2025-03-29T10:26:09","slug":"berisha-zonjat-e-nderuara-jane-luftetare-te-pamposhtura-kunder-ketij-regjimi","status":"publish","type":"post","link":"https:\/\/rdnews.al\/index.php\/2025\/03\/29\/berisha-zonjat-e-nderuara-jane-luftetare-te-pamposhtura-kunder-ketij-regjimi\/","title":{"rendered":"Berisha: Zonjat e nderuara jan\u00eb luft\u00ebtare t\u00eb pamposhtura kund\u00ebr k\u00ebtij regjimi!"},"content":{"rendered":"<p>Kreu i Partis\u00eb Demokratike, Sali Berisha, n\u00eb fjal\u00ebn e tij n\u00eb Konferenc\u00ebn Nd\u00ebrkomb\u00ebtare me tem\u00eb &#8216;Fuqia e Grave n\u00eb Politik\u00eb&#8217;, theksoi r\u00ebnd\u00ebsin\u00eb e rolit t\u00eb grave n\u00eb luft\u00ebn kund\u00ebr regjimit t\u00eb aktualsh\u00ebm dhe vler\u00ebsoi zonjat e pranishme si luft\u00ebtare t\u00eb pamposhtura q\u00eb kan\u00eb luajtur nj\u00eb rol t\u00eb jasht\u00ebzakonsh\u00ebm n\u00eb betej\u00ebn p\u00ebr lirit\u00eb dhe t\u00eb drejtat themelore.<\/p>\n<p>Berisha kujtoi se, n\u00eb vitet 1990-1992, kishte nj\u00eb angazhim real p\u00ebr mbrojtjen e liris\u00eb dhe t\u00eb drejtave n\u00eb Europ\u00eb, duke pasur gjithashtu nj\u00eb interes t\u00eb madh p\u00ebr Shqip\u00ebrin\u00eb.<\/p>\n<p><strong>Berisha:<\/strong> N\u00eb rast se n\u00eb vitet 1990-1992, si\u00e7 e theksoi e nderuara Doris Pack, n\u00eb Europ\u00eb kishte nj\u00eb interes real p\u00ebr lirit\u00eb dhe t\u00eb drejtat themelore, organizoheshin konferenca, flitej n\u00eb m\u00ebnyr\u00eb t\u00eb vazhdueshme, sot nuk flitet shum\u00eb p\u00ebr lirit\u00eb dhe t\u00eb drejtat themelore t\u00eb nj\u00eb kombi q\u00eb vuan nj\u00eb narkodiktatur\u00eb.<\/p>\n<p>Sot, rastet konkrete mbyllen me nj\u00eb formul\u00eb bizare, nuk komentojm\u00eb p\u00ebr raste konkrete.<\/p>\n<p>Pra, i theksova k\u00ebto momente, sepse k\u00ebto jan\u00eb gj\u00ebra tashm\u00eb t\u00eb njohura.<\/p>\n<p>Por k\u00ebto zonja t\u00eb shihni k\u00ebtu jan\u00eb luft\u00ebtare t\u00eb pamposhtura kund\u00ebr k\u00ebtij regjimi dhe kan\u00eb nj\u00eb merit\u00eb t\u00eb jasht\u00ebzakonshme.<\/p>\n<p>N\u00eb momentet m\u00eb t\u00eb v\u00ebshtira k\u00ebto nuk kan\u00eb ngurruar q\u00eb t\u00eb dalin ball\u00eb p\u00ebr ball\u00eb.<\/p>\n<p>E theksova p\u00ebr t\u00eb shprehur mir\u00ebnjohjen ndaj jush sepse nuk ka qen\u00eb kjo situat\u00eb n\u00eb presidenc\u00ebn tuaj dhe fakti q\u00eb zgjodh\u00ebt Shqip\u00ebrin\u00eb p\u00ebr t\u00eb organizuar k\u00ebt\u00eb ngjarje, \u00ebsht\u00eb nj\u00eb mb\u00ebshtetje shum\u00eb e madhe p\u00ebr ne.<\/p>\n<p>Un\u00eb do doja t\u00eb thoja disa fjal\u00eb t\u00eb tjera, por u k\u00ebrkoj mir\u00ebkuptimin tuaj, sepse sot n\u00eb Shqip\u00ebri kuror\u00ebzohet udh\u00ebheq\u00ebsi i Kish\u00ebs Ortodokse dhe kjo \u00ebsht\u00eb nj\u00eb ngjarje e madhe p\u00ebr kombin, pasi paraardh\u00ebsi i tij shkoi n\u00eb amshim.<\/p>\n<p>Dhe m\u00eb duhet t\u00eb jem i pranish\u00ebm n\u00eb ceremonin\u00eb e kuror\u00ebzimit t\u00eb kryepeshkopit, ndaj dhe u k\u00ebrkoj ndjes\u00eb dhe dua t\u00eb largohem.<\/p>\n<p>U fal\u00ebnderoj shum\u00eb p\u00ebr pranin\u00eb!<\/p>\n","protected":false},"excerpt":{"rendered":"<p>Kreu i Partis\u00eb Demokratike, Sali Berisha, n\u00eb fjal\u00ebn e tij n\u00eb Konferenc\u00ebn Nd\u00ebrkomb\u00ebtare me tem\u00eb &#8216;Fuqia e Grave n\u00eb Politik\u00eb&#8217;, theksoi r\u00ebnd\u00ebsin\u00eb e rolit t\u00eb grave n\u00eb luft\u00ebn kund\u00ebr regjimit t\u00eb aktualsh\u00ebm dhe vler\u00ebsoi zonjat e pranishme si luft\u00ebtare t\u00eb pamposhtura q\u00eb kan\u00eb luajtur nj\u00eb rol t\u00eb jasht\u00ebzakonsh\u00ebm n\u00eb betej\u00ebn p\u00ebr lirit\u00eb dhe t\u00eb drejtat &hellip;<\/p>\n","protected":false},"author":4,"featured_media":108679,"comment_status":"closed","ping_status":"closed","sticky":false,"template":"","format":"standard","meta":{"footnotes":""},"categories":[37],"tags":[],"class_list":["post-108677","post","type-post","status-publish","format-standard","has-post-thumbnail","","category-politike"],"_links":{"self":[{"href":"https:\/\/rdnews.al\/index.php\/wp-json\/wp\/v2\/posts\/108677","targetHints":{"allow":["GET"]}}],"collection":[{"href":"https:\/\/rdnews.al\/index.php\/wp-json\/wp\/v2\/posts"}],"about":[{"href":"https:\/\/rdnews.al\/index.php\/wp-json\/wp\/v2\/types\/post"}],"author":[{"embeddable":true,"href":"https:\/\/rdnews.al\/index.php\/wp-json\/wp\/v2\/users\/4"}],"replies":[{"embeddable":true,"href":"https:\/\/rdnews.al\/index.php\/wp-json\/wp\/v2\/comments?post=108677"}],"version-history":[{"count":1,"href":"https:\/\/rdnews.al\/index.php\/wp-json\/wp\/v2\/posts\/108677\/revisions"}],"predecessor-version":[{"id":108680,"href":"https:\/\/rdnews.al\/index.php\/wp-json\/wp\/v2\/posts\/108677\/revisions\/108680"}],"wp:featuredmedia":[{"embeddable":true,"href":"https:\/\/rdnews.al\/index.php\/wp-json\/wp\/v2\/media\/108679"}],"wp:attachment":[{"href":"https:\/\/rdnews.al\/index.php\/wp-json\/wp\/v2\/media?parent=108677"}],"wp:term":[{"taxonomy":"category","embeddable":true,"href":"https:\/\/rdnews.al\/index.php\/wp-json\/wp\/v2\/categories?post=108677"},{"taxonomy":"post_tag","embeddable":true,"href":"https:\/\/rdnews.al\/index.php\/wp-json\/wp\/v2\/tags?post=108677"}],"curies":[{"name":"wp","href":"https:\/\/api.w.org\/{rel}","templated":true}]}}