{"id":108681,"date":"2025-03-29T11:59:00","date_gmt":"2025-03-29T11:59:00","guid":{"rendered":"https:\/\/rdnews.al\/?p=108681"},"modified":"2025-03-29T11:59:00","modified_gmt":"2025-03-29T11:59:00","slug":"skandali-gazetarja-perfundova-ne-spital-pasi-hengra-fileto-pule","status":"publish","type":"post","link":"https:\/\/rdnews.al\/index.php\/2025\/03\/29\/skandali-gazetarja-perfundova-ne-spital-pasi-hengra-fileto-pule\/","title":{"rendered":"Skandali\/ Gazetarja: P\u00ebrfundova n\u00eb spital pasi h\u00ebngra fileto pule"},"content":{"rendered":"<p>Pasiguria ushqimore \u00ebsht\u00eb n\u00eb nivele alarmante n\u00eb Shqip\u00ebri. S\u00eb fundmi n\u00eb skandalin ushqimor \u00ebsht\u00eb p\u00ebrfshir\u00eb kompania \u201cdiMal\u201d e cila ka futur nga Brazili n\u00eb Shqip\u00ebri 18 ton mish pule q\u00eb rezultojn\u00eb se jan\u00eb infektuar me llojin m\u00eb t\u00eb r\u00ebnd\u00eb t\u00eb bakterit salomnel\u00eb e cila shkakton rrezik p\u00ebr sh\u00ebndetin e konsumatorit.<\/p>\n<p>Gazetarja Arestina Sk\u00ebnderi tregon p\u00ebrvoj\u00ebn e saj t\u00eb helmimit me bakterin e rreziksh\u00ebm t\u00eb \u2018salomnel\u00ebs\u2019 menj\u00ebher\u00eb pasi konsumoi fileto pule n\u00eb nj\u00eb restorant.<\/p>\n<p>Gjat\u00eb nj\u00eb reagimi n\u00eb rrjetet sociale, Sk\u00ebnderi tha se p\u00ebrfundoi disa dit\u00eb e shtruar n\u00eb spital p\u00ebr shkak se AKU ka l\u00ebn\u00eb n\u00eb m\u00ebshir\u00eb t\u00eb fatit sh\u00ebndetin e konsumator\u00ebve shqiptar\u00eb.<\/p>\n<p>Gazetarja k\u00ebrkon dor\u00ebheqjen e menj\u00ebhershme t\u00eb drejtuesit t\u00eb AKU-s\u00eb, Manush Kullolli nd\u00ebrsa thekson r\u00ebnd\u00ebsin\u00eb q\u00eb t\u00eb ndiqet penalisht.<\/p>\n<p><em>\u201cDrejtuesi AKU t\u00eb dor\u00ebhiqet dhe t\u00eb hetohet penalisht!<\/em><\/p>\n<p><em>Para 1 muaj, pasi konsumova ushqim ne nje restorant q\u00eb n\u00eb p\u00ebrmbajtje kishte fileto pule, p\u00ebrfundova n\u00eb gjendje te fikti prej me shum\u00eb se 4 her\u00ebsh. N\u00eb analiza rezultoi se isha prekur nga nj\u00eb virus i \u201cfamiljes se salomnel\u00ebs\u201d. U desh t\u00eb shtrohesha n\u00eb spital me dit\u00eb q\u00eb t\u00eb stabilizohesha,,,, Qartazi n\u00eb Shqiperi, AKU \u00ebsht\u00eb institucioni m\u00eb i pap\u00ebrgjegjsh\u00ebm q\u00eb ka ky vend.<\/em><\/p>\n<p><em>Prej vitesh degjoj q\u00eb n\u00eb tregjet tona vijojn\u00eb t\u00eb qarkullojn\u00eb ushqime q\u00eb jashte jan\u00eb t\u00eb ndaluara apo kan\u00eb p\u00ebrmbajtje q\u00eb d\u00ebmtojn\u00eb r\u00ebnd\u00eb sh\u00ebndetin dhe askund nuk merr masa t\u00eb duhura p\u00ebr te parandaluar situata t\u00eb r\u00ebnda.<\/em><\/p>\n<p><em>Ajo q\u00eb m\u00eb shqets\u00ebon m\u00eb shum\u00eb ne kete \u00e7\u00ebshtje eshte se tek \u00e7erdhet apo shkollat q\u00eb shkojn\u00eb f\u00ebmij\u00ebt konsumohet fileto e pul\u00ebs. Kush na siguron ne qe f\u00ebmij\u00ebt tan\u00eb nuk kan\u00eb konsumuar nga ky produkt me salmonele? Kush na siguron \u00eb ky produkt nuk \u00ebsht\u00eb shp\u00ebrndar\u00eb m\u00eb par\u00eb ne treg??<\/em><\/p>\n<p><em>AKU, je institicioni q\u00eb duhet t\u00eb shkrihesh p\u00ebr paaft\u00ebsin\u00eb q\u00eb tregon prej vitesh&#8230;\u201d<\/em>, shkruan Arestina Sk\u00ebnderi.<\/p>\n","protected":false},"excerpt":{"rendered":"<p>Pasiguria ushqimore \u00ebsht\u00eb n\u00eb nivele alarmante n\u00eb Shqip\u00ebri. S\u00eb fundmi n\u00eb skandalin ushqimor \u00ebsht\u00eb p\u00ebrfshir\u00eb kompania \u201cdiMal\u201d e cila ka futur nga Brazili n\u00eb Shqip\u00ebri 18 ton mish pule q\u00eb rezultojn\u00eb se jan\u00eb infektuar me llojin m\u00eb t\u00eb r\u00ebnd\u00eb t\u00eb bakterit salomnel\u00eb e cila shkakton rrezik p\u00ebr sh\u00ebndetin e konsumatorit. Gazetarja Arestina Sk\u00ebnderi tregon p\u00ebrvoj\u00ebn &hellip;<\/p>\n","protected":false},"author":4,"featured_media":108682,"comment_status":"closed","ping_status":"closed","sticky":false,"template":"","format":"standard","meta":{"footnotes":""},"categories":[37],"tags":[],"class_list":["post-108681","post","type-post","status-publish","format-standard","has-post-thumbnail","","category-politike"],"_links":{"self":[{"href":"https:\/\/rdnews.al\/index.php\/wp-json\/wp\/v2\/posts\/108681","targetHints":{"allow":["GET"]}}],"collection":[{"href":"https:\/\/rdnews.al\/index.php\/wp-json\/wp\/v2\/posts"}],"about":[{"href":"https:\/\/rdnews.al\/index.php\/wp-json\/wp\/v2\/types\/post"}],"author":[{"embeddable":true,"href":"https:\/\/rdnews.al\/index.php\/wp-json\/wp\/v2\/users\/4"}],"replies":[{"embeddable":true,"href":"https:\/\/rdnews.al\/index.php\/wp-json\/wp\/v2\/comments?post=108681"}],"version-history":[{"count":1,"href":"https:\/\/rdnews.al\/index.php\/wp-json\/wp\/v2\/posts\/108681\/revisions"}],"predecessor-version":[{"id":108683,"href":"https:\/\/rdnews.al\/index.php\/wp-json\/wp\/v2\/posts\/108681\/revisions\/108683"}],"wp:featuredmedia":[{"embeddable":true,"href":"https:\/\/rdnews.al\/index.php\/wp-json\/wp\/v2\/media\/108682"}],"wp:attachment":[{"href":"https:\/\/rdnews.al\/index.php\/wp-json\/wp\/v2\/media?parent=108681"}],"wp:term":[{"taxonomy":"category","embeddable":true,"href":"https:\/\/rdnews.al\/index.php\/wp-json\/wp\/v2\/categories?post=108681"},{"taxonomy":"post_tag","embeddable":true,"href":"https:\/\/rdnews.al\/index.php\/wp-json\/wp\/v2\/tags?post=108681"}],"curies":[{"name":"wp","href":"https:\/\/api.w.org\/{rel}","templated":true}]}}