{"id":108687,"date":"2025-03-29T12:07:38","date_gmt":"2025-03-29T12:07:38","guid":{"rendered":"https:\/\/rdnews.al\/?p=108687"},"modified":"2025-03-29T12:10:21","modified_gmt":"2025-03-29T12:10:21","slug":"po-na-vrasin","status":"publish","type":"post","link":"https:\/\/rdnews.al\/index.php\/2025\/03\/29\/po-na-vrasin\/","title":{"rendered":"Po na vrasin!"},"content":{"rendered":"<p>Konsumatori shqiptar ndodhet n\u00eb \u201cm\u00ebshir\u00eb t\u00eb fatit\u201d. Pas skandalit t\u00eb mishit t\u00eb pul\u00ebs me salmonel\u00eb, gazetari Osman Stafa ka shp\u00ebrthyer ndaj AKU-s\u00eb i cili sipas tij, \u00ebsht\u00eb kthyer n\u00eb nj\u00eb institucion gjobv\u00ebn\u00ebs.<\/p>\n<p>Stafa ngre alarmin se konsumatori shqiptar po helmohet \u00e7do dit\u00eb, nd\u00ebrsa askush nuk mban p\u00ebrgjegj\u00ebsi p\u00ebr skandalet q\u00eb dalin \u00e7do dit\u00eb kurse ministrja e Bujq\u00ebsis\u00eb Anila Denaj vazhdon q\u00ebndron n\u00eb heshtje.<\/p>\n<p><strong>Reagimi i plot\u00eb nga gazetari Osman Stafa<\/strong><\/p>\n<p><em>PO NA VRASIN!!!<\/em><\/p>\n<p><em>Kur do e kuptojm\u00eb?<\/em><\/p>\n<p><em>18 ton mish pule, e kontaminuar me salmonel\u00eb.<\/em><\/p>\n<p><em>Pak koh\u00eb m\u00eb par\u00eb ishin 10 ton manderina me pesticide, t\u00eb cilat pasi i ktheu Kroacia, i shit\u00ebn n\u00eb tregun shqiptar.<\/em><\/p>\n<p><em>4.516 kg fileto derri po ashtu me salmonel\u00eb. (lajm publikuar pak koh\u00eb m\u00eb par\u00eb)<\/em><\/p>\n<p><em>Acuge (peshk) me parazit\u00eb. (lajm publikuar pak koh\u00eb m\u00eb par\u00eb)<\/em><\/p>\n<p><em>E sa lajme t\u00eb tilla prej vitesh\u2026<\/em><\/p>\n<p><em>\ufe0fShoq\u00ebroje me produkte t\u00eb tjera, si djathi i b\u00ebr\u00eb me niseshte. Qumshti pluhur.<\/em><\/p>\n<p><em>Domatet, kastravecat, specat me pesticide.<\/em><\/p>\n<p><em>\ufe0fShtoji aj\u00ebrin e ndotur, grimcat PM 2.5 t\u00eb cilat prodhohen nga makinat, plus nd\u00ebrtimet.<\/em><\/p>\n<p><em>e gjitha kjo me \u00e7far\u00eb e barabart\u00eb?<\/em><\/p>\n<p><em>Dhe themi pastaj pse rritet numri i personave q\u00eb vuajn\u00eb nga kanceri, e s\u00ebmundje t\u00eb tjera t\u00eb r\u00ebnda q\u00eb shkaktohen nga ushqimet, nga aj\u00ebri.<\/em><\/p>\n<p><em>\ufe0f\u00cbsht\u00eb \u00e7menduri kjo q\u00eb po ndodh. AKU \u00ebsht\u00eb nj\u00eb institucion me zero besueshm\u00ebri, i korruptuar dhe q\u00eb duhet t\u00eb zhb\u00ebhet, p\u00ebr t\u00eb krijuar nj\u00eb autoritet ndryshe, n\u00eb t\u00eb cilin t\u00eb kemi siguri dhe besim.<\/em><\/p>\n<p><em>AKU \u00ebsht\u00eb kthyer n\u00eb institucion gjobv\u00ebn\u00ebs, inspektor\u00eb krimin\u00ebl\u00eb, q\u00eb p\u00ebr ca gjoba q\u00eb v\u00ebn\u00eb, marrin m\u00eb qaf\u00eb f\u00ebmij\u00eb, gra, burra, gjysh\u00ebr.<\/em><br \/>\n<em>AKU pse duhet ta lejoj nj\u00eb produkt t\u00eb hyj\u00eb n\u00eb treg pa analiza? Cfar\u00eb kuptimi ka, q\u00eb ne marrin analizat, produkti hyn\u00eb n\u00eb treg, konsumator\u00ebt e han\u00eb dhe pastaj thon\u00eb, se paska q\u00ebn\u00eb i kontaminuar.<\/em><\/p>\n<p><em>\ufe0fMinistrja e Bujq\u00ebsis\u00eb Anila Denaj, pse nuk del t\u00eb sqaroj t\u00eb v\u00ebrtet\u00ebn e k\u00ebtij skandali. N\u00ebse nuk del p\u00ebr k\u00ebto raste, p\u00ebr \u00e7far\u00eb do dal\u00eb tjet\u00ebr?<\/em><\/p>\n<p><em>Kush mban p\u00ebrgjegj\u00ebsi p\u00ebr ushqimet e kontaminuara q\u00eb han\u00eb shqiptar\u00ebt? Moralisht Ministrja e Bujq\u00ebsis\u00eb, Anila Denaj, dje duhet t\u00eb kishte dh\u00ebn\u00eb dor\u00ebheqjen. Por paligjshm\u00ebria, skandali, k\u00ebtu \u00ebsht\u00eb b\u00ebr\u00eb normalitet.<\/em><\/p>\n","protected":false},"excerpt":{"rendered":"<p>Konsumatori shqiptar ndodhet n\u00eb \u201cm\u00ebshir\u00eb t\u00eb fatit\u201d. Pas skandalit t\u00eb mishit t\u00eb pul\u00ebs me salmonel\u00eb, gazetari Osman Stafa ka shp\u00ebrthyer ndaj AKU-s\u00eb i cili sipas tij, \u00ebsht\u00eb kthyer n\u00eb nj\u00eb institucion gjobv\u00ebn\u00ebs. Stafa ngre alarmin se konsumatori shqiptar po helmohet \u00e7do dit\u00eb, nd\u00ebrsa askush nuk mban p\u00ebrgjegj\u00ebsi p\u00ebr skandalet q\u00eb dalin \u00e7do dit\u00eb kurse ministrja &hellip;<\/p>\n","protected":false},"author":4,"featured_media":108690,"comment_status":"closed","ping_status":"closed","sticky":false,"template":"","format":"standard","meta":{"footnotes":""},"categories":[37],"tags":[],"class_list":["post-108687","post","type-post","status-publish","format-standard","has-post-thumbnail","","category-politike"],"_links":{"self":[{"href":"https:\/\/rdnews.al\/index.php\/wp-json\/wp\/v2\/posts\/108687","targetHints":{"allow":["GET"]}}],"collection":[{"href":"https:\/\/rdnews.al\/index.php\/wp-json\/wp\/v2\/posts"}],"about":[{"href":"https:\/\/rdnews.al\/index.php\/wp-json\/wp\/v2\/types\/post"}],"author":[{"embeddable":true,"href":"https:\/\/rdnews.al\/index.php\/wp-json\/wp\/v2\/users\/4"}],"replies":[{"embeddable":true,"href":"https:\/\/rdnews.al\/index.php\/wp-json\/wp\/v2\/comments?post=108687"}],"version-history":[{"count":1,"href":"https:\/\/rdnews.al\/index.php\/wp-json\/wp\/v2\/posts\/108687\/revisions"}],"predecessor-version":[{"id":108688,"href":"https:\/\/rdnews.al\/index.php\/wp-json\/wp\/v2\/posts\/108687\/revisions\/108688"}],"wp:featuredmedia":[{"embeddable":true,"href":"https:\/\/rdnews.al\/index.php\/wp-json\/wp\/v2\/media\/108690"}],"wp:attachment":[{"href":"https:\/\/rdnews.al\/index.php\/wp-json\/wp\/v2\/media?parent=108687"}],"wp:term":[{"taxonomy":"category","embeddable":true,"href":"https:\/\/rdnews.al\/index.php\/wp-json\/wp\/v2\/categories?post=108687"},{"taxonomy":"post_tag","embeddable":true,"href":"https:\/\/rdnews.al\/index.php\/wp-json\/wp\/v2\/tags?post=108687"}],"curies":[{"name":"wp","href":"https:\/\/api.w.org\/{rel}","templated":true}]}}