{"id":108691,"date":"2025-03-29T12:21:38","date_gmt":"2025-03-29T12:21:38","guid":{"rendered":"https:\/\/rdnews.al\/?p=108691"},"modified":"2025-03-29T12:22:29","modified_gmt":"2025-03-29T12:22:29","slug":"korbi-po-tenton-te-gllaberoje-edhe-programin-elektoral-te-opozites","status":"publish","type":"post","link":"https:\/\/rdnews.al\/index.php\/2025\/03\/29\/korbi-po-tenton-te-gllaberoje-edhe-programin-elektoral-te-opozites\/","title":{"rendered":"&#8220;Korbi&#8221;&#8230; po tenton t\u00eb gllab\u00ebroj\u00eb edhe programin elektoral t\u00eb opozit\u00ebs&#8230;"},"content":{"rendered":"<p><strong>Nga Iva V.GRILLO<\/strong><\/p>\n<p>&#8220;Korbi&#8221;&#8230;pasi i ka zhvatur shqiptar\u00ebt p\u00ebr 12 vite&#8230; tani po tenton t\u00eb gllab\u00ebroj\u00eb edhe programin elektoral t\u00eb opozit\u00ebs&#8230;<\/p>\n<p>Kishte 12 vite koh\u00eb q\u00eb t\u00eb rriste pensionet dhe rrog\u00ebn minimale n\u00eb shifrat e deklaruara nga opozita. \u00c7far\u00eb e pengoi?!<\/p>\n<p><a href=\"https:\/\/www.facebook.com\/hashtag\/stopfarsesrama?__eep__=6&amp;__cft__%5b0%5d=AZX2wYp0m_0Qo5ruf1vz4r9BA8QyGSRt4yMKQCoM6tAK2-o8Uhw7cFah_gKmf0xRMBxtS-IJOPUD9ztyJNHSP_iTU3Nkp3HOoe30sbrcqlGfek5U1YaneUK00vfMO315RIcKi84HaJiat5hIQoHHEjUrHCMEZU1vsEisO4yiocN0gFCxY5GWsy3ar_0ml2ha0w8&amp;__tn__=*NK-R\" target=\"_blank\" rel=\"noopener\"><strong>#StopFarsesRama<\/strong><\/a><\/p>\n<p><a href=\"https:\/\/www.facebook.com\/hashtag\/toolittletoolate?__eep__=6&amp;__cft__%5b0%5d=AZX2wYp0m_0Qo5ruf1vz4r9BA8QyGSRt4yMKQCoM6tAK2-o8Uhw7cFah_gKmf0xRMBxtS-IJOPUD9ztyJNHSP_iTU3Nkp3HOoe30sbrcqlGfek5U1YaneUK00vfMO315RIcKi84HaJiat5hIQoHHEjUrHCMEZU1vsEisO4yiocN0gFCxY5GWsy3ar_0ml2ha0w8&amp;__tn__=*NK-R\" target=\"_blank\" rel=\"noopener\"><strong>#TooLittleTooLate<\/strong><\/a><\/p>\n","protected":false},"excerpt":{"rendered":"<p>Nga Iva V.GRILLO &#8220;Korbi&#8221;&#8230;pasi i ka zhvatur shqiptar\u00ebt p\u00ebr 12 vite&#8230; tani po tenton t\u00eb gllab\u00ebroj\u00eb edhe programin elektoral t\u00eb opozit\u00ebs&#8230; Kishte 12 vite koh\u00eb q\u00eb t\u00eb rriste pensionet dhe rrog\u00ebn minimale n\u00eb shifrat e deklaruara nga opozita. \u00c7far\u00eb e pengoi?! #StopFarsesRama #TooLittleTooLate<\/p>\n","protected":false},"author":4,"featured_media":51216,"comment_status":"closed","ping_status":"closed","sticky":false,"template":"","format":"standard","meta":{"footnotes":""},"categories":[44],"tags":[],"class_list":["post-108691","post","type-post","status-publish","format-standard","has-post-thumbnail","","category-editorial"],"_links":{"self":[{"href":"https:\/\/rdnews.al\/index.php\/wp-json\/wp\/v2\/posts\/108691","targetHints":{"allow":["GET"]}}],"collection":[{"href":"https:\/\/rdnews.al\/index.php\/wp-json\/wp\/v2\/posts"}],"about":[{"href":"https:\/\/rdnews.al\/index.php\/wp-json\/wp\/v2\/types\/post"}],"author":[{"embeddable":true,"href":"https:\/\/rdnews.al\/index.php\/wp-json\/wp\/v2\/users\/4"}],"replies":[{"embeddable":true,"href":"https:\/\/rdnews.al\/index.php\/wp-json\/wp\/v2\/comments?post=108691"}],"version-history":[{"count":2,"href":"https:\/\/rdnews.al\/index.php\/wp-json\/wp\/v2\/posts\/108691\/revisions"}],"predecessor-version":[{"id":108693,"href":"https:\/\/rdnews.al\/index.php\/wp-json\/wp\/v2\/posts\/108691\/revisions\/108693"}],"wp:featuredmedia":[{"embeddable":true,"href":"https:\/\/rdnews.al\/index.php\/wp-json\/wp\/v2\/media\/51216"}],"wp:attachment":[{"href":"https:\/\/rdnews.al\/index.php\/wp-json\/wp\/v2\/media?parent=108691"}],"wp:term":[{"taxonomy":"category","embeddable":true,"href":"https:\/\/rdnews.al\/index.php\/wp-json\/wp\/v2\/categories?post=108691"},{"taxonomy":"post_tag","embeddable":true,"href":"https:\/\/rdnews.al\/index.php\/wp-json\/wp\/v2\/tags?post=108691"}],"curies":[{"name":"wp","href":"https:\/\/api.w.org\/{rel}","templated":true}]}}