{"id":108753,"date":"2025-03-29T21:41:23","date_gmt":"2025-03-29T21:41:23","guid":{"rendered":"https:\/\/rdnews.al\/?p=108753"},"modified":"2025-03-29T21:48:01","modified_gmt":"2025-03-29T21:48:01","slug":"qindra-mijera-njerez-protestojne-ne-stamboll-kunder-arrestimit-te-imamoglut","status":"publish","type":"post","link":"https:\/\/rdnews.al\/index.php\/2025\/03\/29\/qindra-mijera-njerez-protestojne-ne-stamboll-kunder-arrestimit-te-imamoglut\/","title":{"rendered":"Qindra mij\u00ebra njer\u00ebz protestojn\u00eb n\u00eb Stamboll kund\u00ebr arrestimit t\u00eb Imamoglut"},"content":{"rendered":"<p>Qindra mij\u00ebra turq protestuan n\u00eb Stamboll t\u00eb shtun\u00ebn kund\u00ebr burgosjes s\u00eb kryetarit t\u00eb qytetit, Ekrem Imamoglu, i cili \u00ebsht\u00eb rivali kryesor i presidentit t\u00eb vendit, Recep Tayyip Erdogan.<\/p>\n<p>Demonstruesit i vazhduan protestat t\u00eb shtun\u00ebn, t\u00eb cilat jan\u00eb shnd\u00ebrruar n\u00eb demonstratat m\u00eb t\u00eb m\u00ebdha n\u00eb Turqi pas m\u00eb shum\u00eb se nj\u00eb dekade.<\/p>\n<p>N\u00eb protest\u00eb u lexua nj\u00eb let\u00ebr nga Imamoglu, e shoq\u00ebruar nga brohoritjet e m\u00ebdha t\u00eb turm\u00ebs.<\/p>\n<p>\u201cNuk kam frik\u00eb, ju m\u00eb q\u00ebndroni pas dhe p\u00ebrkrah. Nuk kam frik\u00eb sepse kombi \u00ebsht\u00eb i bashkuar. Kombi \u00ebsht\u00eb i bashkuar kund\u00ebr shtyp\u00ebsit\u201d, thuhet n\u00eb letr\u00ebn e Imamoglut.<\/p>\n<p>\u201cAta mund t\u00eb m\u00eb fusin n\u00eb burg dhe t\u00eb m\u00eb gjykojn\u00eb sa t\u00eb duan, kombi ka d\u00ebshmuar se do t\u2019i thyej\u00eb t\u00eb gjitha kurthet dhe komplotet\u201d, thuhej n\u00eb let\u00ebr.<\/p>\n<p>Qindra mij\u00ebra turq n\u00eb mbar\u00eb vendin iu p\u00ebrgjigj\u00ebn thirrjeve t\u00eb opozit\u00ebs p\u00ebr protesta, pasi Imamoglu u arrestua jav\u00ebn e kaluar dhe m\u00eb pas u burgos n\u00eb pritje t\u00eb gjyqit n\u00ebn akuza p\u00ebr korrupsion.<\/p>\n<p>Protestat kan\u00eb qen\u00eb kryesisht paq\u00ebsore, por gati 2.000 njer\u00ebz jan\u00eb arrestuar.<\/p>\n<p>Partia kryesore opozitare, Partia Republikane Popullore (CHP), partit\u00eb e tjera opozitare, grupet e t\u00eb drejtave t\u00eb njeriut dhe disa vende per\u00ebndimore kan\u00eb deklaruar se \u00e7\u00ebshtja kund\u00ebr Imamoglu \u00ebsht\u00eb p\u00ebrpjekje e politizuar p\u00ebr ta eliminuar nj\u00eb k\u00ebrc\u00ebnim t\u00eb mundsh\u00ebm elektoral ndaj Erdoganit.<\/p>\n<p>Qeveria mohon \u00e7do ndikim mbi gjyq\u00ebsorin dhe thot\u00eb se gjykatat jan\u00eb t\u00eb pavarura.<\/p>\n<div class=\"wsw__embed\">\n<div class=\"media-pholder media-pholder--video \">\n<div class=\"c-sticky-container\" data-poster=\"https:\/\/gdb.rferl.org\/d4388572-bb55-4662-e8b8-08dd6560d7b8_w250_r1.jpg\">\n<div id=\"sp-1\" class=\"c-sticky-element c-sticky-element--initialised\" data-sp_api=\"pangea-video\" data-persistent=\"\" data-persistent-browse-out=\"\" data-sp_instance_id=\"1\">\n<div id=\"player33357504\" class=\"c-mmp c-mmp--enabled c-mmp--video c-mmp--standard c-mmp--has-poster c-sticky-element__swipe-el c-mmp--m c-mmp--rendered c-mmp--paused c-mmp--can-play\" data-player_id=\"1\" data-title=\"Arrestimi i Imamoglut: Mes akuzave p\u00ebr p\u00ebrndjekje politike, vazhdojn\u00eb protestat n\u00eb Turqi\" data-hide-title=\"False\" data-breakpoint_s=\"320\" data-breakpoint_m=\"640\" data-breakpoint_l=\"992\" data-hlsjs-src=\"\/Scripts\/responsive\/hls.b\" data-bypass-dash-for-vod=\"true\" data-bypass-dash-for-live-video=\"true\" data-bypass-dash-for-live-audio=\"true\">\n<div class=\"c-mmp__poster js-poster c-mmp__poster--video c-mmp__poster--video-vertical\"><img loading=\"lazy\" decoding=\"async\" class=\" enhanced\" title=\"Arrestimi i Imamoglut: Mes akuzave p\u00ebr p\u00ebrndjekje politike, vazhdojn\u00eb protestat n\u00eb Turqi\" src=\"https:\/\/gdb.rferl.org\/d4388572-bb55-4662-e8b8-08dd6560d7b8_w650_r1.jpg\" alt=\"Arrestimi i Imamoglut: Mes akuzave p\u00ebr p\u00ebrndjekje politike, vazhdojn\u00eb protestat n\u00eb Turqi\" width=\"676\" height=\"380\" data-src=\"https:\/\/gdb.rferl.org\/d4388572-bb55-4662-e8b8-08dd6560d7b8_w250_r1.jpg\" \/><\/div>\n<\/div>\n<\/div>\n<\/div>\n<\/div>\n<\/div>\n<p>T\u00eb shtun\u00ebn, qindra mij\u00ebra protestues me flamuj turq dhe pankarta u mblodh\u00ebn n\u00eb nj\u00eb tubim n\u00eb Maltepe, n\u00eb an\u00ebn aziatike t\u00eb Stambollit, p\u00ebr protest\u00ebn &#8220;Liri p\u00ebr Imamoglu&#8221;, t\u00eb organizuar nga CHP-ja.<\/p>\n<p>Policia vendosi masa t\u00eb rrepta sigurie rreth vendit ku po grumbulloheshin mb\u00ebshtet\u00ebsit e opozit\u00ebs.<\/p>\n<p>\u201cN\u00ebse drejt\u00ebsia hesht, populli do t\u00eb flas\u00eb\u201d, shkruhej n\u00eb nj\u00eb pankart\u00eb t\u00eb mbajtur nga turma.<\/p>\n<p>Kreu i CHP-s\u00eb, Ozgur Ozel, duke folur n\u00eb protest\u00eb, tha se miliona turq k\u00ebrkojn\u00eb lirimin e Imamoglut dhe mbajtjen e zgjedhjeve. Ai theksoi se akuzat kund\u00ebr kryebashkiakut jan\u00eb t\u00eb pabaza dhe t\u00eb motivuara politikisht, nd\u00ebrsa CHP-ja b\u00ebri thirrje p\u00ebr bojkot t\u00eb mediave, markave dhe dyqaneve q\u00eb mb\u00ebshtesin Erdoganin.<\/p>\n<p>Jav\u00ebn e kaluar, CHP-ja mbajti zgjedhje t\u00eb brendshme p\u00ebr ta konfirmuar Imamoglun si kandidat p\u00ebr zgjedhjet e ardhshme presidenciale, t\u00eb cilat jan\u00eb planifikuar p\u00ebr vitin 2028.<\/p>\n<p>Megjithat\u00eb, CHP-ja k\u00ebrkon zgjedhje t\u00eb parakohshme, duke argumentuar se Qeveria ka humbur legjitimitetin.<\/p>\n<p>Ministri i Brendsh\u00ebm i Turqis\u00eb, Ali Yerlikaya, tha k\u00ebt\u00eb jav\u00eb se pothuajse 1.900 njer\u00ebz jan\u00eb ndaluar q\u00eb nga fillimi i protestave, nd\u00ebrsa gjykatat kan\u00eb urdh\u00ebruar burgosjen e 260 prej tyre n\u00eb pritje t\u00eb gjyqit.<\/p>\n<p>Erdogan, i cili ka dominuar politik\u00ebn turke p\u00ebr m\u00eb shum\u00eb se dy dekada, i ka quajtur protestat &#8220;shfaqje&#8221;, ka paralajm\u00ebruar pasoja ligjore dhe ka b\u00ebr\u00eb thirrje q\u00eb CHP-ja t\u00eb ndalet &#8220;s\u00eb provokuari&#8221; qytetar\u00ebt.<\/p>\n<p>Q\u00eb nga arrestimi i Imamoglut, tregjet financiare turke kan\u00eb p\u00ebsuar r\u00ebnie t\u00eb ndjeshme, duke detyruar Bank\u00ebn Qendrore t\u00eb p\u00ebrdor\u00eb rezervat p\u00ebr t\u00eb mb\u00ebshtetur lir\u00ebn. Kjo kriz\u00eb ka shkaktuar shqet\u00ebsime edhe n\u00eb sektorin privat.<\/p>\n<p>Qeveria ka deklaruar se ndikimi do t\u00eb jet\u00eb i kufizuar dhe i p\u00ebrkohsh\u00ebm. Banka Qendrore tha se dinamika kryesore e ekonomis\u00eb mbetet e paprekur, por \u00ebsht\u00eb e gatshme t\u00eb marr\u00eb masa shtes\u00eb n\u00ebse \u00ebsht\u00eb e nevojshme.\/REL<\/p>\n","protected":false},"excerpt":{"rendered":"<p>Qindra mij\u00ebra turq protestuan n\u00eb Stamboll t\u00eb shtun\u00ebn kund\u00ebr burgosjes s\u00eb kryetarit t\u00eb qytetit, Ekrem Imamoglu, i cili \u00ebsht\u00eb rivali kryesor i presidentit t\u00eb vendit, Recep Tayyip Erdogan. Demonstruesit i vazhduan protestat t\u00eb shtun\u00ebn, t\u00eb cilat jan\u00eb shnd\u00ebrruar n\u00eb demonstratat m\u00eb t\u00eb m\u00ebdha n\u00eb Turqi pas m\u00eb shum\u00eb se nj\u00eb dekade. N\u00eb protest\u00eb u lexua &hellip;<\/p>\n","protected":false},"author":3,"featured_media":108755,"comment_status":"closed","ping_status":"closed","sticky":false,"template":"","format":"standard","meta":{"footnotes":""},"categories":[38],"tags":[],"class_list":["post-108753","post","type-post","status-publish","format-standard","has-post-thumbnail","","category-bota"],"_links":{"self":[{"href":"https:\/\/rdnews.al\/index.php\/wp-json\/wp\/v2\/posts\/108753","targetHints":{"allow":["GET"]}}],"collection":[{"href":"https:\/\/rdnews.al\/index.php\/wp-json\/wp\/v2\/posts"}],"about":[{"href":"https:\/\/rdnews.al\/index.php\/wp-json\/wp\/v2\/types\/post"}],"author":[{"embeddable":true,"href":"https:\/\/rdnews.al\/index.php\/wp-json\/wp\/v2\/users\/3"}],"replies":[{"embeddable":true,"href":"https:\/\/rdnews.al\/index.php\/wp-json\/wp\/v2\/comments?post=108753"}],"version-history":[{"count":3,"href":"https:\/\/rdnews.al\/index.php\/wp-json\/wp\/v2\/posts\/108753\/revisions"}],"predecessor-version":[{"id":108758,"href":"https:\/\/rdnews.al\/index.php\/wp-json\/wp\/v2\/posts\/108753\/revisions\/108758"}],"wp:featuredmedia":[{"embeddable":true,"href":"https:\/\/rdnews.al\/index.php\/wp-json\/wp\/v2\/media\/108755"}],"wp:attachment":[{"href":"https:\/\/rdnews.al\/index.php\/wp-json\/wp\/v2\/media?parent=108753"}],"wp:term":[{"taxonomy":"category","embeddable":true,"href":"https:\/\/rdnews.al\/index.php\/wp-json\/wp\/v2\/categories?post=108753"},{"taxonomy":"post_tag","embeddable":true,"href":"https:\/\/rdnews.al\/index.php\/wp-json\/wp\/v2\/tags?post=108753"}],"curies":[{"name":"wp","href":"https:\/\/api.w.org\/{rel}","templated":true}]}}