{"id":108768,"date":"2025-03-31T08:58:40","date_gmt":"2025-03-31T08:58:40","guid":{"rendered":"https:\/\/rdnews.al\/?p=108768"},"modified":"2025-03-31T08:59:15","modified_gmt":"2025-03-31T08:59:15","slug":"berisha-te-rinjte-pjese-substanciale-e-qeverisjes-tone-do-te-rikthejme-tiktok-te-censuruar-nga-edi-rama","status":"publish","type":"post","link":"https:\/\/rdnews.al\/index.php\/2025\/03\/31\/berisha-te-rinjte-pjese-substanciale-e-qeverisjes-tone-do-te-rikthejme-tiktok-te-censuruar-nga-edi-rama\/","title":{"rendered":"Berisha: T\u00eb rinjt\u00eb pjes\u00eb substanciale e qeverisjes ton\u00eb! Do t\u00eb rikthejm\u00eb TikTok-un e censuruar nga Edi Rama"},"content":{"rendered":"<p><em>Kryetari i Partis\u00eb Demokratike, Sali Berisha, mori pjes\u00eb dje n\u00eb nj\u00eb tryez\u00eb diskutimi me tem\u00ebn \u201cRiktheni t\u00eb rinjt\u00eb shqiptar\u00eb p\u00ebrs\u00ebri n\u00eb atdhe\u201d, t\u00eb organizuar nga Departamenti Brain Gain n\u00eb bashk\u00ebpunim me Lidhjen Demokratike t\u00eb Gruas (LDG) dhe Forumin Rinor t\u00eb Partis\u00eb Demokratike (FRPD).<\/em><\/p>\n<p><em>Gjat\u00eb fjal\u00ebs s\u00eb tij, Berisha u shpreh se t\u00eb rinjt\u00eb do t\u00eb jen\u00eb n\u00eb qend\u00ebr t\u00eb fushat\u00ebs zgjedhore t\u00eb PD-s\u00eb. \u00a0\u2018Tani ne jemi n\u00eb fushat\u00eb zgjedhore dhe kam folur me drejtuesit, dhe e kuptojm\u00eb se fytyra e fushat\u00ebs ton\u00eb, t\u00eb jet\u00eb fytyra juaj, sh\u00ebmb\u00eblltyra e fushat\u00ebs ton\u00eb t\u00eb jet\u00eb fytyra juaj dhe mendoj se kjo \u00ebsht\u00eb gj\u00ebja m\u00eb e mir\u00eb\u2019, u shpreh ai gjat\u00eb fjal\u00ebs s\u00eb tij.<\/em><\/p>\n<p><em>Kreu demokrat deklaroi ne takimin e organizuar nga t\u00eb rinjt\u00eb dhe t\u00eb rejat, se \u201cEdi Rama \u00ebsht\u00eb arrogant i lindur, i urren t\u00eb rinjt\u00eb dhe prandaj ata duhet q\u00eb t\u00eb votojm\u00eb p\u00ebr ta l\u00ebn\u00eb at\u00eb n\u00eb t\u00eb shkuar\u00ebn\u201d.<\/em><\/p>\n<p><em>\u2018Edi Rama \u00ebsht\u00eb nj\u00eb arrogant i lindur dhe e ka n\u00eb gjak, \u00ebsht\u00eb problematik, v\u00ebrtet\u00eb problematik.<\/em><\/p>\n<p><em>Ai e di se t\u00eb rinjt\u00eb e urrejn\u00eb arroganc\u00ebn dhe nuk e pranojn\u00eb, e k\u00ebshtu ata nuk e pranojn\u00eb. Do q\u00eb ai t\u00eb largohen nga vendi.<\/em><\/p>\n<p><em>Sot \u00e7do i ri e re, duhet t\u00eb votoj\u00eb p\u00ebr la l\u00ebn\u00eb Edi Ram\u00ebn n\u00eb t\u00eb kaluar\u00ebn\u2019, theksoi kreu i PD-s\u00eb, Sali Berisha gjat\u00eb fjal\u00ebs s\u00eb tij.<\/em><\/p>\n<p><em>Kryetari i Partis\u00eb Demokratike Sali Berisha duke folur n\u00eb takimin e organizuar nga t\u00eb rinjt\u00eb dhe lidhja demokratike e gruas, u shpreh se, rikthimi i Tik Tok, heqja e censur\u00ebs ndaj k\u00ebtij rrjeti social do t\u00eb jet\u00eb vendim i menj\u00ebhersh\u00ebm pas fitores n\u00eb 11 maj. Sipas Berish\u00ebs, censura e fjal\u00ebs \u00ebsht\u00eb hapi i par\u00eb drejt diktatur\u00ebs.<\/em><\/p>\n<p><strong>FJALA E KRYETARIT T\u00cb PD, SALI BERISHA ME TE RINJTE E \u2018BRAIN GAIN\u2019, LDGSH DHE FRPD<\/strong><\/p>\n<p>S\u00eb pari, urime p\u00ebr k\u00ebt\u00eb dit\u00eb t\u00eb r\u00ebnd\u00ebsishme, q\u00eb kuror\u00ebzon sakrificat dhe tregon \u00e7do arritje dhe n\u00eb baz\u00eb t\u00eb gjith\u00e7kaje \u00ebsht\u00eb sakrifica e njeriut, duken \u00ebnd\u00ebrrat, ambiciet tuaja, synimet tuaja se \u00e7far\u00eb d\u00ebshironi t\u00eb realizoni.<\/p>\n<p>Dua t\u00eb ju fal\u00ebnderoj edhe nj\u00ebher\u00eb presidenc\u00ebn p\u00ebr pranin\u00eb e tyre k\u00ebtu n\u00eb mb\u00ebshtetje t\u00eb PD, dhe t\u00eb ju fal\u00ebnderoj t\u00eb gjith\u00eb juve, departamentin p\u00ebr t\u00eb rinjt\u00eb dhe FRPD-n\u00eb p\u00ebr pun\u00ebn e tyre t\u00eb shk\u00eblqyer.<\/p>\n<p>\u00cbsht\u00eb nj\u00eb kontribut i r\u00ebnd\u00ebsish\u00ebm q\u00eb i \u00ebsht\u00eb sjell\u00eb PD-s\u00eb dhe Shqip\u00ebris\u00eb.<\/p>\n<p>Tani ne jemi n\u00eb fushat\u00eb zgjedhore dhe kam folur me drejtuesit, dhe e kuptojm\u00eb se fytyra e fushat\u00ebs ton\u00eb, t\u00eb jet\u00eb fytyra juaj, sh\u00ebmb\u00eblltyra e fushat\u00ebs ton\u00eb t\u00eb jet\u00eb fytyra juaj dhe mendoj se kjo \u00ebsht\u00eb gj\u00ebja m\u00eb e mir\u00eb.<\/p>\n<p>Kjo t\u00eb jet\u00eb sh\u00ebmb\u00eblltyra m\u00eb e mir\u00eb e cila duhet t\u00eb p\u00ebrhapet n\u00eb mbar\u00eb vendin.<\/p>\n<p>Puna m\u00eb intensive gjat\u00eb k\u00ebtyre 40 dit\u00ebve, do t\u00eb b\u00ebhet prej kush, sepse dinamizmi, dinamika juaj \u00ebsht\u00eb jet\u00ebsore dhe do t\u00eb tregoj\u00eb sh\u00ebmb\u00eblltyr\u00ebn e v\u00ebrtet\u00eb t\u00eb PD.<\/p>\n<p>N\u00eb k\u00ebt\u00eb fushat\u00eb, ka 58 kandidat\u00eb n\u00ebn mosh\u00ebn 40 vje\u00e7. Kjo \u00ebsht\u00eb mosha e pranueshme p\u00ebr ta quajtur dik\u00eb t\u00eb ri.<\/p>\n<p>Ne do t\u00eb jemi t\u00eb angazhuar ndaj nj\u00eb politike, e cila do t\u00eb kthej\u00eb t\u00eb rinjt\u00eb shqiptar\u00eb, kudo q\u00eb ndodhen, kudo ku punojn\u00eb n\u00eb bot\u00eb, dhe po t\u00eb shikosh sot n\u00eb mbar\u00eb bot\u00ebn m\u00eb t\u00eb famshmit mes shqiptar\u00ebve jan\u00eb t\u00eb rinjt\u00eb.<\/p>\n<p>Le t\u00eb marrim Mira Muratin. Ajo \u00ebsht\u00eb magjistarja e inteligjenc\u00ebs artificiale dhe Dua Lipa, ndoshta \u00ebsht\u00eb z\u00ebri m\u00eb i bukur sot n\u00eb sken\u00ebn bot\u00ebrore.<\/p>\n<p>Jam mir\u00ebnjoh\u00ebs dhe jam i prekur n\u00eb pun\u00ebn q\u00eb ka b\u00ebr\u00eb Andi dhe koleg\u00ebt e tij, kan\u00eb punuar n\u00eb vende t\u00eb ndryshme dhe kan\u00eb arritur t\u00eb tregojn\u00eb pranin\u00eb e p\u00ebrhershme n\u00eb jet\u00ebn e PD-s\u00eb dhe Shqip\u00ebris\u00eb.<\/p>\n<p>Ata jan\u00eb nj\u00eb simbol i atdhedashuris\u00eb, sepse ata kan\u00eb pun\u00ebt e tyre, jet\u00ebn e tyre, por ata kan\u00eb kaluar shum\u00eb koh\u00eb dhe jan\u00eb angazhuar me PD-n\u00eb, nj\u00ebsoj sikur t\u00eb ishin n\u00eb Shqip\u00ebri.<\/p>\n<p>Ideja e kthimit t\u00eb trurit, u diktua prej largimit t\u00eb trurit.<\/p>\n<p>Ne u p\u00ebrball\u00ebm me nj\u00eb largim, nj\u00eb eksod t\u00eb madh gjat\u00eb viteve t\u00eb fundit. N\u00eb k\u00ebt\u00eb kontekst p\u00ebr ne kthimi i shqiptar\u00ebve na e ka b\u00ebr\u00eb m\u00eb t\u00eb v\u00ebshtir\u00eb komunikimi me ta, \u00ebsht\u00eb i nj\u00eb r\u00ebnd\u00ebsie t\u00eb ve\u00e7ant\u00eb.<\/p>\n<p>N\u00eb vitet 2005-2013, kur filluam administrat\u00ebn kishim gjithsej 1.5 p\u00ebrqind t\u00eb pun\u00ebsuar q\u00eb kishin p\u00ebrfunduar jasht\u00eb Shqip\u00ebris\u00eb dhe kur p\u00ebrfunduam projektin e kthimit t\u00eb trurit e mbaruam me 21 p\u00ebrqind n\u00eb administrat\u00eb.<\/p>\n<p>M\u00eb tep\u00ebr se 50 p\u00ebrqind e tyre iu shtuan stafit akademik t\u00eb universiteteve, shqiptar\u00eb q\u00eb vinin nga vende t\u00eb ndryshme.<\/p>\n<p>M\u00eb pas ata u z\u00ebvend\u00ebsuan nga militant\u00eb dhe patronazhist\u00eb, meqen\u00ebse ishin shum\u00eb t\u00eb angazhuar me dijet e tyre. Njoh shum\u00eb prej tyre t\u00eb cil\u00ebt kan\u00eb ikur dhe punojn\u00eb n\u00eb\u00a0 vende t\u00eb tjera.<\/p>\n<p>Por ne nuk duhet t\u00eb shkurajohemi, por t\u00eb punojm\u00eb q\u00eb gj\u00ebrat t\u00eb shkojn\u00eb m\u00eb mir\u00eb. Ajo q\u00eb departamenti tregoi, duke punuar si opozit\u00eb punoi shum\u00eb m\u00eb mir\u00eb p\u00ebr tu afruar pran\u00eb t\u00eb rinjve dhe ka merit\u00ebn e padiskutueshme q\u00eb \u00ebsht\u00eb afruar me t\u00eb rinjt\u00eb.<\/p>\n<p>K\u00ebta t\u00eb rinj do t\u00eb jen\u00eb pjes\u00eb substanciale e administrat\u00ebs s\u00eb ardhshme.<\/p>\n<p>Do t\u00eb jen\u00eb pjes\u00eb substanciale e qeverisjes ton\u00eb dhe ne kemi shum\u00eb nevoj\u00eb p\u00ebr kontributin e t\u00eb rinjve. Ai kontribut \u00ebsht\u00eb jetik.<\/p>\n<p>Misioni nuk mund t\u00eb realizohet pa energjin\u00eb dhe \u00ebnd\u00ebrrat tuaja. Dhe \u00ebnd\u00ebrrat tuaja do ti japin t\u00eb ardhmen k\u00ebtij vendi.<\/p>\n<p>S\u00eb bashku me Besartin ne kemi folur shum\u00eb p\u00ebr programin dhe s\u00eb bashku me ju, ai ka hartuar nj\u00eb program shum\u00eb t\u00eb mir\u00eb, prandaj ne do t\u00eb b\u00ebjm\u00eb m\u00eb t\u00eb mir\u00ebn q\u00eb \u00e7do i ri n\u00eb Shqip\u00ebri t\u00eb ket\u00eb mund\u00ebsi p\u00ebr t\u00eb marr\u00eb bursa, t\u00eb diplomohen n\u00eb m\u00ebnyr\u00eb q\u00eb t\u00eb fitojn\u00eb nj\u00eb vend pune.<\/p>\n<p>Por jo vet\u00ebm kaq.<\/p>\n<p>Ne do mund\u00ebsojm\u00eb kredi t\u00eb buta p\u00ebr \u00e7do \u00e7ift t\u00eb ri, p\u00ebr banes\u00eb. E di se \u00e7mimet sot jan\u00eb shum\u00eb t\u00eb larta dhe duket se banesa \u00ebsht\u00eb moll\u00eb e ndaluar, megjithat\u00eb ne do t\u00eb ofrojm\u00eb mund\u00ebsi reale p\u00ebr ju, me mb\u00ebshtetje financiare dhe kredi t\u00eb buta.<\/p>\n<p>Ne do t\u00eb b\u00ebjm\u00eb gjith\u00e7ka q\u00eb politika e f\u00ebmij\u00ebs s\u00eb tret\u00eb, t\u00eb jet\u00eb mb\u00ebshtetje q\u00eb p\u00ebr f\u00ebmij\u00ebn e tret\u00eb shteti t\u00eb jap\u00eb mb\u00ebshtetjen e tij deri n\u00eb mosh\u00ebn 23 vje\u00e7e.<\/p>\n<p>\u00c7do i ri, apo \u00e7do emigrant do t\u00eb trajtohet pa dallime n\u00ebse do t\u00eb vij\u00eb p\u00ebr t\u00eb investuar n\u00eb Shqip\u00ebri, nuk do t\u00eb taksohet p\u00ebr 5 vite. Ne do t\u00eb punojm\u00eb q\u00eb ti rikthejm\u00eb n\u00eb Shqip\u00ebri.<\/p>\n<p>Kund\u00ebrshtar\u00ebt tan\u00eb kan\u00eb kopjuar programin ton\u00eb, por ata jan\u00eb g\u00ebnjeshtar\u00eb dhe t\u00eb korruptuar dhe n\u00eb k\u00ebt\u00eb m\u00ebnyr\u00eb e trajtojn\u00eb programin.<\/p>\n<p>Kan\u00eb 12 vite n\u00eb pushtet dhe nuk kan\u00eb ofruar asgj\u00eb tjet\u00ebr ve\u00e7 se kan\u00eb d\u00ebbuar t\u00eb rinjt\u00eb nga vendi.<\/p>\n<p>Edi Rama \u00ebsht\u00eb nj\u00eb arrogant i lindur dhe e ka n\u00eb gjak, \u00ebsht\u00eb problematik, v\u00ebrtet\u00eb problematik.<\/p>\n<p>Ai e di se t\u00eb rinjt\u00eb e urrejn\u00eb arroganc\u00ebn dhe nuk e pranojn\u00eb, e k\u00ebshtu ata nuk e pranojn\u00eb. Do q\u00eb ai t\u00eb largohen nga vendi.<\/p>\n<p>Sot \u00e7do i ri e re, duhet t\u00eb votoj\u00eb p\u00ebr la l\u00ebn\u00eb Edi Ram\u00ebn n\u00eb t\u00eb kaluar\u00ebn.<\/p>\n<p>Nj\u00eb prej vendimeve t\u00eb para do t\u00eb jet\u00eb hapja e Tik Tok, sepse duke mbyllur Tik Tokun ai u kthye te et\u00ebrit e tij.<\/p>\n<p>T\u00eb nderuar zonja e zot\u00ebrinj, ky person 2 metra i gjat\u00eb, me atlete q\u00eb duhet piktor dhe sportist n\u00eb aren\u00ebn nd\u00ebrkomb\u00ebtare, \u00ebsht\u00eb djali i babit t\u00eb tij i cili n\u00eb 10 gusht 1988, firmosi varjen e poetit disident Havzi Nela. N\u00eb at\u00eb mbledhje t\u00eb presidiumit u mor ky vendim, dhe ai ishte i pari pas diktatorit q\u00eb e n\u00ebnshkroi k\u00ebt\u00eb. Pse? Sepse ai nuk i pranonte vjershat kund\u00ebr regjimit, sepse ato ishin vjersha p\u00ebr lirin\u00eb e fjal\u00ebs.<\/p>\n<p>Ai k\u00ebrkonte q\u00eb era e ndryshimit t\u00eb vinte dhe n\u00eb vendin ton\u00eb, e k\u00ebrkonte edhe lirin\u00eb e shprehjes.<\/p>\n<p>Meqen\u00ebse fjala e tij k\u00ebrc\u00ebnonte pushtetin e tyre, ata e var\u00ebn poetin. Megjithat\u00eb djali nuk mund t\u00eb jet\u00eb p\u00ebrgjegj\u00ebs p\u00ebr veprat e babait, por ai duhet t\u00eb k\u00ebrkoj\u00eb falje p\u00ebr d\u00ebnuar at\u00eb q\u00eb ka b\u00ebr\u00eb babai i tij.<\/p>\n<p>Edi Rama nuk e ka b\u00ebr\u00eb kurr\u00eb k\u00ebt\u00eb, p\u00ebrkundrazi ai ka th\u00ebn\u00eb se; babai im ishte n\u00eb an\u00ebn e duhur t\u00eb historis\u00eb.<\/p>\n<p>Pra ai ka nj\u00eb marr\u00ebdh\u00ebnie t\u00eb v\u00ebshtir\u00eb me t\u00eb rinjt\u00eb.<\/p>\n<p>Vendimi i par\u00eb do t\u00eb jet\u00eb hapja e Tik Tok sepse, duke goditur k\u00ebt\u00eb platform\u00eb p\u00ebr q\u00ebllime censure t\u00eb gjith\u00eb duhet ta din\u00eb se, \u00e7do diktatur\u00eb fillon me censur\u00ebn.<\/p>\n<p>Kur ti nuk e duron at\u00eb q\u00eb duron kund\u00ebrshtari at\u00ebher\u00eb ke nj\u00eb problem me veten.<\/p>\n<p>Edhe nj\u00ebher\u00eb ju p\u00ebrg\u00ebzoj dhe shpreh vler\u00ebsimin e thell\u00eb p\u00ebr kontributin e \u00e7muar q\u00eb keni dh\u00ebn\u00eb.<\/p>\n<p>Faleminderit shum\u00eb!<\/p>\n","protected":false},"excerpt":{"rendered":"<p>Kryetari i Partis\u00eb Demokratike, Sali Berisha, mori pjes\u00eb dje n\u00eb nj\u00eb tryez\u00eb diskutimi me tem\u00ebn \u201cRiktheni t\u00eb rinjt\u00eb shqiptar\u00eb p\u00ebrs\u00ebri n\u00eb atdhe\u201d, t\u00eb organizuar nga Departamenti Brain Gain n\u00eb bashk\u00ebpunim me Lidhjen Demokratike t\u00eb Gruas (LDG) dhe Forumin Rinor t\u00eb Partis\u00eb Demokratike (FRPD). Gjat\u00eb fjal\u00ebs s\u00eb tij, Berisha u shpreh se t\u00eb rinjt\u00eb do t\u00eb &hellip;<\/p>\n","protected":false},"author":4,"featured_media":108769,"comment_status":"closed","ping_status":"closed","sticky":false,"template":"","format":"standard","meta":{"footnotes":""},"categories":[37],"tags":[],"class_list":["post-108768","post","type-post","status-publish","format-standard","has-post-thumbnail","","category-politike"],"_links":{"self":[{"href":"https:\/\/rdnews.al\/index.php\/wp-json\/wp\/v2\/posts\/108768","targetHints":{"allow":["GET"]}}],"collection":[{"href":"https:\/\/rdnews.al\/index.php\/wp-json\/wp\/v2\/posts"}],"about":[{"href":"https:\/\/rdnews.al\/index.php\/wp-json\/wp\/v2\/types\/post"}],"author":[{"embeddable":true,"href":"https:\/\/rdnews.al\/index.php\/wp-json\/wp\/v2\/users\/4"}],"replies":[{"embeddable":true,"href":"https:\/\/rdnews.al\/index.php\/wp-json\/wp\/v2\/comments?post=108768"}],"version-history":[{"count":2,"href":"https:\/\/rdnews.al\/index.php\/wp-json\/wp\/v2\/posts\/108768\/revisions"}],"predecessor-version":[{"id":108771,"href":"https:\/\/rdnews.al\/index.php\/wp-json\/wp\/v2\/posts\/108768\/revisions\/108771"}],"wp:featuredmedia":[{"embeddable":true,"href":"https:\/\/rdnews.al\/index.php\/wp-json\/wp\/v2\/media\/108769"}],"wp:attachment":[{"href":"https:\/\/rdnews.al\/index.php\/wp-json\/wp\/v2\/media?parent=108768"}],"wp:term":[{"taxonomy":"category","embeddable":true,"href":"https:\/\/rdnews.al\/index.php\/wp-json\/wp\/v2\/categories?post=108768"},{"taxonomy":"post_tag","embeddable":true,"href":"https:\/\/rdnews.al\/index.php\/wp-json\/wp\/v2\/tags?post=108768"}],"curies":[{"name":"wp","href":"https:\/\/api.w.org\/{rel}","templated":true}]}}