{"id":10877,"date":"2022-04-30T10:49:27","date_gmt":"2022-04-30T10:49:27","guid":{"rendered":"https:\/\/rdnews.al\/?p=10877"},"modified":"2022-04-30T10:53:18","modified_gmt":"2022-04-30T10:53:18","slug":"kuvendi-shkarkon-alibeajn-miratohet-data-e-zgjedhjeve-per-kryetarin-e-ri-te-pd","status":"publish","type":"post","link":"https:\/\/rdnews.al\/index.php\/2022\/04\/30\/kuvendi-shkarkon-alibeajn-miratohet-data-e-zgjedhjeve-per-kryetarin-e-ri-te-pd\/","title":{"rendered":"Kuvendi shkarkon Alibeajn, miratohet data e zgjedhjeve p\u00ebr kryetarin e ri t\u00eb PD"},"content":{"rendered":"<p>Kuvendi Komb\u00ebtar i Partis\u00eb Demokratike miratoi dat\u00ebn kur do t\u00eb mbahen zgjedhjet p\u00ebr kreun e ri t\u00eb partis\u00eb. M\u00eb 22 maj, PD do t\u00eb futet n\u00eb zgjedhje p\u00ebr t\u00eb caktuar drejtuesin e ri t\u00eb partis\u00eb.<\/p>\n<p>\u201cP\u00ebrcaktimi i dat\u00ebs 22 maj si dita kur do zhvillohen zgjedhjet p\u00ebr kryetarin e PD, ky vendim hyn n\u00eb fuqi menj\u00ebher\u00eb\u201d,\u00a0tha K\u00eblli\u00e7i.<\/p>\n<p>Nd\u00ebrkoh\u00eb Komisioni i Rithemelimit ka vendosur t\u00eb shkarkoj\u00eb nga detyra kreun e grupit parlamentar t\u00eb PD-s\u00eb, Enkelejd Alibeajn.<\/p>\n<p>Kryetari i Komisionit p\u00ebr zhvillimet e Kuvendit Komb\u00ebtar t\u00eb PD-s\u00eb, Belind K\u00eblli\u00e7i shpalli vendin vakant nd\u00ebrsa theksoi se ngarkohet k\u00ebshilli komb\u00ebtar p\u00ebr zgjedhjen e tij.<\/p>\n<p>\u201cN\u00eb mb\u00ebshtetje t\u00eb statutit t\u00eb Partis\u00eb Demokratike, p\u00ebr organizimin dhe funksionimin e grupit parlamentar t\u00eb PD.\u00a0Me propozim t\u00eb Rithemelimit, Kuvendi vendosi t\u00eb konstatoj\u00eb vakanc\u00ebn e kryetarit t\u00eb grupit parlamentar t\u00eb PD. Ngarkohet K\u00ebshilli Komb\u00ebtar p\u00ebr zgjedhjen\u201d,\u00a0tha K\u00eblli\u00e7i.<\/p>\n","protected":false},"excerpt":{"rendered":"<p>Kuvendi Komb\u00ebtar i Partis\u00eb Demokratike miratoi dat\u00ebn kur do t\u00eb mbahen zgjedhjet p\u00ebr kreun e ri t\u00eb partis\u00eb. M\u00eb 22 maj, PD do t\u00eb futet n\u00eb zgjedhje p\u00ebr t\u00eb caktuar drejtuesin e ri t\u00eb partis\u00eb. \u201cP\u00ebrcaktimi i dat\u00ebs 22 maj si dita kur do zhvillohen zgjedhjet p\u00ebr kryetarin e PD, ky vendim hyn n\u00eb fuqi &hellip;<\/p>\n","protected":false},"author":4,"featured_media":10878,"comment_status":"open","ping_status":"open","sticky":false,"template":"","format":"standard","meta":{"footnotes":""},"categories":[37],"tags":[],"class_list":["post-10877","post","type-post","status-publish","format-standard","has-post-thumbnail","","category-politike"],"_links":{"self":[{"href":"https:\/\/rdnews.al\/index.php\/wp-json\/wp\/v2\/posts\/10877","targetHints":{"allow":["GET"]}}],"collection":[{"href":"https:\/\/rdnews.al\/index.php\/wp-json\/wp\/v2\/posts"}],"about":[{"href":"https:\/\/rdnews.al\/index.php\/wp-json\/wp\/v2\/types\/post"}],"author":[{"embeddable":true,"href":"https:\/\/rdnews.al\/index.php\/wp-json\/wp\/v2\/users\/4"}],"replies":[{"embeddable":true,"href":"https:\/\/rdnews.al\/index.php\/wp-json\/wp\/v2\/comments?post=10877"}],"version-history":[{"count":0,"href":"https:\/\/rdnews.al\/index.php\/wp-json\/wp\/v2\/posts\/10877\/revisions"}],"wp:featuredmedia":[{"embeddable":true,"href":"https:\/\/rdnews.al\/index.php\/wp-json\/wp\/v2\/media\/10878"}],"wp:attachment":[{"href":"https:\/\/rdnews.al\/index.php\/wp-json\/wp\/v2\/media?parent=10877"}],"wp:term":[{"taxonomy":"category","embeddable":true,"href":"https:\/\/rdnews.al\/index.php\/wp-json\/wp\/v2\/categories?post=10877"},{"taxonomy":"post_tag","embeddable":true,"href":"https:\/\/rdnews.al\/index.php\/wp-json\/wp\/v2\/tags?post=10877"}],"curies":[{"name":"wp","href":"https:\/\/api.w.org\/{rel}","templated":true}]}}