{"id":108797,"date":"2025-03-31T10:56:32","date_gmt":"2025-03-31T10:56:32","guid":{"rendered":"https:\/\/rdnews.al\/?p=108797"},"modified":"2025-03-31T10:56:32","modified_gmt":"2025-03-31T10:56:32","slug":"programi-per-sipermarrjen-berisha-lehtesi-per-te-rinjte-dhe-grate-8-vite-pa-taksa-kush-investon-ne-zonat-malore","status":"publish","type":"post","link":"https:\/\/rdnews.al\/index.php\/2025\/03\/31\/programi-per-sipermarrjen-berisha-lehtesi-per-te-rinjte-dhe-grate-8-vite-pa-taksa-kush-investon-ne-zonat-malore\/","title":{"rendered":"Programi p\u00ebr sip\u00ebrmarrjen\/ Berisha: Leht\u00ebsi p\u00ebr t\u00eb rinjt\u00eb dhe grat\u00eb! 8 vite pa taksa kush investon n\u00eb zonat malore"},"content":{"rendered":"<p>Kryetari i Partis\u00eb Demokratike, Sali Berisha prezantoi n\u00eb konferenc\u00ebn p\u00ebr shtyp t\u00eb s\u00eb h\u00ebn\u00ebs, nj\u00eb paket\u00eb t\u00eb re masash p\u00ebr t\u00eb mb\u00ebshtetur sip\u00ebrmarrjen, me theks t\u00eb ve\u00e7ant\u00eb tek t\u00eb rinjt\u00eb dhe grat\u00eb.<\/p>\n<p>Sipas Berish\u00ebs, programi parashikon leht\u00ebsi fiskale, p\u00ebrjashtime nga taksat dhe subvencione p\u00ebr ata q\u00eb investojn\u00eb n\u00eb sektor\u00eb strategjik\u00eb, ve\u00e7an\u00ebrisht n\u00eb zonat malore, ku investitor\u00ebt do t\u00eb p\u00ebrfitojn\u00eb nga nj\u00eb periudh\u00eb 8-vje\u00e7are pa taksa.<\/p>\n<p>\u201cQeveria dhe operator\u00ebt turistik\u00eb do t\u00eb bashk\u00ebpunojn\u00eb n\u00eb m\u00ebnyr\u00eb q\u00eb punonj\u00ebsit sezonal\u00eb t\u00eb turizmit t\u00eb mund t\u00eb paguhen me nj\u00eb rrog\u00eb baz\u00eb n\u00eb periudh\u00ebn kur n\u00eb pikun e munges\u00ebs s\u00eb turizmit, gjat\u00eb stin\u00ebs q\u00eb nuk ka turist\u00eb, sepse ata dalin n\u00eb qiell t\u00eb hapur pa asnj\u00eb mbrojtje.<\/p>\n<p>Nj\u00eb pjes\u00eb e tyre jan\u00eb sezonal\u00eb, jan\u00eb student\u00eb, jan\u00eb nx\u00ebn\u00ebs, por t\u00eb tjer\u00eb q\u00eb nuk jan\u00eb sezonal\u00eb n\u00eb k\u00ebt\u00eb pun\u00eb, do t\u00eb trajtohen me dinjitet dhe nuk do mund t\u00eb flaken sipas sezonit, sikund\u00ebr kujdesje e ve\u00e7ant\u00eb do b\u00ebhet p\u00ebr k\u00ebta punonj\u00ebs lidhur me kushtet e jetes\u00ebs s\u00eb tyre q\u00eb duhet t\u00eb jen\u00eb brenda standardeve njer\u00ebzore.<\/p>\n<p>Ligji p\u00ebr investimet strategjike p\u00ebson ndryshim rr\u00ebnj\u00ebsor.<\/p>\n<p>\u00c7do titull strategjik i dh\u00ebn\u00eb me koncesion anulohet.<\/p>\n<p>\u00c7do shqiptar q\u00eb vjen p\u00ebr t\u00eb investuar n\u00eb Shqip\u00ebri do t\u00eb jet\u00eb 5 vite pa taksa kudo q\u00eb t\u00eb investoj\u00eb.<\/p>\n<p>Por ataq\u00eb investojn\u00eb n\u00eb zonat malore, ata do jen\u00eb 8 vite pa taksa, si\u00e7 ka qen\u00eb ligji q\u00eb e anuloi Edi Rama, por e rikthen tani p\u00ebr grupe q\u00eb i interesojn\u00eb atij.<\/p>\n<p>500 t\u00eb par\u00ebt thot\u00eb ai, se ata 500 t\u00eb dyt\u00ebt jan\u00eb t\u00eb njerk\u00ebs ata, nuk mund t\u00eb p\u00ebrfitojn\u00eb. Me ca koncepte t\u00eb ndryshkura.<\/p>\n<p>Eksportet, p\u00ebrve\u00e7 bordit q\u00eb u informova ju, do krijohet bordi q\u00eb do monitoroj\u00eb dhe kompensoj\u00eb d\u00ebmet e krijuara nga l\u00ebkundjet e kursit t\u00eb narko-euros.<\/p>\n<p>Do krijohet fondi p\u00ebr mb\u00ebshtetjen, mbrojtjen dhe nxitjen e eksporteve.<\/p>\n<p>P\u00ebr t\u00eb rinjt\u00eb, zero sigurime shoq\u00ebrore dhe sh\u00ebndet\u00ebsore p\u00ebr 12 muajt e par\u00eb t\u00eb pun\u00ebsimit. \u00c7do i ri n\u00ebn 30 vje\u00e7.<\/p>\n<p>P\u00ebrjashtim nga tatimi mbi t\u00eb ardhurat gjer n\u00eb mosh\u00ebn 25 vje\u00e7.<\/p>\n<p>Stimuj fiskal\u00eb dhe mb\u00ebshtetje financiare p\u00ebr investitor\u00ebt n\u00ebn mosh\u00ebn 35 vje\u00e7 q\u00eb duan t\u00eb investojn\u00eb n\u00eb startup-e dhe inovacion.<\/p>\n<p>Mb\u00ebshtetje e fort\u00eb e arsimit profesional dhe ekselencave t\u00eb tij p\u00ebr biznesi.<\/p>\n<p>P\u00ebr zonjat, grat\u00eb, zero tatim fitimi p\u00ebr vitin e par\u00eb t\u00eb biznesit. Subvencionim i sigurimeve sh\u00ebndet\u00ebsore dhe shoq\u00ebrore p\u00ebr 4 muajt e par\u00eb, me kushtin q\u00eb gjysma e t\u00eb pun\u00ebsuarve t\u00eb jen\u00eb femra dhe t\u00eb rinj.<\/p>\n<p>Kredi t\u00eb buta bankare nga banka e zhvillimit me preferenc\u00eb p\u00ebr grat\u00eb dhe krijimi i nj\u00eb fondi p\u00ebr mb\u00ebshtetjen e bizneseve t\u00eb grave.<\/p>\n<p>Pra, do b\u00ebhet gjith\u00e7ka p\u00ebr pushtet\u00ebrimin ekonomik t\u00eb grave n\u00eb Shqip\u00ebri.<\/p>\n<p>Kjo \u00ebsht\u00eb nj\u00eb m\u00ebnyr\u00eb e suksesshme p\u00ebr t\u00eb luftuar pabarazin\u00eb e madhe gjinore q\u00eb ekziston n\u00eb rrafshin ekonomik midis burrave dhe grave.<\/p>\n<p>Kjo \u00ebsht\u00eb e domosdoshme gjithashtu n\u00eb m\u00ebnyr\u00eb q\u00eb grat\u00eb, vajzat t\u00eb mund t\u00eb shpalosin n\u00eb kushte normale talentin, aft\u00ebsin\u00eb e tyre n\u00eb fush\u00ebn e biznesit\u201d, u shpreh Berisha.<\/p>\n","protected":false},"excerpt":{"rendered":"<p>Kryetari i Partis\u00eb Demokratike, Sali Berisha prezantoi n\u00eb konferenc\u00ebn p\u00ebr shtyp t\u00eb s\u00eb h\u00ebn\u00ebs, nj\u00eb paket\u00eb t\u00eb re masash p\u00ebr t\u00eb mb\u00ebshtetur sip\u00ebrmarrjen, me theks t\u00eb ve\u00e7ant\u00eb tek t\u00eb rinjt\u00eb dhe grat\u00eb. Sipas Berish\u00ebs, programi parashikon leht\u00ebsi fiskale, p\u00ebrjashtime nga taksat dhe subvencione p\u00ebr ata q\u00eb investojn\u00eb n\u00eb sektor\u00eb strategjik\u00eb, ve\u00e7an\u00ebrisht n\u00eb zonat malore, ku &hellip;<\/p>\n","protected":false},"author":4,"featured_media":108798,"comment_status":"closed","ping_status":"closed","sticky":false,"template":"","format":"standard","meta":{"footnotes":""},"categories":[37],"tags":[],"class_list":["post-108797","post","type-post","status-publish","format-standard","has-post-thumbnail","","category-politike"],"_links":{"self":[{"href":"https:\/\/rdnews.al\/index.php\/wp-json\/wp\/v2\/posts\/108797","targetHints":{"allow":["GET"]}}],"collection":[{"href":"https:\/\/rdnews.al\/index.php\/wp-json\/wp\/v2\/posts"}],"about":[{"href":"https:\/\/rdnews.al\/index.php\/wp-json\/wp\/v2\/types\/post"}],"author":[{"embeddable":true,"href":"https:\/\/rdnews.al\/index.php\/wp-json\/wp\/v2\/users\/4"}],"replies":[{"embeddable":true,"href":"https:\/\/rdnews.al\/index.php\/wp-json\/wp\/v2\/comments?post=108797"}],"version-history":[{"count":1,"href":"https:\/\/rdnews.al\/index.php\/wp-json\/wp\/v2\/posts\/108797\/revisions"}],"predecessor-version":[{"id":108799,"href":"https:\/\/rdnews.al\/index.php\/wp-json\/wp\/v2\/posts\/108797\/revisions\/108799"}],"wp:featuredmedia":[{"embeddable":true,"href":"https:\/\/rdnews.al\/index.php\/wp-json\/wp\/v2\/media\/108798"}],"wp:attachment":[{"href":"https:\/\/rdnews.al\/index.php\/wp-json\/wp\/v2\/media?parent=108797"}],"wp:term":[{"taxonomy":"category","embeddable":true,"href":"https:\/\/rdnews.al\/index.php\/wp-json\/wp\/v2\/categories?post=108797"},{"taxonomy":"post_tag","embeddable":true,"href":"https:\/\/rdnews.al\/index.php\/wp-json\/wp\/v2\/tags?post=108797"}],"curies":[{"name":"wp","href":"https:\/\/api.w.org\/{rel}","templated":true}]}}