{"id":108800,"date":"2025-03-31T11:01:03","date_gmt":"2025-03-31T11:01:03","guid":{"rendered":"https:\/\/rdnews.al\/?p=108800"},"modified":"2025-03-31T11:01:19","modified_gmt":"2025-03-31T11:01:19","slug":"berisha-do-krijohen-4-zona-te-lira-ekonomike-por-nuk-mund-te-investohet-nga-llogarite-offshore","status":"publish","type":"post","link":"https:\/\/rdnews.al\/index.php\/2025\/03\/31\/berisha-do-krijohen-4-zona-te-lira-ekonomike-por-nuk-mund-te-investohet-nga-llogarite-offshore\/","title":{"rendered":"Berisha: Do t\u00eb krijohen 4 zona t\u00eb lira ekonomike, por nuk mund t\u00eb investohet nga llogarit\u00eb offshore"},"content":{"rendered":"<p>Kryetari i Partis\u00eb Demokratike, Sali Berisha, njoftoi n\u00eb nj\u00eb konferenc\u00eb p\u00ebr shtyp krijimin e kat\u00ebr zonave t\u00eb lira ekonomike n\u00eb qarqet e m\u00ebdha t\u00eb Shqip\u00ebris\u00eb, ku do t\u00eb ndalohet investimi nga kompanit\u00eb me konto offshore. Ai theksoi se kjo iniciativ\u00eb do t\u00eb shmang\u00eb fluksin e parave t\u00eb vjedhura nga zyrtar\u00ebt dhe do t\u00eb promovoj\u00eb zhvillimin industrial.<br \/>\n\u201cDo krijohen 4 zona t\u00eb lira ekonomike n\u00eb qarqet e m\u00ebdha t\u00eb vendit n\u00eb standardet m\u00eb t\u00eb mira, n\u00eb t\u00eb cilat nuk do mund t\u00eb investojn\u00eb kompanit\u00eb me konto offshore.<br \/>\nAsgj\u00eb nuk mund t\u00eb vij\u00eb, se pastaj do v\u00ebrshonin miliarda para t\u00eb vjedhura nga ministrat dhe qeveritar\u00ebt, do ktheheshin k\u00ebtu n\u00eb zona industriale.<br \/>\nQeveria do bashk\u00ebpunoj\u00eb ngusht\u00eb me biznesin p\u00ebr dixhitalizimin e t\u00eb gjitha bizneseve.<br \/>\nQeveria n\u00eb bashk\u00ebpunim me sistemin bankar do t\u00eb nd\u00ebrmarr\u00eb bashk\u00ebfinancimin e vendosjes s\u00eb paneleve diellore nga jugu n\u00eb veri, paneleve fotovoltaike n\u00eb m\u00ebnyr\u00eb q\u00eb n\u00eb krye t\u00eb 3 viteve t\u00eb pages\u00ebs s\u00eb qiras\u00eb, \u00e7do shqiptar t\u00eb marr\u00eb energjin\u00eb falas nga k\u00ebto panele.<br \/>\nStartup-et dhe inovacioni do njohin nj\u00eb mb\u00ebshtetje t\u00eb fuqishme nga banka e zhvillimit.<br \/>\nKompanit\u00eb Made in Albania do jen\u00eb p\u00ebrfitueset e para nga financimi buxhetor i proceseve t\u00eb dixhitalizimit.<br \/>\nPra, programi ekonomik Made in Albania i Shqip\u00ebris\u00eb Madh\u00ebshtore, \u00ebsht\u00eb pa m\u00ebdyshje programi m\u00eb i mir\u00eb q\u00eb \u00ebsht\u00eb paraqitur ndonj\u00ebher\u00eb n\u00eb Shqip\u00ebri n\u00eb raport me lirin\u00eb ekonomike, n\u00eb raport me konkurrenc\u00ebn dhe barazin\u00eb e gar\u00ebs, n\u00eb raport me klim\u00ebn miq\u00ebsore p\u00ebr investitor\u00ebt dhe investimet, n\u00eb raport me t\u00ebrheqjen e investimeve t\u00eb huaja, n\u00eb raport me nxitjen e eksporteve\u201d, tha Berisha.<\/p>\n","protected":false},"excerpt":{"rendered":"<p>Kryetari i Partis\u00eb Demokratike, Sali Berisha, njoftoi n\u00eb nj\u00eb konferenc\u00eb p\u00ebr shtyp krijimin e kat\u00ebr zonave t\u00eb lira ekonomike n\u00eb qarqet e m\u00ebdha t\u00eb Shqip\u00ebris\u00eb, ku do t\u00eb ndalohet investimi nga kompanit\u00eb me konto offshore. Ai theksoi se kjo iniciativ\u00eb do t\u00eb shmang\u00eb fluksin e parave t\u00eb vjedhura nga zyrtar\u00ebt dhe do t\u00eb promovoj\u00eb zhvillimin &hellip;<\/p>\n","protected":false},"author":4,"featured_media":108801,"comment_status":"closed","ping_status":"closed","sticky":false,"template":"","format":"standard","meta":{"footnotes":""},"categories":[37],"tags":[],"class_list":["post-108800","post","type-post","status-publish","format-standard","has-post-thumbnail","","category-politike"],"_links":{"self":[{"href":"https:\/\/rdnews.al\/index.php\/wp-json\/wp\/v2\/posts\/108800","targetHints":{"allow":["GET"]}}],"collection":[{"href":"https:\/\/rdnews.al\/index.php\/wp-json\/wp\/v2\/posts"}],"about":[{"href":"https:\/\/rdnews.al\/index.php\/wp-json\/wp\/v2\/types\/post"}],"author":[{"embeddable":true,"href":"https:\/\/rdnews.al\/index.php\/wp-json\/wp\/v2\/users\/4"}],"replies":[{"embeddable":true,"href":"https:\/\/rdnews.al\/index.php\/wp-json\/wp\/v2\/comments?post=108800"}],"version-history":[{"count":2,"href":"https:\/\/rdnews.al\/index.php\/wp-json\/wp\/v2\/posts\/108800\/revisions"}],"predecessor-version":[{"id":108803,"href":"https:\/\/rdnews.al\/index.php\/wp-json\/wp\/v2\/posts\/108800\/revisions\/108803"}],"wp:featuredmedia":[{"embeddable":true,"href":"https:\/\/rdnews.al\/index.php\/wp-json\/wp\/v2\/media\/108801"}],"wp:attachment":[{"href":"https:\/\/rdnews.al\/index.php\/wp-json\/wp\/v2\/media?parent=108800"}],"wp:term":[{"taxonomy":"category","embeddable":true,"href":"https:\/\/rdnews.al\/index.php\/wp-json\/wp\/v2\/categories?post=108800"},{"taxonomy":"post_tag","embeddable":true,"href":"https:\/\/rdnews.al\/index.php\/wp-json\/wp\/v2\/tags?post=108800"}],"curies":[{"name":"wp","href":"https:\/\/api.w.org\/{rel}","templated":true}]}}