{"id":108810,"date":"2025-03-31T11:14:35","date_gmt":"2025-03-31T11:14:35","guid":{"rendered":"https:\/\/rdnews.al\/?p=108810"},"modified":"2025-03-31T11:14:35","modified_gmt":"2025-03-31T11:14:35","slug":"berisha-bandat-e-rames-vepra-me-e-rende-kriminale-pas-vrasjes-do-konsiderohet-krimi-elektoral","status":"publish","type":"post","link":"https:\/\/rdnews.al\/index.php\/2025\/03\/31\/berisha-bandat-e-rames-vepra-me-e-rende-kriminale-pas-vrasjes-do-konsiderohet-krimi-elektoral\/","title":{"rendered":"Berisha: Bandat e Ram\u00ebs, vepra m\u00eb e r\u00ebnd\u00eb kriminale! Pas vrasjes do konsiderohet krimi elektoral"},"content":{"rendered":"<p>Kryetari i PD, Sali Berisha, n\u00eb nj\u00eb konferenc\u00eb p\u00ebr shtyp denoncoi \u00e7mimet e larta t\u00eb nd\u00ebrtimit dhe ndikimin e korrupsionit dhe drog\u00ebs n\u00eb financimin e k\u00ebtyre projekteve. Ai akuzoi qeverin\u00eb e Edi Ram\u00ebs p\u00ebr lidhjet me krimin e organizuar, duke theksuar se 80% e financimeve p\u00ebr kullat e nd\u00ebrtuara vijn\u00eb nga burime jasht\u00eb sistemit bankar, duke p\u00ebrfshir\u00eb n\u00ebntok\u00ebn.<br \/>\nBerisha i b\u00ebri thirrje p\u00ebr zero toleranc\u00eb ndaj krimit t\u00eb organizuar dhe kritikoi p\u00ebrfshirjen e disa individ\u00ebve t\u00eb njohur,si Suel \u00c7ela dhe Altin Hajri, n\u00eb aktivitetet e paligjshme. paralajm\u00ebroi p\u00ebr ndikimin e krimit elektoral dhe shp\u00ebrb\u00ebrjen e demokracis\u00eb si pasoj\u00eb e k\u00ebtij fenomeni.<br \/>\n\u201cAbsolutisht \u00ebsht\u00eb e v\u00ebrtet\u00eb ajo q\u00eb thon\u00eb raportet nd\u00ebrkomb\u00ebtare, por ne i marrim gj\u00ebrat si\u00e7 jan\u00eb. S\u00eb pari, k\u00ebto \u00e7mime 10-fish, 20-fish, k\u00ebto shkojn\u00eb t\u00eb gjitha n\u00eb \u00e7mimin e sip\u00ebrfaqes s\u00eb nd\u00ebrtimit. Dhe nuk blen nd\u00ebrtuesi, por blen klienti. Klienti nuk blen dot, qytetari<br \/>\nnuk blen dot.<br \/>\nS\u00eb dyti, merri kullat q\u00eb ne i quajm\u00eb monumente t\u00eb drog\u00ebs dhe korrupsionit. \u00cbsht\u00eb e faktuar q\u00eb 80%, ose m\u00eb shum\u00eb e financimit t\u00eb tyre nuk vjen nga bankat, vjen nga n\u00ebntoka. Vjen nga n\u00ebntoka me bekimin e Edi Ram\u00ebs.<br \/>\nA e dini ju kush \u00ebsht\u00eb m\u00ebk\u00ebmb\u00ebsja e Ram\u00ebs p\u00ebr lejet dhe p\u00ebr projektet. Ajo \u00ebsht\u00eb zonja Rroko. Motra e dy lejtnant\u00ebve t\u00eb Suel \u00c7el\u00ebs. Faktikisht lejet e nd\u00ebrtimit dhe projektet i menaxhon Edi Rama me Suel \u00c7el\u00ebn. Kjo \u00ebsht\u00eb e v\u00ebrteta.<br \/>\nZero toleranc\u00eb ndaj krimit t\u00eb organizuar. Zero toleranc\u00eb.<br \/>\nAta do t\u00eb ken\u00eb at\u00eb fat q\u00eb kan\u00eb pasur bandat n\u00eb vitet 2005-2013. Sot ata jan\u00eb t\u00eb lir\u00eb, sot Suel \u00c7ela b\u00ebn ligjin n\u00eb lagjen e tij. E di e gjith\u00eb Elbasanit p\u00ebrve\u00e7 ky Proda, \u2018Matrixi\u2019 i policis\u00eb dhe Dumani i Skapit, q\u00eb nuk e din\u00eb se ku ndodhet ai. Ai \u00ebsht\u00eb i lir\u00eb.<br \/>\nAltin Hajri \u00ebsht\u00eb i lir\u00eb dhe k\u00ebrc\u00ebnon njer\u00ebzit rrug\u00ebve.<br \/>\nTroplini drejton defakto portin dhe loj\u00ebrat. Po e mbush Durr\u00ebsin n\u00eb t\u00eb 4-an\u00ebt me loj\u00ebra fati, q\u00eb ndan t\u00eb ardhurat me PS-n\u00eb dhe Edi Ram\u00ebn.<br \/>\nBajr\u00ebt po shnd\u00ebrrohen n\u00eb nj\u00eb bankomat p\u00ebr shp\u00ebrndarjen e narkoeurove sipas ligjit t\u00eb band\u00ebs.<br \/>\nP\u00ebllumb Gjoka nga qelia drejton bandit\u00ebt e tij n\u00eb Velipoj\u00eb.<br \/>\nTa harroj\u00eb, mbi ta do t\u00eb r\u00ebndoj\u00eb i tmerrsh\u00ebm krimi elektoral, ta mbajn\u00eb mend mir\u00eb.<br \/>\nP\u00ebrve\u00e7 krimeve t\u00eb tjera, vepra m\u00eb e r\u00ebnd\u00eb kriminale, pas vrasjes do u konsiderohet krimi elektoral.<br \/>\nKjo \u00ebsht\u00eb pra, ne do i presim ato burime.<br \/>\nSi mundet t\u00eb p\u00ebrballen njer\u00ebzit me rroga m\u00eb t\u00eb ul\u00ebta, me \u00e7mimet m\u00eb t\u00eb larta p\u00ebr strehimin, me \u00e7mimet m\u00eb t\u00eb larta p\u00ebr ushqimet. Ky \u00ebsht\u00eb nj\u00eb mekaniz\u00ebm i spastrimit etnik t\u00eb k\u00ebtij populli nga ky regjim q\u00eb bazohet mbi krimin, vjedhjen e tyre\u201d, tha Berisha.<\/p>\n","protected":false},"excerpt":{"rendered":"<p>Kryetari i PD, Sali Berisha, n\u00eb nj\u00eb konferenc\u00eb p\u00ebr shtyp denoncoi \u00e7mimet e larta t\u00eb nd\u00ebrtimit dhe ndikimin e korrupsionit dhe drog\u00ebs n\u00eb financimin e k\u00ebtyre projekteve. Ai akuzoi qeverin\u00eb e Edi Ram\u00ebs p\u00ebr lidhjet me krimin e organizuar, duke theksuar se 80% e financimeve p\u00ebr kullat e nd\u00ebrtuara vijn\u00eb nga burime jasht\u00eb sistemit bankar, &hellip;<\/p>\n","protected":false},"author":4,"featured_media":108795,"comment_status":"closed","ping_status":"closed","sticky":false,"template":"","format":"standard","meta":{"footnotes":""},"categories":[37],"tags":[],"class_list":["post-108810","post","type-post","status-publish","format-standard","has-post-thumbnail","","category-politike"],"_links":{"self":[{"href":"https:\/\/rdnews.al\/index.php\/wp-json\/wp\/v2\/posts\/108810","targetHints":{"allow":["GET"]}}],"collection":[{"href":"https:\/\/rdnews.al\/index.php\/wp-json\/wp\/v2\/posts"}],"about":[{"href":"https:\/\/rdnews.al\/index.php\/wp-json\/wp\/v2\/types\/post"}],"author":[{"embeddable":true,"href":"https:\/\/rdnews.al\/index.php\/wp-json\/wp\/v2\/users\/4"}],"replies":[{"embeddable":true,"href":"https:\/\/rdnews.al\/index.php\/wp-json\/wp\/v2\/comments?post=108810"}],"version-history":[{"count":1,"href":"https:\/\/rdnews.al\/index.php\/wp-json\/wp\/v2\/posts\/108810\/revisions"}],"predecessor-version":[{"id":108811,"href":"https:\/\/rdnews.al\/index.php\/wp-json\/wp\/v2\/posts\/108810\/revisions\/108811"}],"wp:featuredmedia":[{"embeddable":true,"href":"https:\/\/rdnews.al\/index.php\/wp-json\/wp\/v2\/media\/108795"}],"wp:attachment":[{"href":"https:\/\/rdnews.al\/index.php\/wp-json\/wp\/v2\/media?parent=108810"}],"wp:term":[{"taxonomy":"category","embeddable":true,"href":"https:\/\/rdnews.al\/index.php\/wp-json\/wp\/v2\/categories?post=108810"},{"taxonomy":"post_tag","embeddable":true,"href":"https:\/\/rdnews.al\/index.php\/wp-json\/wp\/v2\/tags?post=108810"}],"curies":[{"name":"wp","href":"https:\/\/api.w.org\/{rel}","templated":true}]}}