{"id":108812,"date":"2025-03-31T11:17:47","date_gmt":"2025-03-31T11:17:47","guid":{"rendered":"https:\/\/rdnews.al\/?p=108812"},"modified":"2025-03-31T11:17:47","modified_gmt":"2025-03-31T11:17:47","slug":"berisha-propozimi-yne-3-euro-per-1-mije-pulla-fiskale-vjen-nga-be-ta-dije-mire-edhe-kompania-qe-interesohet","status":"publish","type":"post","link":"https:\/\/rdnews.al\/index.php\/2025\/03\/31\/berisha-propozimi-yne-3-euro-per-1-mije-pulla-fiskale-vjen-nga-be-ta-dije-mire-edhe-kompania-qe-interesohet\/","title":{"rendered":"Berisha: Propozimi yn\u00eb 3 euro p\u00ebr 1 mij\u00eb pulla fiskale vjen nga BE! Ta dij\u00eb mir\u00eb edhe kompania q\u00eb interesohet"},"content":{"rendered":"<p>Kreu i opozit\u00ebs, Sali Berisha ka sqaruar se propozimi i tij p\u00ebr \u00e7mimin e pullave fiskale, 3 euro p\u00ebr 1 mij\u00eb pulla, \u00ebsht\u00eb bazuar n\u00eb \u00e7mimet e Bashkimit Europian dhe nuk \u00ebsht\u00eb nj\u00eb shpikje e Partis\u00eb Demokratike.<\/p>\n<p>Ai theksoi se pullat fiskale q\u00eb p\u00ebrdoren aktualisht, t\u00eb prodhuara nga nj\u00eb kompani zvicerane, jan\u00eb pulla \u2018smart\u2019 q\u00eb mund t\u00eb zbulojn\u00eb \u00e7do kontraband\u00eb dhe ofrojn\u00eb siguri t\u00eb lart\u00eb.<\/p>\n<p>\u201cPo e ndjek me interes.<\/p>\n<p>Pullat fiskale t\u00eb kompanis\u00eb zvicerane kan\u00eb qen\u00eb pulla smart dhe ato nuk lejonin me detektor\u00eb ato zbulonin \u00e7do kontraband\u00eb.<\/p>\n<p>Kan\u00eb qen\u00eb pulla me kod, pulla smart.<\/p>\n<p>K\u00ebta, p\u00ebr t\u2019i hapur dyert n\u00eb t\u00eb kat\u00ebr an\u00ebt e kontraband\u00ebs, e mor\u00ebn dhe ia dhan\u00eb printimin e tyre, nd\u00ebrmarrjes s\u00eb prodhimit t\u00eb letrave me vler\u00eb, duke hequr \u00e7do garanci q\u00eb kishin.<\/p>\n<p>Po e ndjek k\u00ebt\u00eb. Kam dijeni q\u00eb po tentohet t\u00eb rikthehet me nj\u00eb em\u00ebr tjet\u00ebr, por ne po e ndjekim, jemi n\u00eb dijeni t\u00eb k\u00ebtyre zhvillimeve.<\/p>\n<p>Sidoqoft\u00eb un\u00eb shpalla \u00e7mimet dhe \u00e7mimet nuk ndryshojn\u00eb.<\/p>\n<p>Pse ato \u00e7mime? Ato jan\u00eb \u00e7mime t\u00eb BE. 3 euro p\u00ebr 1 mij\u00eb pulla jan\u00eb \u00e7mime t\u00eb BE, nuk i kemi shpikur.<\/p>\n<p>Ne do zbatojm\u00eb \u00e7mimet e BE, ta dij\u00eb edhe ajo kompania q\u00eb interesohet, ne do zbatojm\u00eb k\u00ebto \u00e7mime\u201d, tha Berisha.<\/p>\n","protected":false},"excerpt":{"rendered":"<p>Kreu i opozit\u00ebs, Sali Berisha ka sqaruar se propozimi i tij p\u00ebr \u00e7mimin e pullave fiskale, 3 euro p\u00ebr 1 mij\u00eb pulla, \u00ebsht\u00eb bazuar n\u00eb \u00e7mimet e Bashkimit Europian dhe nuk \u00ebsht\u00eb nj\u00eb shpikje e Partis\u00eb Demokratike. Ai theksoi se pullat fiskale q\u00eb p\u00ebrdoren aktualisht, t\u00eb prodhuara nga nj\u00eb kompani zvicerane, jan\u00eb pulla \u2018smart\u2019 q\u00eb &hellip;<\/p>\n","protected":false},"author":4,"featured_media":108813,"comment_status":"closed","ping_status":"closed","sticky":false,"template":"","format":"standard","meta":{"footnotes":""},"categories":[37],"tags":[],"class_list":["post-108812","post","type-post","status-publish","format-standard","has-post-thumbnail","","category-politike"],"_links":{"self":[{"href":"https:\/\/rdnews.al\/index.php\/wp-json\/wp\/v2\/posts\/108812","targetHints":{"allow":["GET"]}}],"collection":[{"href":"https:\/\/rdnews.al\/index.php\/wp-json\/wp\/v2\/posts"}],"about":[{"href":"https:\/\/rdnews.al\/index.php\/wp-json\/wp\/v2\/types\/post"}],"author":[{"embeddable":true,"href":"https:\/\/rdnews.al\/index.php\/wp-json\/wp\/v2\/users\/4"}],"replies":[{"embeddable":true,"href":"https:\/\/rdnews.al\/index.php\/wp-json\/wp\/v2\/comments?post=108812"}],"version-history":[{"count":1,"href":"https:\/\/rdnews.al\/index.php\/wp-json\/wp\/v2\/posts\/108812\/revisions"}],"predecessor-version":[{"id":108814,"href":"https:\/\/rdnews.al\/index.php\/wp-json\/wp\/v2\/posts\/108812\/revisions\/108814"}],"wp:featuredmedia":[{"embeddable":true,"href":"https:\/\/rdnews.al\/index.php\/wp-json\/wp\/v2\/media\/108813"}],"wp:attachment":[{"href":"https:\/\/rdnews.al\/index.php\/wp-json\/wp\/v2\/media?parent=108812"}],"wp:term":[{"taxonomy":"category","embeddable":true,"href":"https:\/\/rdnews.al\/index.php\/wp-json\/wp\/v2\/categories?post=108812"},{"taxonomy":"post_tag","embeddable":true,"href":"https:\/\/rdnews.al\/index.php\/wp-json\/wp\/v2\/tags?post=108812"}],"curies":[{"name":"wp","href":"https:\/\/api.w.org\/{rel}","templated":true}]}}