{"id":108815,"date":"2025-03-31T11:22:04","date_gmt":"2025-03-31T11:22:04","guid":{"rendered":"https:\/\/rdnews.al\/?p=108815"},"modified":"2025-03-31T11:22:34","modified_gmt":"2025-03-31T11:22:34","slug":"berisha-rama-na-kopjoi-shqiperia-me-keto-rroga-nuk-pranohet-ne-be","status":"publish","type":"post","link":"https:\/\/rdnews.al\/index.php\/2025\/03\/31\/berisha-rama-na-kopjoi-shqiperia-me-keto-rroga-nuk-pranohet-ne-be\/","title":{"rendered":"Berisha: Rama na kopjoi! Shqip\u00ebria me k\u00ebto rroga nuk pranohet n\u00eb BE!"},"content":{"rendered":"<p>Kryetari i PD, Sali Berisha, deklaroi se \u00a0premtimet e tij do t\u00eb hyjn\u00eb n\u00eb fuqi gjat\u00eb tre muajve t\u00eb par\u00eb t\u00eb qeverisjes s\u00eb PD. Ai akuzoi qeverin\u00eb e Edi Ram\u00ebs se ka frenuar rritjen e rrogave, duke e b\u00ebr\u00eb k\u00ebt\u00eb nj\u00eb penges\u00eb p\u00ebr integrimin e Shqip\u00ebris\u00eb n\u00eb Bashkimin Europian.<\/p>\n<p>Berisha tha se, rrogat e ul\u00ebta jan\u00eb nj\u00eb kriter thelb\u00ebsor q\u00eb ndalon avancimin e vendit drejt BE-s\u00eb. Ai theksoi se PD ka pasur nj\u00eb trend rritjeje t\u00eb rrogave q\u00eb \u00ebsht\u00eb mb\u00ebshtetur dhe miratuar nga miqt\u00eb e Shqip\u00ebris\u00eb jasht\u00eb vendit.<\/p>\n<p>\u201cKy premtim hyn n\u00eb fuqi tre muajt e par\u00eb t\u00eb qeverisjes s\u00eb PD.<\/p>\n<p>Ai kopjoi, por un\u00eb k\u00ebtu ua kam th\u00ebn\u00eb, Shqip\u00ebria me k\u00ebto rroga nuk pranohet n\u00eb BE.<\/p>\n<p>Rrogat jan\u00eb nj\u00eb kriter shum\u00eb qen\u00ebsor, i pashpallur. Dhe ky e frenoi rritjen e rrogave.<\/p>\n<p>Ne me trendin e rritjes s\u00eb rrogave po plot\u00ebsonim k\u00ebt\u00eb kriter, dhe miqt\u00eb e mi n\u00eb Komision dhe jasht\u00eb, e kishin p\u00eblqyer k\u00ebt\u00eb.<\/p>\n<p>Se kjo \u00ebsht\u00eb nj\u00eb penges\u00eb, sikur t\u00eb mos kesh asgj\u00eb tjet\u00ebr, po i pan\u00eb rrogat kaq t\u00eb ul\u00ebta, thon\u00eb le se do vijn\u00eb t\u00eb gjith\u00eb tek ne.<\/p>\n<p>Pra, hyn n\u00eb fuqi tre muajt e par\u00eb t\u00eb qeverisjes s\u00eb PD.<\/p>\n<p>Pyeteni Ram\u00ebn, a nuk the n\u00eb tetor q\u00eb ky \u00ebsht\u00eb shkat\u00ebrrimi, \u00ebsht\u00eb fundi, \u00ebsht\u00eb apokalipsi.<\/p>\n<p>Jo, nuk del me gazetar\u00ebt\u201d, tha Berisha.<\/p>\n","protected":false},"excerpt":{"rendered":"<p>Kryetari i PD, Sali Berisha, deklaroi se \u00a0premtimet e tij do t\u00eb hyjn\u00eb n\u00eb fuqi gjat\u00eb tre muajve t\u00eb par\u00eb t\u00eb qeverisjes s\u00eb PD. Ai akuzoi qeverin\u00eb e Edi Ram\u00ebs se ka frenuar rritjen e rrogave, duke e b\u00ebr\u00eb k\u00ebt\u00eb nj\u00eb penges\u00eb p\u00ebr integrimin e Shqip\u00ebris\u00eb n\u00eb Bashkimin Europian. Berisha tha se, rrogat e ul\u00ebta &hellip;<\/p>\n","protected":false},"author":4,"featured_media":108790,"comment_status":"closed","ping_status":"closed","sticky":false,"template":"","format":"standard","meta":{"footnotes":""},"categories":[37],"tags":[],"class_list":["post-108815","post","type-post","status-publish","format-standard","has-post-thumbnail","","category-politike"],"_links":{"self":[{"href":"https:\/\/rdnews.al\/index.php\/wp-json\/wp\/v2\/posts\/108815","targetHints":{"allow":["GET"]}}],"collection":[{"href":"https:\/\/rdnews.al\/index.php\/wp-json\/wp\/v2\/posts"}],"about":[{"href":"https:\/\/rdnews.al\/index.php\/wp-json\/wp\/v2\/types\/post"}],"author":[{"embeddable":true,"href":"https:\/\/rdnews.al\/index.php\/wp-json\/wp\/v2\/users\/4"}],"replies":[{"embeddable":true,"href":"https:\/\/rdnews.al\/index.php\/wp-json\/wp\/v2\/comments?post=108815"}],"version-history":[{"count":1,"href":"https:\/\/rdnews.al\/index.php\/wp-json\/wp\/v2\/posts\/108815\/revisions"}],"predecessor-version":[{"id":108816,"href":"https:\/\/rdnews.al\/index.php\/wp-json\/wp\/v2\/posts\/108815\/revisions\/108816"}],"wp:featuredmedia":[{"embeddable":true,"href":"https:\/\/rdnews.al\/index.php\/wp-json\/wp\/v2\/media\/108790"}],"wp:attachment":[{"href":"https:\/\/rdnews.al\/index.php\/wp-json\/wp\/v2\/media?parent=108815"}],"wp:term":[{"taxonomy":"category","embeddable":true,"href":"https:\/\/rdnews.al\/index.php\/wp-json\/wp\/v2\/categories?post=108815"},{"taxonomy":"post_tag","embeddable":true,"href":"https:\/\/rdnews.al\/index.php\/wp-json\/wp\/v2\/tags?post=108815"}],"curies":[{"name":"wp","href":"https:\/\/api.w.org\/{rel}","templated":true}]}}