{"id":108817,"date":"2025-03-31T11:25:46","date_gmt":"2025-03-31T11:25:46","guid":{"rendered":"https:\/\/rdnews.al\/?p=108817"},"modified":"2025-03-31T11:25:46","modified_gmt":"2025-03-31T11:25:46","slug":"berisha-paketen-e-dhembshurise-e-paraqitem-edhe-para-15-muajsh-por-u-refuzua-ne-menyre-kategorike-ne-kuvend","status":"publish","type":"post","link":"https:\/\/rdnews.al\/index.php\/2025\/03\/31\/berisha-paketen-e-dhembshurise-e-paraqitem-edhe-para-15-muajsh-por-u-refuzua-ne-menyre-kategorike-ne-kuvend\/","title":{"rendered":"Berisha: Paket\u00ebn e dhembshuris\u00eb e paraqit\u00ebm edhe para 15 muajsh, por u refuzua n\u00eb m\u00ebnyr\u00eb kategorike n\u00eb Kuvend"},"content":{"rendered":"<p>Kryetari i PD, Sali Berisha, n\u00eb konferenc\u00ebn me gazetar\u00ebt u shpreh se paket\u00ebn e dhembshuris\u00eb, q\u00eb ai e paraqiti dhe mbrojti n\u00eb komisionet parlamentare, u refuzua kategorikisht nga Kuvendi 15 muaj m\u00eb par\u00eb.<\/p>\n<p>Berisha ka theksuar se tani, programet e ngjashme po paraqiten n\u00eb fushat\u00eb elektorale nga forca t\u00eb tjera politike, q\u00eb sipas tij, kan\u00eb kopjuar propozimet e opozit\u00ebs p\u00ebr t\u2019i dh\u00ebn\u00eb fund nj\u00eb situate t\u00eb v\u00ebshtir\u00eb, p\u00ebrfshir\u00eb korrupsionin dhe pasigurin\u00eb ekonomike.<\/p>\n<p>\u201cTani, programet paraqiten n\u00eb fushat\u00eb elektorale, por paket\u00ebn e dhembshuris\u00eb, thelbin e saj, ne e paraqit\u00ebm edhe para 15 muajsh dhe ne e mbrojt\u00ebm n\u00eb komisionet parlamentare.<\/p>\n<p>Por ajo u refuzua n\u00eb m\u00ebnyr\u00eb kategorike.<\/p>\n<p>Natyrisht \u00e7do forc\u00eb politike, programin e qeverisjes e paraqet para dhe gjat\u00eb fushat\u00ebs elektorale.<\/p>\n<p>Forca tjet\u00ebr politike, si\u00e7 e shihni, pa program, me duar n\u00eb xhepa, u detyrua t\u00eb kopjoj\u00eb, pasi e pa q\u00eb shqiptar\u00ebt nuk e pranuan m\u00eb, e refuzuan paraqitjen e tij me banor\u00ebt e parkut zoologjik dhe t\u00eb pellgjeve, u kthye duke kopjuar programin ton\u00eb se nuk ka \u00e7far\u00eb t\u00eb thot\u00eb.<\/p>\n<p>K\u00ebt\u00eb mund t\u00eb them lidhur me pyetjen tuaj.<\/p>\n<p>Jan\u00eb plot\u00ebsisht t\u00eb p\u00ebrllogaritura t\u00eb gjitha dhe do realizohen 100 p\u00ebrqind.<\/p>\n<p>Kjo \u00ebsht\u00eb nj\u00eb gj\u00eb e sigurt.<\/p>\n<p>Po t\u00eb thoni, do u them nj\u00eb moment, shum\u00eb flitet p\u00ebr korrupsionin, po korrupsioni \u00ebsht\u00eb n\u00ebna e t\u00eb gjitha t\u00eb k\u00ebqijave.<\/p>\n<p>N\u00eb qoft\u00eb se nuk do kishte korrupsion, do kishim sot djeg\u00ebsin e Tiran\u00ebs, i cili do ishte i fuqish\u00ebm p\u00ebr t\u00eb djegur t\u00eb gjith\u00eb mbetjet e Shqip\u00ebris\u00eb s\u00eb mesme, jo vet\u00ebm t\u00eb Tiran\u00ebs. Mir\u00ebpo aty nuk ka tull\u00eb. At\u00eb e h\u00ebngri korrupsioni.<\/p>\n<p>N\u00eb qoft\u00eb se nuk do kishim korrupsion, nuk do vdisnin t\u00eb s\u00ebmur\u00ebt p\u00ebr munges\u00eb ila\u00e7esh si\u00e7 ndodh \u00e7do dit\u00eb tashm\u00eb. Dhe njeriu, q\u00eb e ka detyr\u00eb personale si kryeminist\u00ebr, q\u00eb ato t\u00eb mos mungojn\u00eb, lan duart e thot\u00eb po jan\u00eb krime kund\u00ebr njer\u00ebzimit. Sikur ia b\u00ebn opozita dhe jo ai vet\u00eb.<\/p>\n<p>Korrupsioni pla\u00e7kit, grabit parat\u00eb e atyre ila\u00e7eve.<\/p>\n<p>Korrupsioni \u00ebsht\u00eb faktor kryesor i largimit t\u00eb shqiptar\u00ebve nga Shqip\u00ebria se k\u00ebta mbeten me pensione t\u00eb ul\u00ebta, me rroga t\u00eb ul\u00ebta.<\/p>\n<p>Po marrim r\u00ebnien e kursit t\u00eb euros. Sigurisht q\u00eb buxheti i shtetit, qoft\u00eb edhe duke marr\u00eb kredi, duhet t\u2019u p\u00ebrgjigjej k\u00ebtyre eksportuesve, se k\u00ebta eksportues jan\u00eb pun\u00ebsuesit kryesor\u00eb. Pun\u00ebsonin dhjet\u00ebra mij\u00ebra punonj\u00ebs. Ishin dhjet\u00ebra mij\u00ebra familje q\u00eb ushqeheshin. Ata ran\u00eb nj\u00ebra pas tjetr\u00ebs dhe njer\u00ebzit ikin, ikin ikin. Dhe kjo krijon nj\u00eb pasiguri t\u00eb madhe n\u00eb vend.<\/p>\n<p>Imagjino tani qindra mij\u00ebra prind\u00ebr, gjysh\u00ebr, q\u00eb u largohen f\u00ebmij\u00ebt e tyre, q\u00eb u largohen f\u00ebmij\u00ebt e tyre n\u00eb \u00e7far\u00eb pasigurie mbeten ata k\u00ebtu n\u00eb vetmin\u00eb e tyre.<\/p>\n<p>Dhe pse u ikin? U ikin sepse ata nuk i mbajn\u00eb dot me pensionet e tyre, u ikin sepse nuk kan\u00eb vende pune.<\/p>\n<p>Pra \u00ebsht\u00eb gjith\u00eb kjo situat\u00eb q\u00eb do t\u00eb ndryshoj\u00eb me shpejt\u00ebsi t\u00eb madhe.<\/p>\n<p>Me zero toleranc\u00eb ndaj korrupsionit, zero toleranc\u00eb ndaj krimit. Dhe ata t\u00eb harrojn\u00eb se mund t\u00eb laj\u00eb kush pare n\u00eb nd\u00ebrtim.<\/p>\n<p>Atje ku jan\u00eb, do i kapim dhe do i sjellim k\u00ebtu, para ligjit, si\u00e7 e kemi provuar at\u00eb\u201d, tha Berisha.<\/p>\n","protected":false},"excerpt":{"rendered":"<p>Kryetari i PD, Sali Berisha, n\u00eb konferenc\u00ebn me gazetar\u00ebt u shpreh se paket\u00ebn e dhembshuris\u00eb, q\u00eb ai e paraqiti dhe mbrojti n\u00eb komisionet parlamentare, u refuzua kategorikisht nga Kuvendi 15 muaj m\u00eb par\u00eb. Berisha ka theksuar se tani, programet e ngjashme po paraqiten n\u00eb fushat\u00eb elektorale nga forca t\u00eb tjera politike, q\u00eb sipas tij, kan\u00eb &hellip;<\/p>\n","protected":false},"author":4,"featured_media":108801,"comment_status":"closed","ping_status":"closed","sticky":false,"template":"","format":"standard","meta":{"footnotes":""},"categories":[37],"tags":[],"class_list":["post-108817","post","type-post","status-publish","format-standard","has-post-thumbnail","","category-politike"],"_links":{"self":[{"href":"https:\/\/rdnews.al\/index.php\/wp-json\/wp\/v2\/posts\/108817","targetHints":{"allow":["GET"]}}],"collection":[{"href":"https:\/\/rdnews.al\/index.php\/wp-json\/wp\/v2\/posts"}],"about":[{"href":"https:\/\/rdnews.al\/index.php\/wp-json\/wp\/v2\/types\/post"}],"author":[{"embeddable":true,"href":"https:\/\/rdnews.al\/index.php\/wp-json\/wp\/v2\/users\/4"}],"replies":[{"embeddable":true,"href":"https:\/\/rdnews.al\/index.php\/wp-json\/wp\/v2\/comments?post=108817"}],"version-history":[{"count":1,"href":"https:\/\/rdnews.al\/index.php\/wp-json\/wp\/v2\/posts\/108817\/revisions"}],"predecessor-version":[{"id":108818,"href":"https:\/\/rdnews.al\/index.php\/wp-json\/wp\/v2\/posts\/108817\/revisions\/108818"}],"wp:featuredmedia":[{"embeddable":true,"href":"https:\/\/rdnews.al\/index.php\/wp-json\/wp\/v2\/media\/108801"}],"wp:attachment":[{"href":"https:\/\/rdnews.al\/index.php\/wp-json\/wp\/v2\/media?parent=108817"}],"wp:term":[{"taxonomy":"category","embeddable":true,"href":"https:\/\/rdnews.al\/index.php\/wp-json\/wp\/v2\/categories?post=108817"},{"taxonomy":"post_tag","embeddable":true,"href":"https:\/\/rdnews.al\/index.php\/wp-json\/wp\/v2\/tags?post=108817"}],"curies":[{"name":"wp","href":"https:\/\/api.w.org\/{rel}","templated":true}]}}