{"id":108819,"date":"2025-03-31T11:31:34","date_gmt":"2025-03-31T11:31:34","guid":{"rendered":"https:\/\/rdnews.al\/?p=108819"},"modified":"2025-03-31T11:31:34","modified_gmt":"2025-03-31T11:31:34","slug":"berisha-daten-e-ardhjes-se-chris-lacivitta-po-e-le-si-surprize-per-edi-ramen","status":"publish","type":"post","link":"https:\/\/rdnews.al\/index.php\/2025\/03\/31\/berisha-daten-e-ardhjes-se-chris-lacivitta-po-e-le-si-surprize-per-edi-ramen\/","title":{"rendered":"Berisha: Dat\u00ebn e ardhjes s\u00eb Chris LaCivitta po e l\u00eb si surpriz\u00eb p\u00ebr Edi Ram\u00ebn!"},"content":{"rendered":"<p>Kryetari i Partis\u00eb Demokratike, Sali Berisha, njoftoi n\u00eb nj\u00eb konferenc\u00eb p\u00ebr shtyp se\u00a0dat\u00eba\u00a0e ardhjes s\u00eb Chris LaCivita, do t\u00eb jet\u00eb nj\u00eb surpriz\u00eb p\u00ebr kryeministrin Edi Rama. Ai siguroi se LaCivita do t\u00eb vij\u00eb dhe do t\u00eb luaj\u00eb nj\u00eb rol t\u00eb r\u00ebnd\u00ebsish\u00ebm, duke p\u00ebrmendur se ky i fundit do t\u00eb jet\u00eb nj\u00eb \u201csherif\u201d q\u00eb do t\u00eb kontribuoj\u00eb n\u00eb fushat\u00ebn e PD.<\/p>\n<p>\u201cDat\u00ebn e ardhjes, un\u00eb u garantoj q\u00eb do t\u00eb vij\u00eb, por po e l\u00eb si surpriz\u00eb p\u00ebr Edi Ram\u00ebn q\u00eb t\u2019i bjer\u00eb kok\u00ebs n\u00eb tavolin\u00eb kur t\u00eb vij\u00eb.<\/p>\n<p>Nuk po ua them se duhet ta ket\u00eb surpriz\u00eb ai. Do vij\u00eb.<\/p>\n<p>Sherifi do vij\u00eb.<\/p>\n<p>Chris do vij\u00eb.<\/p>\n<p>\u00c7do gj\u00eb, ju siguroj se \u00e7do shpenzim i k\u00ebsaj partie, do t\u00eb jet\u00eb transparent dhe n\u00eb p\u00ebrputhje me ligjet e Shqip\u00ebris\u00eb dhe ligjet e vendit tjet\u00ebr.<\/p>\n<p>Prandaj k\u00ebtu nuk mund t\u00eb ket\u00eb asnj\u00eb lloj aludimi tjet\u00ebr.<\/p>\n<p>Do jet\u00eb edhe n\u00eb zyr\u00eb, edhe online. Tani online e kemi \u00e7do dit\u00eb sa p\u00ebr dijeni.<\/p>\n<p>\u00c7do dit\u00eb punojm\u00eb me t\u00eb, funksionon me k\u00ebshilla, me probleme.<\/p>\n<p>Do ket\u00eb nj\u00eb njeri t\u00eb kompanis\u00eb s\u00eb tyre t\u00eb instaluar p\u00ebrfundimisht. Ai do shkoj\u00eb, do vij\u00eb.<\/p>\n<p>Kjo \u00ebsht\u00eb praktika e pun\u00ebs me k\u00ebto kompani konsultative elektorale\u201d, tha Berisha.<\/p>\n","protected":false},"excerpt":{"rendered":"<p>Kryetari i Partis\u00eb Demokratike, Sali Berisha, njoftoi n\u00eb nj\u00eb konferenc\u00eb p\u00ebr shtyp se\u00a0dat\u00eba\u00a0e ardhjes s\u00eb Chris LaCivita, do t\u00eb jet\u00eb nj\u00eb surpriz\u00eb p\u00ebr kryeministrin Edi Rama. Ai siguroi se LaCivita do t\u00eb vij\u00eb dhe do t\u00eb luaj\u00eb nj\u00eb rol t\u00eb r\u00ebnd\u00ebsish\u00ebm, duke p\u00ebrmendur se ky i fundit do t\u00eb jet\u00eb nj\u00eb \u201csherif\u201d q\u00eb do t\u00eb &hellip;<\/p>\n","protected":false},"author":4,"featured_media":105101,"comment_status":"closed","ping_status":"closed","sticky":false,"template":"","format":"standard","meta":{"footnotes":""},"categories":[37],"tags":[],"class_list":["post-108819","post","type-post","status-publish","format-standard","has-post-thumbnail","","category-politike"],"_links":{"self":[{"href":"https:\/\/rdnews.al\/index.php\/wp-json\/wp\/v2\/posts\/108819","targetHints":{"allow":["GET"]}}],"collection":[{"href":"https:\/\/rdnews.al\/index.php\/wp-json\/wp\/v2\/posts"}],"about":[{"href":"https:\/\/rdnews.al\/index.php\/wp-json\/wp\/v2\/types\/post"}],"author":[{"embeddable":true,"href":"https:\/\/rdnews.al\/index.php\/wp-json\/wp\/v2\/users\/4"}],"replies":[{"embeddable":true,"href":"https:\/\/rdnews.al\/index.php\/wp-json\/wp\/v2\/comments?post=108819"}],"version-history":[{"count":1,"href":"https:\/\/rdnews.al\/index.php\/wp-json\/wp\/v2\/posts\/108819\/revisions"}],"predecessor-version":[{"id":108820,"href":"https:\/\/rdnews.al\/index.php\/wp-json\/wp\/v2\/posts\/108819\/revisions\/108820"}],"wp:featuredmedia":[{"embeddable":true,"href":"https:\/\/rdnews.al\/index.php\/wp-json\/wp\/v2\/media\/105101"}],"wp:attachment":[{"href":"https:\/\/rdnews.al\/index.php\/wp-json\/wp\/v2\/media?parent=108819"}],"wp:term":[{"taxonomy":"category","embeddable":true,"href":"https:\/\/rdnews.al\/index.php\/wp-json\/wp\/v2\/categories?post=108819"},{"taxonomy":"post_tag","embeddable":true,"href":"https:\/\/rdnews.al\/index.php\/wp-json\/wp\/v2\/tags?post=108819"}],"curies":[{"name":"wp","href":"https:\/\/api.w.org\/{rel}","templated":true}]}}