{"id":108829,"date":"2025-03-31T16:16:11","date_gmt":"2025-03-31T16:16:11","guid":{"rendered":"https:\/\/rdnews.al\/?p=108829"},"modified":"2025-03-31T16:16:11","modified_gmt":"2025-03-31T16:16:11","slug":"i-njejti-refren-i-drejtesise-kunder-te-djathtes-edhe-ne-france-denohet-me-4-vite-burg-marine-le-pen","status":"publish","type":"post","link":"https:\/\/rdnews.al\/index.php\/2025\/03\/31\/i-njejti-refren-i-drejtesise-kunder-te-djathtes-edhe-ne-france-denohet-me-4-vite-burg-marine-le-pen\/","title":{"rendered":"I nj\u00ebjti refren i drejt\u00ebsis\u00eb kund\u00ebr t\u00eb djatht\u00ebs edhe n\u00eb Franc\u00eb, d\u00ebnohet me 4 vite burg Marine Le Pen"},"content":{"rendered":"<p>Gjykata franceze shpalli fajtore dhe d\u00ebnoi me kat\u00ebr vite heqje lirie lideren e ekstremit t\u00eb djatht\u00eb Marine Le Pen, n\u00eb lidhje me akuzat p\u00ebr abuzim me fondet e BE.<\/p>\n<p>Avokati i Le Pen, Rodolphe Bosselut , ka konfirmuar se liderja e ekstremit t\u00eb djatht\u00eb do t\u00eb apeloj\u00eb kund\u00ebr d\u00ebnimit t\u00eb saj p\u00ebr p\u00ebrvet\u00ebsim t\u00eb fondeve publike.<\/p>\n<div class=\"mobile_ad ad_bottom_space\"><ins id=\"revive-0-14\" data-revive-zoneid=\"469\" data-revive-id=\"865a9b17001ac752b0bc1ea1f790187c\" data-revive-seq=\"14\" data-revive-loaded=\"1\"><\/ins><ins id=\"revive-0-15\" data-revive-zoneid=\"488\" data-revive-id=\"865a9b17001ac752b0bc1ea1f790187c\" data-revive-seq=\"15\" data-revive-loaded=\"1\"><\/p>\n<div id=\"beacon_fb003a0ffa\"><img loading=\"lazy\" decoding=\"async\" src=\"https:\/\/ads.balkanweb.com\/www\/delivery\/lg.php?bannerid=0&amp;campaignid=0&amp;zoneid=488&amp;loc=https%3A%2F%2Fwww.balkanweb.com%2Fu-denua-per-abuzim-me-fondet-e-be-se-le-pen-apelon-vendimin-e-gjykates-goditje-per-demokracine%2F%23gsc.tab%3D0&amp;referer=https%3A%2F%2Fwww.balkanweb.com%2F&amp;cb=fb003a0ffa\" alt=\"\" width=\"0\" height=\"0\" \/>\u201cNe do t\u00eb apelojm\u00eb,\u201d tha ai, duke pohuar se vendimi ishte \u201cnj\u00eb goditje p\u00ebr demokracin\u00eb\u201d.<\/div>\n<p><\/ins><\/div>\n<div class=\"mobile_ad ad_bottom_space\"><ins id=\"revive-0-16\" data-revive-zoneid=\"489\" data-revive-id=\"865a9b17001ac752b0bc1ea1f790187c\" data-revive-seq=\"16\" data-revive-loaded=\"1\"><\/p>\n<div id=\"beacon_8fd32b21f4\"><img loading=\"lazy\" decoding=\"async\" src=\"https:\/\/ads.balkanweb.com\/www\/delivery\/lg.php?bannerid=0&amp;campaignid=0&amp;zoneid=489&amp;loc=https%3A%2F%2Fwww.balkanweb.com%2Fu-denua-per-abuzim-me-fondet-e-be-se-le-pen-apelon-vendimin-e-gjykates-goditje-per-demokracine%2F%23gsc.tab%3D0&amp;referer=https%3A%2F%2Fwww.balkanweb.com%2F&amp;cb=8fd32b21f4\" alt=\"\" width=\"0\" height=\"0\" \/>M\u00eb tej, z\u00ebdh\u00ebn\u00ebsi i partis\u00eb s\u00eb Le Pen, Laurent Jacobelli tha se udh\u00ebheq\u00ebsja mbetet \u201cn\u00eb nj\u00eb humor luftarak\u201d.<\/div>\n<p><\/ins><\/div>\n<div class=\"mobile_ad ad_bottom_space\">Le Pen i \u00ebsht\u00eb ndaluar t\u00eb kandidoj\u00eb p\u00ebr presidente n\u00eb vitin 2027. Vendimi ishte nj\u00eb t\u00ebrmet politik p\u00ebr Le Pen, udh\u00ebheq\u00ebsen e partis\u00eb s\u00eb ekstremit t\u00eb djatht\u00eb, e cila kishte shpresuar t\u00eb zhvillonte nj\u00eb fushat\u00eb t\u00eb kat\u00ebrt p\u00ebr t\u2019u b\u00ebr\u00eb presidente e Franc\u00ebs.<\/div>\n<p>&nbsp;<\/p>\n","protected":false},"excerpt":{"rendered":"<p>Gjykata franceze shpalli fajtore dhe d\u00ebnoi me kat\u00ebr vite heqje lirie lideren e ekstremit t\u00eb djatht\u00eb Marine Le Pen, n\u00eb lidhje me akuzat p\u00ebr abuzim me fondet e BE. Avokati i Le Pen, Rodolphe Bosselut , ka konfirmuar se liderja e ekstremit t\u00eb djatht\u00eb do t\u00eb apeloj\u00eb kund\u00ebr d\u00ebnimit t\u00eb saj p\u00ebr p\u00ebrvet\u00ebsim t\u00eb fondeve &hellip;<\/p>\n","protected":false},"author":3,"featured_media":108830,"comment_status":"closed","ping_status":"closed","sticky":false,"template":"","format":"standard","meta":{"footnotes":""},"categories":[38],"tags":[],"class_list":["post-108829","post","type-post","status-publish","format-standard","has-post-thumbnail","","category-bota"],"_links":{"self":[{"href":"https:\/\/rdnews.al\/index.php\/wp-json\/wp\/v2\/posts\/108829","targetHints":{"allow":["GET"]}}],"collection":[{"href":"https:\/\/rdnews.al\/index.php\/wp-json\/wp\/v2\/posts"}],"about":[{"href":"https:\/\/rdnews.al\/index.php\/wp-json\/wp\/v2\/types\/post"}],"author":[{"embeddable":true,"href":"https:\/\/rdnews.al\/index.php\/wp-json\/wp\/v2\/users\/3"}],"replies":[{"embeddable":true,"href":"https:\/\/rdnews.al\/index.php\/wp-json\/wp\/v2\/comments?post=108829"}],"version-history":[{"count":1,"href":"https:\/\/rdnews.al\/index.php\/wp-json\/wp\/v2\/posts\/108829\/revisions"}],"predecessor-version":[{"id":108831,"href":"https:\/\/rdnews.al\/index.php\/wp-json\/wp\/v2\/posts\/108829\/revisions\/108831"}],"wp:featuredmedia":[{"embeddable":true,"href":"https:\/\/rdnews.al\/index.php\/wp-json\/wp\/v2\/media\/108830"}],"wp:attachment":[{"href":"https:\/\/rdnews.al\/index.php\/wp-json\/wp\/v2\/media?parent=108829"}],"wp:term":[{"taxonomy":"category","embeddable":true,"href":"https:\/\/rdnews.al\/index.php\/wp-json\/wp\/v2\/categories?post=108829"},{"taxonomy":"post_tag","embeddable":true,"href":"https:\/\/rdnews.al\/index.php\/wp-json\/wp\/v2\/tags?post=108829"}],"curies":[{"name":"wp","href":"https:\/\/api.w.org\/{rel}","templated":true}]}}