{"id":108848,"date":"2025-03-31T17:02:02","date_gmt":"2025-03-31T17:02:02","guid":{"rendered":"https:\/\/rdnews.al\/?p=108848"},"modified":"2025-03-31T17:02:15","modified_gmt":"2025-03-31T17:02:15","slug":"bardhi-ne-patos-nr-1-ndryshon-jeten-tuaj-e-te-femijeve-tuaj","status":"publish","type":"post","link":"https:\/\/rdnews.al\/index.php\/2025\/03\/31\/bardhi-ne-patos-nr-1-ndryshon-jeten-tuaj-e-te-femijeve-tuaj\/","title":{"rendered":"Bardhi n\u00eb Patos: Nr.1 ndryshon jet\u00ebn tuaj dhe t\u00eb f\u00ebmij\u00ebve tuaj!"},"content":{"rendered":"<div id=\"rekl-49\">Drejtuesi politik i PD p\u00ebr Qarkun e Fierit, Gazment Bardhi s\u00eb bashku me kandidaten demokrate Samena Malenaj \u00ebhst\u00eb takuar me banor\u00eb t\u00eb fshatit Gjinoqar\u00eb t\u00eb Patosit, ku kan\u00eb par\u00eb nga af\u00ebr gjendjen e mjerueshme dhe braktisjen e tij.<\/div>\n<div class=\"readmore-text-here\">\n<p>P\u00ebrmes nj\u00eb reagimi n\u00eb rrjetet sociale, Bardhi thot\u00eb se prej 12 vitesh, n\u00eb k\u00ebt\u00eb fshat qeveria \u00ebsht\u00eb inekzistente, duke shtuar se aty nuk ka pasur asnj\u00eb investim qoft\u00eb n\u00eb infrastruktur\u00ebn rrugore, apo dhe n\u00eb ujin e pijsh\u00ebm, duke faj\u00ebsuar p\u00ebr k\u00ebt\u00eb edhe Belinda Ballukun.<\/p>\n<p>\u2018Rrug\u00ebt jan\u00eb t\u00eb shkat\u00ebrruara, sepse Belinda Balluku as ka dashur t\u2019ia dij\u00eb p\u00ebr Patosin, p\u00ebr Roskovecin, p\u00ebr Mallakastr\u00ebn, p\u00ebr Divjak\u00ebn, p\u00ebr Lushnjen, p\u00ebr Fierin edhe pse firmos qindra miliona euro \u00e7do vit\u2019, shkruan Bardhi.<\/p>\n<p>Sipas Bardhit, zgjidhja p\u00ebr rigjall\u00ebrimin e bujq\u00ebsis\u00eb dhe fshtatit \u00ebsht\u00eb ndryshimi, p\u00ebrmes votimit t\u00eb PD dhe programit t\u00eb saj<\/p>\n<p><strong>Reagimi<\/strong><\/p>\n<p>N\u00eb \u00e7do cep t\u00eb qarkut Fier p\u00ebr ndryshimin! Me kandidaten ton\u00eb Samena Malenaj ishim n\u00eb fshatin Gjinoqar\u00eb t\u00eb Patosit, nj\u00eb vend i bukur, por i varf\u00ebr dhe i braktisur.<\/p>\n<p>Prej 12 vitesh, qeveria s\u2019ekziston. Asnj\u00eb investim. Asnj\u00eb ndihm\u00eb. Asnj\u00eb mb\u00ebshtetje. Nj\u00eb vend ku, akoma nuk ka uj\u00eb t\u00eb pijsh\u00ebm. Rrug\u00ebt jan\u00eb t\u00eb shkat\u00ebrruara, sepse Belinda Balluku as ka dashur t\u2019ia dij\u00eb p\u00ebr Patosin, p\u00ebr Roskovecin, p\u00ebr Mallakastr\u00ebn, p\u00ebr Divjak\u00ebn, p\u00ebr Lushnjen, p\u00ebr Fierin edhe pse firmos qindra miliona euro \u00e7do vit. Nj\u00eb vend q\u00eb jeton me bujq\u00ebsin\u00eb, por mb\u00ebshtetja p\u00ebr fermer\u00ebt nuk ekziston, sepse kjo qeveri u kap duke vjedhur edhe fondet e Evrop\u00ebs p\u00ebr bujq\u00ebsin\u00eb<\/p>\n<p>Ndryshimi \u00ebsht\u00eb zgjidhja! Me vot\u00ebn p\u00ebr PD dhe nr. 1do t\u00eb ndryshoni jet\u00ebn tuaj dhe t\u00eb f\u00ebmij\u00ebve tuaj!<\/p>\n<p><iframe loading=\"lazy\" src=\"https:\/\/www.facebook.com\/plugins\/post.php?href=https%3A%2F%2Fwww.facebook.com%2Fgazmentbardhi.al%2Fposts%2Fpfbid02hdxnnqXK9cM6NpVFeAmH3aeUpebrAmGmgYWKGPB2wMjQUi3kWZuuYVdgtfFDGijul&amp;show_text=true&amp;width=500\" width=\"500\" height=\"870\" frameborder=\"0\" scrolling=\"no\" allowfullscreen=\"allowfullscreen\" data-mce-fragment=\"1\"><\/iframe><\/p>\n<\/div>\n<div id=\"rekl-33\"><\/div>\n","protected":false},"excerpt":{"rendered":"<p>Drejtuesi politik i PD p\u00ebr Qarkun e Fierit, Gazment Bardhi s\u00eb bashku me kandidaten demokrate Samena Malenaj \u00ebhst\u00eb takuar me banor\u00eb t\u00eb fshatit Gjinoqar\u00eb t\u00eb Patosit, ku kan\u00eb par\u00eb nga af\u00ebr gjendjen e mjerueshme dhe braktisjen e tij. P\u00ebrmes nj\u00eb reagimi n\u00eb rrjetet sociale, Bardhi thot\u00eb se prej 12 vitesh, n\u00eb k\u00ebt\u00eb fshat qeveria \u00ebsht\u00eb &hellip;<\/p>\n","protected":false},"author":4,"featured_media":108849,"comment_status":"closed","ping_status":"closed","sticky":false,"template":"","format":"standard","meta":{"footnotes":""},"categories":[37],"tags":[],"class_list":["post-108848","post","type-post","status-publish","format-standard","has-post-thumbnail","","category-politike"],"_links":{"self":[{"href":"https:\/\/rdnews.al\/index.php\/wp-json\/wp\/v2\/posts\/108848","targetHints":{"allow":["GET"]}}],"collection":[{"href":"https:\/\/rdnews.al\/index.php\/wp-json\/wp\/v2\/posts"}],"about":[{"href":"https:\/\/rdnews.al\/index.php\/wp-json\/wp\/v2\/types\/post"}],"author":[{"embeddable":true,"href":"https:\/\/rdnews.al\/index.php\/wp-json\/wp\/v2\/users\/4"}],"replies":[{"embeddable":true,"href":"https:\/\/rdnews.al\/index.php\/wp-json\/wp\/v2\/comments?post=108848"}],"version-history":[{"count":2,"href":"https:\/\/rdnews.al\/index.php\/wp-json\/wp\/v2\/posts\/108848\/revisions"}],"predecessor-version":[{"id":108851,"href":"https:\/\/rdnews.al\/index.php\/wp-json\/wp\/v2\/posts\/108848\/revisions\/108851"}],"wp:featuredmedia":[{"embeddable":true,"href":"https:\/\/rdnews.al\/index.php\/wp-json\/wp\/v2\/media\/108849"}],"wp:attachment":[{"href":"https:\/\/rdnews.al\/index.php\/wp-json\/wp\/v2\/media?parent=108848"}],"wp:term":[{"taxonomy":"category","embeddable":true,"href":"https:\/\/rdnews.al\/index.php\/wp-json\/wp\/v2\/categories?post=108848"},{"taxonomy":"post_tag","embeddable":true,"href":"https:\/\/rdnews.al\/index.php\/wp-json\/wp\/v2\/tags?post=108848"}],"curies":[{"name":"wp","href":"https:\/\/api.w.org\/{rel}","templated":true}]}}