{"id":108855,"date":"2025-03-31T17:26:09","date_gmt":"2025-03-31T17:26:09","guid":{"rendered":"https:\/\/rdnews.al\/?p=108855"},"modified":"2025-03-31T17:26:09","modified_gmt":"2025-03-31T17:26:09","slug":"berisha-mjedisi-pyjet-dhe-kullotat-perbejne-nje-emergjence-kombetare-mafia-i-ka-pushtuar-keto-fusha","status":"publish","type":"post","link":"https:\/\/rdnews.al\/index.php\/2025\/03\/31\/berisha-mjedisi-pyjet-dhe-kullotat-perbejne-nje-emergjence-kombetare-mafia-i-ka-pushtuar-keto-fusha\/","title":{"rendered":"Berisha: Mjedisi, pyjet dhe kullotat p\u00ebrb\u00ebjn\u00eb nj\u00eb emergjenc\u00eb komb\u00ebtare! Mafia i ka pushtuar k\u00ebto fusha"},"content":{"rendered":"<p>Kryetari i Partis\u00eb Demokratike, Sali Berisha gjat\u00eb fjal\u00ebs s\u00eb tij n\u00eb prezantimin e Programit t\u00eb PD p\u00ebr sektorin e \u2018Mjedisit, Pyjeve dhe Kullotave\u2019 tha se, mjedisi, pyjet dhe kullotat p\u00ebrb\u00ebjn\u00eb nj\u00eb emergjenc\u00eb komb\u00ebtare, por mafia i ka pushtuar k\u00ebto fusha.<\/p>\n<p>\u201cJu fal\u00ebnderoj p\u00ebr pranin\u00eb tuaj k\u00ebtu, fal\u00ebnderoj panelist\u00ebt p\u00ebr pun\u00ebn q\u00eb kan\u00eb b\u00ebr\u00eb.<\/p>\n<p>Ne debatojm\u00eb sot p\u00ebr programin e atyre fushave q\u00eb jan\u00eb t\u00eb lidhura direkt me jet\u00ebn, me sh\u00ebndetin, me mir\u00ebqenien e qytetar\u00ebve shqiptar\u00eb.<\/p>\n<p>N\u00eb shum\u00eb aspekte, t\u00eb nj\u00eb r\u00ebnd\u00ebsie par\u00ebsore p\u00ebr sh\u00ebndetin e njeriut, t\u00eb nj\u00eb r\u00ebnd\u00ebsie par\u00ebsore p\u00ebr mjedisin, p\u00ebr pyjet, p\u00ebr kullotat, p\u00ebr uj\u00ebrat.<\/p>\n<p>Ajo \u00e7ka spikat sot n\u00eb k\u00ebto 12 vite mund t\u00eb themi se \u00ebsht\u00eb nj\u00eb rrokullisje e madhe.<\/p>\n<p>Nuk dua t\u00eb p\u00ebrdor terma, por \u00ebsht\u00eb nj\u00eb injorim, \u00ebsht\u00eb nj\u00eb pushtim nga mafia e k\u00ebtyre fushave.<\/p>\n<p>Mjedisi, me t\u00eb cilin lidhet direkt sh\u00ebndeti i njeriut, \u00ebsht\u00eb m\u00eb i braktisur, m\u00eb i k\u00ebrc\u00ebnuar se rrall\u00eb ndonj\u00ebher\u00eb n\u00eb histori.<\/p>\n<p>Mjedisi \u00ebsht\u00eb sot i t\u00ebri i dominuar, i manipuluar, i d\u00ebmtuar nga interesa kryek\u00ebput mafioze t\u00eb klientel\u00ebs qeveritare.<\/p>\n<p>Shqip\u00ebria, q\u00eb p\u00ebr disa rrethana mund t\u00eb kishte mjediset m\u00eb t\u00eb lakmueshmet n\u00eb Europ\u00eb, ka kryeqytetin, nj\u00ebrin nga 10-12 qytetet m\u00eb t\u00eb ndotura t\u00eb planetit.<\/p>\n<p>Pa asnj\u00eb lloj monitorimi, pa asnj\u00eb lloj kontrolli, me nj\u00eb betonizim t\u00eb pandalsh\u00ebm me asgj\u00eb, me nj\u00eb mashtrim t\u00eb pafund\u00ebm ky pretendojn\u00eb zyrtar\u00ebt se kan\u00eb mbjell\u00eb 1 milion pem\u00eb, n\u00eb nj\u00eb koh\u00eb kur kan\u00eb prer\u00eb qindra mij\u00ebra t\u00eb tilla.<\/p>\n<p>Kjo bat\u00ebrdi, kjo ndotje e jasht\u00ebzakonshme n\u00eb qytetet tona, kjo \u00ebsht\u00eb e nj\u00ebjt\u00eb n\u00eb uj\u00ebrat tona.<\/p>\n<p>Ver\u00ebn e kaluar ne nuk kishim pothuajse asnj\u00eb flamur blu n\u00eb det\u00ebrat dhe liqenet tona.<\/p>\n<p>Megjith\u00ebse ne, p\u00ebr hir t\u00eb s\u00eb v\u00ebrtet\u00ebs, nd\u00ebrtuam 11 impiante t\u00eb p\u00ebrpunimit t\u00eb uj\u00ebrave t\u00eb zeza dhe po shkonim faktikisht drejt bllokimit t\u00eb t\u00ebr\u00eb t\u00eb derdhjes s\u00eb uj\u00ebrave t\u00eb zeza n\u00eb det, ato korrupsioni i ka ky\u00e7ur. Bashkit\u00eb nuk i v\u00ebn\u00eb n\u00eb funksion. Nuk paguajn\u00eb energjin\u00eb p\u00ebr funksionimin e tyre.<\/p>\n<p>Dhe flasin p\u00ebr perla, flasin p\u00ebr Maldive, flasin p\u00ebr t\u00eb gjitha k\u00ebto n\u00eb nj\u00eb koh\u00eb kur ato jan\u00eb brigjet m\u00eb t\u00eb ndotura n\u00eb Europ\u00eb. Jan\u00eb m\u00eb t\u00eb ndotura duke pasur impiantin e nd\u00ebrtuar, por q\u00eb i v\u00ebn\u00eb \u00e7el\u00ebsin sepse nuk duan t\u00eb paguajn\u00eb energjin\u00eb elektrike bashkit\u00eb.<\/p>\n<p>Potencial i jasht\u00ebzakonsh\u00ebm ekziston n\u00eb pyjet, kullotat, kodrat, malet, alpet e Shqip\u00ebris\u00eb.<\/p>\n<p>Gjith\u00e7ka shkon n\u00eb r\u00ebnie t\u00eb lir\u00eb.<\/p>\n<p>U nd\u00ebrpr\u00eb pothuajse \u00e7do lloj subvencionimi p\u00ebr pyll\u00ebzimin, p\u00ebr frut\u00ebzimin, p\u00ebr bim\u00ebt mediciale. U ndalua edhe gjahu duke mos pasur konceptet m\u00eb minimale t\u00eb ekuilibrave.<\/p>\n<p>Zonat e biodiversitetit m\u00eb t\u00eb lart\u00eb u agresuan.<\/p>\n<p>Ligji u amendua p\u00ebr t\u00eb hapur dyert p\u00ebr kthetrat e mafies s\u00eb nd\u00ebrtimit n\u00eb k\u00ebto zona.<\/p>\n<p>Nuk ka asgj\u00eb t\u00eb mbrojtur m\u00eb.<\/p>\n<p>S\u00ebmundjet nga ndotja rriten me shpejt\u00ebsi, ve\u00e7an\u00ebrisht s\u00ebmundjet malinje.<\/p>\n<p>Bim\u00ebt aromatike dhe ato eterovajore, bim\u00ebt medicinale, t\u00eb cilat jan\u00eb nj\u00eb pasuri e madhe n\u00eb t\u00eb kat\u00ebr an\u00ebt e vendit, nga \u00c7ajupi n\u00eb Jezerc\u00eb dhe kufi me Plav\u00ebn, por ato i rr\u00ebzoi p\u00ebrdhe droga.<\/p>\n<p>Nuk e kam fjal\u00ebn vet\u00ebm p\u00ebr plantacionet e kanabisit, por e kam fjal\u00ebn narkoeuro. Ata nuk eksportojn\u00eb m\u00eb. Me r\u00ebnien 30 e sa p\u00ebrqind t\u00eb euros, ata nuk kan\u00eb m\u00eb asnj\u00eb fitim.<\/p>\n<p>Dhe qeveria n\u00eb vend se t\u00eb krijoj\u00eb me urgjenc\u00eb fondin e mb\u00ebshtetjes s\u00eb k\u00ebtyre eksporteve, t\u00eb gjith\u00eb k\u00ebtyre sip\u00ebrmarrjeve q\u00eb pun\u00ebsonin me mij\u00ebra banor\u00eb n\u00eb zonat m\u00eb t\u00eb varfra, qeveria b\u00ebn sehir dhe u jep akses trafikant\u00ebve p\u00ebr nd\u00ebrtimin e kullave, p\u00ebr shnd\u00ebrrimin e parave t\u00eb drog\u00ebs n\u00eb beton.<\/p>\n<p>Pyjet, profesor Hasani e tha, n\u00eb nj\u00eb vit 40 mij\u00eb hektar\u00eb nga zjarret.<\/p>\n<p>Mor\u00ebn 10 milion\u00eb, u abonuan n\u00eb satelit se gjoja do shohim zjarret, se nuk i shihnin dot pa satelit. Po zjarret vitin q\u00eb kaloi ishin m\u00eb t\u00eb egra se asnj\u00ebher\u00eb se nuk kishte mjete p\u00ebr shuarjen e tyre.<\/p>\n<p>Pra, t\u00eb themi t\u00eb v\u00ebrtet\u00ebn, mjedisi, pyjet dhe kullotat p\u00ebrb\u00ebjn\u00eb nj\u00eb emergjenc\u00eb komb\u00ebtare\u201d, u shpreh Berisha.<\/p>\n","protected":false},"excerpt":{"rendered":"<p>Kryetari i Partis\u00eb Demokratike, Sali Berisha gjat\u00eb fjal\u00ebs s\u00eb tij n\u00eb prezantimin e Programit t\u00eb PD p\u00ebr sektorin e \u2018Mjedisit, Pyjeve dhe Kullotave\u2019 tha se, mjedisi, pyjet dhe kullotat p\u00ebrb\u00ebjn\u00eb nj\u00eb emergjenc\u00eb komb\u00ebtare, por mafia i ka pushtuar k\u00ebto fusha. \u201cJu fal\u00ebnderoj p\u00ebr pranin\u00eb tuaj k\u00ebtu, fal\u00ebnderoj panelist\u00ebt p\u00ebr pun\u00ebn q\u00eb kan\u00eb b\u00ebr\u00eb. Ne debatojm\u00eb &hellip;<\/p>\n","protected":false},"author":4,"featured_media":108856,"comment_status":"closed","ping_status":"closed","sticky":false,"template":"","format":"standard","meta":{"footnotes":""},"categories":[37],"tags":[],"class_list":["post-108855","post","type-post","status-publish","format-standard","has-post-thumbnail","","category-politike"],"_links":{"self":[{"href":"https:\/\/rdnews.al\/index.php\/wp-json\/wp\/v2\/posts\/108855","targetHints":{"allow":["GET"]}}],"collection":[{"href":"https:\/\/rdnews.al\/index.php\/wp-json\/wp\/v2\/posts"}],"about":[{"href":"https:\/\/rdnews.al\/index.php\/wp-json\/wp\/v2\/types\/post"}],"author":[{"embeddable":true,"href":"https:\/\/rdnews.al\/index.php\/wp-json\/wp\/v2\/users\/4"}],"replies":[{"embeddable":true,"href":"https:\/\/rdnews.al\/index.php\/wp-json\/wp\/v2\/comments?post=108855"}],"version-history":[{"count":1,"href":"https:\/\/rdnews.al\/index.php\/wp-json\/wp\/v2\/posts\/108855\/revisions"}],"predecessor-version":[{"id":108857,"href":"https:\/\/rdnews.al\/index.php\/wp-json\/wp\/v2\/posts\/108855\/revisions\/108857"}],"wp:featuredmedia":[{"embeddable":true,"href":"https:\/\/rdnews.al\/index.php\/wp-json\/wp\/v2\/media\/108856"}],"wp:attachment":[{"href":"https:\/\/rdnews.al\/index.php\/wp-json\/wp\/v2\/media?parent=108855"}],"wp:term":[{"taxonomy":"category","embeddable":true,"href":"https:\/\/rdnews.al\/index.php\/wp-json\/wp\/v2\/categories?post=108855"},{"taxonomy":"post_tag","embeddable":true,"href":"https:\/\/rdnews.al\/index.php\/wp-json\/wp\/v2\/tags?post=108855"}],"curies":[{"name":"wp","href":"https:\/\/api.w.org\/{rel}","templated":true}]}}