{"id":108861,"date":"2025-03-31T17:43:53","date_gmt":"2025-03-31T17:43:53","guid":{"rendered":"https:\/\/rdnews.al\/?p=108861"},"modified":"2025-03-31T17:43:53","modified_gmt":"2025-03-31T17:43:53","slug":"berisha-nga-elbasani-ne-kolonje-kamionet-me-dru-kane-targen-taulant-balla","status":"publish","type":"post","link":"https:\/\/rdnews.al\/index.php\/2025\/03\/31\/berisha-nga-elbasani-ne-kolonje-kamionet-me-dru-kane-targen-taulant-balla\/","title":{"rendered":"Berisha: Nga Elbasani n\u00eb Kolonj\u00eb kamion\u00ebt me dru kan\u00eb targ\u00ebn Taulant Balla!"},"content":{"rendered":"<p>Kryetari i PD Sali Berisha, duke folur n\u00eb prezantimin e programit p\u00ebr pyjet, mjedisin dhe kullotat, i shpreh se qeverisja e Partis\u00eb Demokratike do t\u00eb vendos\u00eb standardet m\u00eb t\u00eb mira evropiane p\u00ebr k\u00ebto fusha specifike.<\/p>\n<p>Berisha tha se, nga Elbasani n\u00eb Kolonj\u00eb kamion\u00ebt me dru kan\u00eb targ\u00ebn Taulant Balla.<\/p>\n<p>\u201cKompleksi mjedisor, faktor\u00ebt q\u00eb bashk\u00ebveprojn\u00eb n\u00eb mjedisin, do t\u00eb marrin t\u00eb gjith\u00eb v\u00ebmendjen dhe angazhimin. Nuk ka dyshim se pyll\u00ebzimi real do jet\u00eb nj\u00eb drejtim qendror.<\/p>\n<p>Pyll\u00ebzimi do t\u00eb g\u00ebrshetohet me mbjelljen e drur\u00ebve frutor\u00eb. Por kjo nuk do t\u00eb thot\u00eb se do hiqet dor\u00eb nga mbjellja e drur\u00ebve t\u00eb tjer\u00eb nativ\u00eb p\u00ebr zonat ku ato jan\u00eb.<\/p>\n<p>U shkat\u00ebrrua e t\u00ebra infrastruktura e mbrojtjes s\u00eb pyjeve.<\/p>\n<p>U shkat\u00ebrrua e t\u00ebra infrastruktura e kullotave.<\/p>\n<p>Rind\u00ebrtimi i institucioneve t\u00eb k\u00ebtyre fushave, veprimtaria e tyre n\u00eb p\u00ebrputhje me standardet evropiane, do jet\u00eb zotimi yn\u00eb para shqiptar\u00ebve.<\/p>\n<p>Menaxhimi transparent dhe i ndersh\u00ebm, sot dihet, po t\u00eb shkosh nga Elbasani gjer n\u00eb Kolonj\u00eb, t\u00eb shoh\u00ebsh kamion\u00ebt me dru, Taulant Balla e kan\u00eb targ\u00ebn. Kjo \u00ebsht\u00eb e v\u00ebrteta.<\/p>\n<p>A jan\u00eb t\u00eb gjitha t\u00eb tij apo jo, nuk e di, por atij i del emri edhe n\u00eb Kolonj\u00eb, edhe n\u00eb Librazhd, kjo \u00ebsht\u00eb e v\u00ebrteta.<\/p>\n<p>Pra k\u00ebta b\u00ebhen milioner\u00eb, m\u00eb shum\u00eb se milioner\u00eb me k\u00ebt\u00eb shkat\u00ebrrim masiv q\u00eb u b\u00ebhet pyjeve.<\/p>\n<p>Pra, r\u00ebnia n\u00eb k\u00ebto sektor\u00eb \u00ebsht\u00eb shum\u00eb e madhe, shum\u00eb e dhimbshme, shum\u00eb me pasoja.<\/p>\n<p>Por p\u00ebrs\u00ebri potencialet e ringritjes jan\u00eb reale dhe ne jemi t\u00eb vendosur t\u2019i japim me programin ton\u00eb, mbrojtjes s\u00eb mjedisit, pyjeve dhe kullotave, uj\u00ebrave dhe ajrit, investimet m\u00eb serioze n\u00eb m\u00ebnyr\u00eb q\u00eb t\u00eb arrijm\u00eb sa m\u00eb shpejt standardet evropiane n\u00eb k\u00ebto fusha si standardet m\u00eb t\u00eb mira p\u00ebr sh\u00ebndetin dhe jetes\u00ebn e qytetar\u00ebve shqiptar\u00eb\u201d, tha Berisha.<\/p>\n","protected":false},"excerpt":{"rendered":"<p>Kryetari i PD Sali Berisha, duke folur n\u00eb prezantimin e programit p\u00ebr pyjet, mjedisin dhe kullotat, i shpreh se qeverisja e Partis\u00eb Demokratike do t\u00eb vendos\u00eb standardet m\u00eb t\u00eb mira evropiane p\u00ebr k\u00ebto fusha specifike. Berisha tha se, nga Elbasani n\u00eb Kolonj\u00eb kamion\u00ebt me dru kan\u00eb targ\u00ebn Taulant Balla. \u201cKompleksi mjedisor, faktor\u00ebt q\u00eb bashk\u00ebveprojn\u00eb n\u00eb &hellip;<\/p>\n","protected":false},"author":4,"featured_media":56586,"comment_status":"closed","ping_status":"closed","sticky":false,"template":"","format":"standard","meta":{"footnotes":""},"categories":[37],"tags":[],"class_list":["post-108861","post","type-post","status-publish","format-standard","has-post-thumbnail","","category-politike"],"_links":{"self":[{"href":"https:\/\/rdnews.al\/index.php\/wp-json\/wp\/v2\/posts\/108861","targetHints":{"allow":["GET"]}}],"collection":[{"href":"https:\/\/rdnews.al\/index.php\/wp-json\/wp\/v2\/posts"}],"about":[{"href":"https:\/\/rdnews.al\/index.php\/wp-json\/wp\/v2\/types\/post"}],"author":[{"embeddable":true,"href":"https:\/\/rdnews.al\/index.php\/wp-json\/wp\/v2\/users\/4"}],"replies":[{"embeddable":true,"href":"https:\/\/rdnews.al\/index.php\/wp-json\/wp\/v2\/comments?post=108861"}],"version-history":[{"count":1,"href":"https:\/\/rdnews.al\/index.php\/wp-json\/wp\/v2\/posts\/108861\/revisions"}],"predecessor-version":[{"id":108862,"href":"https:\/\/rdnews.al\/index.php\/wp-json\/wp\/v2\/posts\/108861\/revisions\/108862"}],"wp:featuredmedia":[{"embeddable":true,"href":"https:\/\/rdnews.al\/index.php\/wp-json\/wp\/v2\/media\/56586"}],"wp:attachment":[{"href":"https:\/\/rdnews.al\/index.php\/wp-json\/wp\/v2\/media?parent=108861"}],"wp:term":[{"taxonomy":"category","embeddable":true,"href":"https:\/\/rdnews.al\/index.php\/wp-json\/wp\/v2\/categories?post=108861"},{"taxonomy":"post_tag","embeddable":true,"href":"https:\/\/rdnews.al\/index.php\/wp-json\/wp\/v2\/tags?post=108861"}],"curies":[{"name":"wp","href":"https:\/\/api.w.org\/{rel}","templated":true}]}}