{"id":108884,"date":"2025-03-31T18:52:00","date_gmt":"2025-03-31T18:52:00","guid":{"rendered":"https:\/\/rdnews.al\/?p=108884"},"modified":"2025-03-31T18:52:00","modified_gmt":"2025-03-31T18:52:00","slug":"ekspertja-mjedisi-kerkon-nderveprim-nder-institucional-garantim-te-standardeve-te-be","status":"publish","type":"post","link":"https:\/\/rdnews.al\/index.php\/2025\/03\/31\/ekspertja-mjedisi-kerkon-nderveprim-nder-institucional-garantim-te-standardeve-te-be\/","title":{"rendered":"Ekspertja: Mjedisi k\u00ebrkon nd\u00ebrveprim nd\u00ebr-institucional, garantim t\u00eb standardeve t\u00eb BE!"},"content":{"rendered":"<p>Ekspertja e mjedisit, Edona Demiraj k\u00ebrkon m\u00eb shum\u00eb nd\u00ebrveprim mes ministrive, p\u00ebr \u00e7\u00ebshtjet q\u00eb lidhen drejtp\u00ebrs\u00ebdrejti ose t\u00ebrthorazi me mjedisin.<\/p>\n<p>Gjat\u00eb prezantimit t\u00eb Programit t\u00eb PD-s\u00eb 2025-2029 p\u00ebr sektorin e \u201cMjedisit, Pyjeve dhe Kullotave\u201d, e ftuar si paneliste dhe pofesore e asociuar, Demiraj tha se \u00ebsht\u00eb me r\u00ebnd\u00ebsi q\u00eb p\u00ebrmes agjencive dhe drejtorive q\u00eb k\u00ebrkojn\u00eb monitorim apo merren me investime n\u00eb fusha t\u00eb ndryshme t\u00eb ekonomis\u00eb q\u00eb cekin mjedisin, do t\u00eb duhet t\u00eb raportojn\u00eb mes sektor\u00ebve.<\/p>\n<p>\u201cT\u00eb flas\u00ebsh p\u00ebr mjedisin \u00ebsht\u00eb t\u00eb nd\u00ebrveprosh me t\u00eb gjitha ministrit\u00eb, k\u00ebrkohet nga ne q\u00eb p\u00ebrmes agjencive dhe drejtorive q\u00eb k\u00ebrkojn\u00eb monitorim apo merren me investime n\u00eb fusha t\u00eb ndryshme t\u00eb ekonomis\u00eb q\u00eb cekin mjedisin, do t\u00eb duhet t\u00eb raportojn\u00eb mes sektor\u00ebve.<\/p>\n<p>Lidhja nd\u00ebr-sektoriale midis akademis\u00eb, agjencive, student\u00ebve, OJF \u00ebsht\u00eb shum\u00eb e dmd gjat\u00eb implementimit t\u00eb k\u00ebtij program, p\u00ebr t\u00eb \u00e7uar n\u00eb vend at\u00eb q\u00eb k\u00ebrkon implementimin e standardeve t\u00eb BE, sepse kjo lidhet me integritetin e individ\u00ebve, t\u00eb cil\u00ebt b\u00ebjn\u00eb pjes\u00eb n\u00eb k\u00ebt\u00eb program.<\/p>\n<p>Dhe kush m\u00eb mir\u00eb se sa student\u00ebt, pedagog\u00ebt apo ata t\u00eb cil\u00ebt e kan\u00eb pasion mjedisin, mund ta implementojn\u00eb duke i dh\u00ebn\u00eb edhe suport agjencive ligj-zbatuese se si mund t\u00eb b\u00ebhet di\u00e7ka m\u00eb mir\u00eb. Mb\u00ebshtes k\u00ebt\u00eb program kaq ambicioz, t\u00eb k\u00ebsaj fryme, e cila vjen me nj\u00eb ndryshim shum\u00eb t\u00eb madh dhe p\u00ebr t\u2019i dh\u00ebn\u00eb z\u00eb gjith\u00eb shqiptar\u00ebve q\u00eb t\u00eb jen\u00eb pjes\u00eb e k\u00ebtij ndryshimi\u201d, tha Demiraj.<\/p>\n","protected":false},"excerpt":{"rendered":"<p>Ekspertja e mjedisit, Edona Demiraj k\u00ebrkon m\u00eb shum\u00eb nd\u00ebrveprim mes ministrive, p\u00ebr \u00e7\u00ebshtjet q\u00eb lidhen drejtp\u00ebrs\u00ebdrejti ose t\u00ebrthorazi me mjedisin. Gjat\u00eb prezantimit t\u00eb Programit t\u00eb PD-s\u00eb 2025-2029 p\u00ebr sektorin e \u201cMjedisit, Pyjeve dhe Kullotave\u201d, e ftuar si paneliste dhe pofesore e asociuar, Demiraj tha se \u00ebsht\u00eb me r\u00ebnd\u00ebsi q\u00eb p\u00ebrmes agjencive dhe drejtorive q\u00eb k\u00ebrkojn\u00eb &hellip;<\/p>\n","protected":false},"author":4,"featured_media":108885,"comment_status":"closed","ping_status":"closed","sticky":false,"template":"","format":"standard","meta":{"footnotes":""},"categories":[37],"tags":[],"class_list":["post-108884","post","type-post","status-publish","format-standard","has-post-thumbnail","","category-politike"],"_links":{"self":[{"href":"https:\/\/rdnews.al\/index.php\/wp-json\/wp\/v2\/posts\/108884","targetHints":{"allow":["GET"]}}],"collection":[{"href":"https:\/\/rdnews.al\/index.php\/wp-json\/wp\/v2\/posts"}],"about":[{"href":"https:\/\/rdnews.al\/index.php\/wp-json\/wp\/v2\/types\/post"}],"author":[{"embeddable":true,"href":"https:\/\/rdnews.al\/index.php\/wp-json\/wp\/v2\/users\/4"}],"replies":[{"embeddable":true,"href":"https:\/\/rdnews.al\/index.php\/wp-json\/wp\/v2\/comments?post=108884"}],"version-history":[{"count":1,"href":"https:\/\/rdnews.al\/index.php\/wp-json\/wp\/v2\/posts\/108884\/revisions"}],"predecessor-version":[{"id":108886,"href":"https:\/\/rdnews.al\/index.php\/wp-json\/wp\/v2\/posts\/108884\/revisions\/108886"}],"wp:featuredmedia":[{"embeddable":true,"href":"https:\/\/rdnews.al\/index.php\/wp-json\/wp\/v2\/media\/108885"}],"wp:attachment":[{"href":"https:\/\/rdnews.al\/index.php\/wp-json\/wp\/v2\/media?parent=108884"}],"wp:term":[{"taxonomy":"category","embeddable":true,"href":"https:\/\/rdnews.al\/index.php\/wp-json\/wp\/v2\/categories?post=108884"},{"taxonomy":"post_tag","embeddable":true,"href":"https:\/\/rdnews.al\/index.php\/wp-json\/wp\/v2\/tags?post=108884"}],"curies":[{"name":"wp","href":"https:\/\/api.w.org\/{rel}","templated":true}]}}