{"id":108891,"date":"2025-03-31T19:38:04","date_gmt":"2025-03-31T19:38:04","guid":{"rendered":"https:\/\/rdnews.al\/?p=108891"},"modified":"2025-03-31T19:38:04","modified_gmt":"2025-03-31T19:38:04","slug":"gruaja-e-kapobandes-se-shijakut-merr-leje-per-pallat-18-katesh-ne-durres","status":"publish","type":"post","link":"https:\/\/rdnews.al\/index.php\/2025\/03\/31\/gruaja-e-kapobandes-se-shijakut-merr-leje-per-pallat-18-katesh-ne-durres\/","title":{"rendered":"Gruaja e kapoband\u00ebs s\u00eb Shijakut merr leje p\u00ebr pallat 18 kat\u00ebsh n\u00eb Durr\u00ebs"},"content":{"rendered":"<p>Nj\u00eb nga kapobandat e Shijakut, Altin Hajri, \u00ebsht\u00eb n\u00eb k\u00ebrkim nga Prokuroria e Posa\u00e7me kund\u00ebr Korrupsionit dhe Krimit t\u00eb Organizuar p\u00ebr pjes\u00ebmarrje n\u00eb disa ngjarje kriminale. Madje, ai dyshohet se \u00ebsht\u00eb \u201cmbrojtur\u201d nga ish-deputeti i PS-s\u00eb Ergys \u00c7yrbja, i cili gjat\u00eb k\u00ebrkimit policor e ka strehuar n\u00eb banes\u00ebn e tij.<\/p>\n<p>Por, \u00e7udit\u00eb n\u00eb k\u00ebt\u00eb vend zgjasin vet\u00ebm disa dit\u00eb. Me nj\u00eb vendim t\u00eb beft\u00eb, K\u00ebshilli Komb\u00ebtar i Territorit dhe Ujit i ka dh\u00ebn\u00eb nj\u00eb leje p\u00ebr nd\u00ebrtim pallati bashk\u00ebshortes s\u00eb Altin Hajrit. Sipas dokumenteve q\u00eb disponon VoxNews, firma \u201cPjeza 2022\u201d do t\u00eb nd\u00ebrtoj\u00eb nj\u00eb pallat.<\/p>\n<figure id=\"attachment_1527545\" class=\"wp-caption alignnone\" aria-describedby=\"caption-attachment-1527545\"><img loading=\"lazy\" decoding=\"async\" class=\"size-full wp-image-1527545\" src=\"https:\/\/boldnews.al\/wp-content\/uploads\/2025\/03\/640-0-vendimi-i-kktu-se-per-dhenien-e-lejes-per-firmen-pjeza-2022-1743439297.jpeg\" alt=\"\" width=\"640\" height=\"599\" data-pin-no-hover=\"true\" \/><figcaption id=\"caption-attachment-1527545\" class=\"wp-caption-text\">Faksimile: Vendimi i KKTU-s\u00eb p\u00ebr dh\u00ebnien e lejes p\u00ebr firm\u00ebn \u201cPjeza 2022\u201d<\/figcaption><\/figure>\n<p>Dokumenti i m\u00ebsip\u00ebrm \u00ebsht\u00eb rendi i dit\u00ebs i K\u00ebshillit Komb\u00ebtar t\u00eb Territorit dhe Ujit, i dat\u00ebs 26 mars 2025. N\u00eb numrin rendor 34, ky K\u00ebshill i drejtuar nga Kryeministri i Shqip\u00ebris\u00eb, ose n\u00eb munges\u00eb t\u00eb tij nga zv.kryeministrja Belinda Balluku, ka marr\u00eb aprovimin p\u00ebr nj\u00eb leje n\u00eb Durr\u00ebs.<\/p>\n<p><em>\u201cLeje nd\u00ebrtimi p\u00ebr objektin \u2018Godin\u00eb banimi dhe sh\u00ebrbimi me 18 kate mbi tok\u00eb dhe 3 kate n\u00ebntok\u00eb\u201d, me vendndodhje n\u00eb Bashkin\u00eb Durr\u00ebs, me subjekt zhvillues shoq\u00ebrin\u00eb \u2018Pjeza 2022\u2019 sh.p.k\u201d,<\/em> thuhet n\u00eb k\u00ebt\u00eb dokument.<\/p>\n<p>Sipas dokumenteve q\u00eb ka hulumtuar VoxNews, firma \u201cPjeza 2022\u201d \u00ebsht\u00eb me adres\u00eb n\u00eb fshatin Pjes\u00eb n\u00eb Shijak.<\/p>\n<div class=\"insertion-box\">\n<div class=\"inset\">\n<div class=\"reklame\">\n<figure id=\"attachment_1527546\" class=\"wp-caption alignnone\" aria-describedby=\"caption-attachment-1527546\"><img loading=\"lazy\" decoding=\"async\" class=\"size-full wp-image-1527546\" src=\"https:\/\/boldnews.al\/wp-content\/uploads\/2025\/03\/640-0-firma-pjesa-2022-eshte-ne-pronesi-me-100-te-zonjes-valentina-hajri-1743439296.jpeg\" alt=\"\" width=\"640\" height=\"788\" data-pin-no-hover=\"true\" \/><figcaption id=\"caption-attachment-1527546\" class=\"wp-caption-text\">Faksimile: Firma \u201cPjesa 2022\u201d \u00ebsht\u00eb n\u00eb pron\u00ebsi me 100 % t\u00eb zonj\u00ebs Valentina Hajri<\/figcaption><\/figure>\n<\/div>\n<\/div>\n<\/div>\n<p>Firma \u00ebsht\u00eb themeluar n\u00eb dat\u00ebn 19 tetor 2022 dhe ka si objekt \u201cbar-kafe, restorant, piceri, sh\u00ebrbime hoteleri-turiz\u00ebm, barburant, tregti mallrash t\u00eb ndrysh\u00ebm industriale, mobileri e nd\u00ebrtimi, sh\u00ebrbim delivery etj\u201d.<\/p>\n<p>Sipas bilancit t\u00eb publikuar n\u00eb vitin 2024, Valentina Hajri, e cili zot\u00ebron 100% t\u00eb kapitalit themeltar t\u00eb shoq\u00ebris\u00eb, ka miratuar pasqyrat financiare t\u00eb vitit 2023 ku ka rezultuar me nj\u00eb fitim me rreth 480 mij\u00eb euro.<\/p>\n<figure id=\"attachment_1527547\" class=\"wp-caption alignnone\" aria-describedby=\"caption-attachment-1527547\"><img loading=\"lazy\" decoding=\"async\" class=\"size-full wp-image-1527547\" src=\"https:\/\/boldnews.al\/wp-content\/uploads\/2025\/03\/640-0-ne-janar-te-vitit-2025-firma-u-pezullua-pa-afat-1743439296.jpeg\" alt=\"\" width=\"640\" height=\"768\" data-pin-no-hover=\"true\" \/><figcaption id=\"caption-attachment-1527547\" class=\"wp-caption-text\">Faksimile: N\u00eb janar t\u00eb vitit 2025 firma u pezullua pa afat<\/figcaption><\/figure>\n<p>Nd\u00ebrkoh\u00eb, n\u00eb QKB \u00ebsht\u00eb publikuar edhe nj\u00eb\u00a0vendim i pronares p\u00ebr t\u00eb pezulluar aktivitetin n\u00eb dat\u00ebn 22 janar 2025. Nuk jepen m\u00eb shum\u00eb t\u00eb dh\u00ebna, por vet\u00ebm \u201cpezullim i aktivitetit me nj\u00eb afat t\u00eb pacaktuar\u201d.<\/p>\n<p><strong>\u00c7far\u00eb e lidh Altin Hajrin me \u201cPjeza 2022\u201d?<\/strong><\/p>\n<p>Pronarja me 100 % t\u00eb aksioneve t\u00eb k\u00ebsaj firme \u00ebsht\u00eb Valentina Hajri. N\u00eb shkurt t\u00eb vitit 2020, mediat kan\u00eb raportuar se zonja Hajri ka d\u00ebshmuar p\u00ebr bashk\u00ebshortin e saj Altin Hajri.<\/p>\n<p><em>\u201cJam e martuar me shtetasin Altin Hajri, n\u00eb fshatin Pjez\u00eb, Shijak. Un\u00eb kam tre f\u00ebmij\u00eb t\u00eb mitur q\u00eb aktualisht i kam n\u00eb sht\u00ebpi. Kur Altini nuk \u00ebsht\u00eb, un\u00eb jetoj vet\u00ebm me f\u00ebmij\u00ebt e mi n\u00eb sht\u00ebpin\u00eb n\u00eb Pjez\u00eb. Kur ai \u00ebsht\u00eb kthyer n\u00eb sht\u00ebpi ka biseduar vet\u00ebm p\u00ebr f\u00ebmij\u00ebt. Un\u00eb nuk e di fare se ku \u00ebsht\u00eb Altini aktualisht\u201d<\/em>, ka deklaruar ajo.<\/p>\n<p>M\u00eb tej ajo thot\u00eb se nuk \u00ebsht\u00eb n\u00eb dijeni t\u00eb faktit q\u00eb Altini ka automjet, nd\u00ebrsa p\u00ebr resortin \u201cGolden\u201d thot\u00eb se menaxhohet nga e vjehrra.<\/p>\n<p>Altin Hajri ka qen\u00eb i akuzuar edhe p\u00ebr rr\u00ebmbimin dhe vrasjen e Jani Preng\u00ebs n\u00eb janar t\u00eb vitit 2020. Ai u d\u00ebnua me 7 vite burg p\u00ebr k\u00ebt\u00eb ngjarje, por vendimi nuk u ekzekutua p\u00ebr shkak se Apeli e shpalli t\u00eb pafajsh\u00ebm. N\u00eb vitet 2015 \u00ebsht\u00eb arrestuar dhe hetuar p\u00ebr disa ngjarje keiminale, madje edhe p\u00ebr trafik heroine, por gjithmon\u00eb ia ka hedhur paq nga drejt\u00ebsia.<\/p>\n<p>Resorti i tij \u201cGolden\u201d u bllokua edhe nga OFL, por gjykata ia hoqi sekuestron. Nd\u00ebrkoh\u00eb, emri i tij lidhet edhe me akuz\u00ebn ndaj ish-deputetit t\u00eb PS-s\u00eb Ergys \u00c7yrbja.\/VoxNews<\/p>\n","protected":false},"excerpt":{"rendered":"<p>Nj\u00eb nga kapobandat e Shijakut, Altin Hajri, \u00ebsht\u00eb n\u00eb k\u00ebrkim nga Prokuroria e Posa\u00e7me kund\u00ebr Korrupsionit dhe Krimit t\u00eb Organizuar p\u00ebr pjes\u00ebmarrje n\u00eb disa ngjarje kriminale. Madje, ai dyshohet se \u00ebsht\u00eb \u201cmbrojtur\u201d nga ish-deputeti i PS-s\u00eb Ergys \u00c7yrbja, i cili gjat\u00eb k\u00ebrkimit policor e ka strehuar n\u00eb banes\u00ebn e tij. Por, \u00e7udit\u00eb n\u00eb k\u00ebt\u00eb vend &hellip;<\/p>\n","protected":false},"author":4,"featured_media":108892,"comment_status":"closed","ping_status":"closed","sticky":false,"template":"","format":"standard","meta":{"footnotes":""},"categories":[37],"tags":[],"class_list":["post-108891","post","type-post","status-publish","format-standard","has-post-thumbnail","","category-politike"],"_links":{"self":[{"href":"https:\/\/rdnews.al\/index.php\/wp-json\/wp\/v2\/posts\/108891","targetHints":{"allow":["GET"]}}],"collection":[{"href":"https:\/\/rdnews.al\/index.php\/wp-json\/wp\/v2\/posts"}],"about":[{"href":"https:\/\/rdnews.al\/index.php\/wp-json\/wp\/v2\/types\/post"}],"author":[{"embeddable":true,"href":"https:\/\/rdnews.al\/index.php\/wp-json\/wp\/v2\/users\/4"}],"replies":[{"embeddable":true,"href":"https:\/\/rdnews.al\/index.php\/wp-json\/wp\/v2\/comments?post=108891"}],"version-history":[{"count":1,"href":"https:\/\/rdnews.al\/index.php\/wp-json\/wp\/v2\/posts\/108891\/revisions"}],"predecessor-version":[{"id":108893,"href":"https:\/\/rdnews.al\/index.php\/wp-json\/wp\/v2\/posts\/108891\/revisions\/108893"}],"wp:featuredmedia":[{"embeddable":true,"href":"https:\/\/rdnews.al\/index.php\/wp-json\/wp\/v2\/media\/108892"}],"wp:attachment":[{"href":"https:\/\/rdnews.al\/index.php\/wp-json\/wp\/v2\/media?parent=108891"}],"wp:term":[{"taxonomy":"category","embeddable":true,"href":"https:\/\/rdnews.al\/index.php\/wp-json\/wp\/v2\/categories?post=108891"},{"taxonomy":"post_tag","embeddable":true,"href":"https:\/\/rdnews.al\/index.php\/wp-json\/wp\/v2\/tags?post=108891"}],"curies":[{"name":"wp","href":"https:\/\/api.w.org\/{rel}","templated":true}]}}