{"id":10890,"date":"2022-04-30T11:14:20","date_gmt":"2022-04-30T11:14:20","guid":{"rendered":"https:\/\/rdnews.al\/?p=10890"},"modified":"2022-04-30T11:24:00","modified_gmt":"2022-04-30T11:24:00","slug":"lordi-britanik-sali-berisha-dhe-pda-kane-shume-miq-ne-mbare-europen-dhe-boten","status":"publish","type":"post","link":"https:\/\/rdnews.al\/index.php\/2022\/04\/30\/lordi-britanik-sali-berisha-dhe-pda-kane-shume-miq-ne-mbare-europen-dhe-boten\/","title":{"rendered":"Lordi britanik: Sali Berisha dhe PDa kan\u00eb shum\u00eb miq n\u00eb mbar\u00eb Europ\u00ebn dhe bot\u00ebn"},"content":{"rendered":"<p>Lordi britanik, Xhejms Uarton, ishte nd\u00ebr fol\u00ebsit n\u00eb Kuvendin Komb\u00ebtar t\u00eb PD-s\u00eb.\u00a0Politikani konservator tha se, Sali Berisha dhe PD-ja kan\u00eb shum\u00eb miq n\u00eb mbar\u00eb Europ\u00ebn dhe bot\u00ebn.<\/p>\n<p>\u201cFaleminderit q\u00eb m\u00eb ftuat t\u00eb marr pjes\u00eb n\u00eb k\u00ebt\u00eb konferenc\u00eb t\u00eb r\u00ebnd\u00ebsishme. Faleminderit p\u00ebr pun\u00ebn e mrekullueshme q\u00eb keni b\u00ebr\u00eb p\u00ebr ta \u00e7uar vendin p\u00ebrpara.<\/p>\n<p>\u00cbsht\u00eb nj\u00eb nder i madh q\u00eb flas p\u00ebr k\u00ebtu dhe q\u00eb t\u00eb kemi t\u00eb nderuarin zotin Berisha, q\u00eb ka qen\u00eb n\u00eb front t\u00eb k\u00ebsaj beteje.<\/p>\n<p>Ka shum\u00eb vlera t\u00eb p\u00ebrbashk\u00ebta q\u00eb ndajm\u00eb ne si konservatore. K\u00ebto jan\u00eb vlera q\u00eb duhet t\u2019i \u00e7ojm\u00eb p\u00ebrpara. \u00cbsht\u00eb e detyrueshme q\u00eb partit\u00eb konservatore n\u00eb mbar\u00eb bot\u00ebn t\u00eb punojn\u00eb s\u00eb bashku p\u00ebr t\u2019u p\u00ebrballur me sfidat dhe me ndryshimet e v\u00ebshtira. Po ashtu duhet t\u00eb fuqizojm\u00eb pun\u00ebn ton\u00eb dhe t\u00eb risjellim vlerat ku besojm\u00eb,\u201d tha politikani.<\/p>\n<p>Ai shtoi se edhe konservator\u00ebt britanik\u00eb kishin probleme, deri n\u00eb momentin kur ai drejtoi fushat\u00ebn e Boris Xhonson dhe konservator\u00ebt u rikthyen fuqish\u00ebm.<\/p>\n<p>\u201cEdhe ne kemi pasur probleme dhe p\u00ebr\u00e7arje n\u00eb historin\u00eb ton\u00eb, por m\u00ebsimet q\u00eb duhet t\u00eb nxjerrim jan\u00eb t\u00eb ngjashme n\u00eb mbar\u00eb bot\u00ebn, ashtu si konservator\u00ebt shqiptar\u00eb. Ne ec\u00ebm p\u00ebrpara, ne e rinovuam partin\u00eb ton\u00eb dhe gjet\u00ebm besimin te qytetar\u00ebt. Kjo arrihet me nj\u00eb debat t\u00eb hapur me vlera dhe q\u00ebllime t\u00eb ngjashme.<\/p>\n<p>Kandidat\u00ebt tan\u00eb duhet t\u00eb jen\u00eb t\u00eb aksesuesh\u00ebm dhe t\u00eb hapur p\u00ebr qytetar\u00ebt. Ata duhet t\u00eb jen\u00eb edhe t\u00eb q\u00ebndruesh\u00ebm dhe t\u00eb p\u00ebrfaq\u00ebsojn\u00eb vlerat q\u00eb p\u00ebrfaq\u00ebsojn\u00eb.<\/p>\n<p>\u00cbsht\u00eb k\u00ebnaq\u00ebsi q\u00eb t\u00eb shoh q\u00eb kjo parti \u00ebsht\u00eb duke e rigjetur k\u00ebt\u00eb ideologji dhe k\u00ebto vlera. Ne duhet t\u00eb mb\u00ebshtetemi te k\u00ebto vlera dhe t\u00eb m\u00ebsojm\u00eb nga nj\u00ebri-tjetri.<\/p>\n<p>Ju keni mb\u00ebshtetjen e plot miqve n\u00eb Europ\u00eb dhe n\u00eb bot\u00eb. Vazhdoni k\u00ebshtu dhe fuqizoni partin\u00eb tuaj p\u00ebr q\u00ebllimet e p\u00ebrbashk\u00ebta\u201d,\u00a0tha Uarton.<\/p>\n","protected":false},"excerpt":{"rendered":"<p>Lordi britanik, Xhejms Uarton, ishte nd\u00ebr fol\u00ebsit n\u00eb Kuvendin Komb\u00ebtar t\u00eb PD-s\u00eb.\u00a0Politikani konservator tha se, Sali Berisha dhe PD-ja kan\u00eb shum\u00eb miq n\u00eb mbar\u00eb Europ\u00ebn dhe bot\u00ebn. \u201cFaleminderit q\u00eb m\u00eb ftuat t\u00eb marr pjes\u00eb n\u00eb k\u00ebt\u00eb konferenc\u00eb t\u00eb r\u00ebnd\u00ebsishme. Faleminderit p\u00ebr pun\u00ebn e mrekullueshme q\u00eb keni b\u00ebr\u00eb p\u00ebr ta \u00e7uar vendin p\u00ebrpara. \u00cbsht\u00eb nj\u00eb nder &hellip;<\/p>\n","protected":false},"author":4,"featured_media":10895,"comment_status":"open","ping_status":"open","sticky":false,"template":"","format":"standard","meta":{"footnotes":""},"categories":[37],"tags":[],"class_list":["post-10890","post","type-post","status-publish","format-standard","has-post-thumbnail","","category-politike"],"_links":{"self":[{"href":"https:\/\/rdnews.al\/index.php\/wp-json\/wp\/v2\/posts\/10890","targetHints":{"allow":["GET"]}}],"collection":[{"href":"https:\/\/rdnews.al\/index.php\/wp-json\/wp\/v2\/posts"}],"about":[{"href":"https:\/\/rdnews.al\/index.php\/wp-json\/wp\/v2\/types\/post"}],"author":[{"embeddable":true,"href":"https:\/\/rdnews.al\/index.php\/wp-json\/wp\/v2\/users\/4"}],"replies":[{"embeddable":true,"href":"https:\/\/rdnews.al\/index.php\/wp-json\/wp\/v2\/comments?post=10890"}],"version-history":[{"count":0,"href":"https:\/\/rdnews.al\/index.php\/wp-json\/wp\/v2\/posts\/10890\/revisions"}],"wp:featuredmedia":[{"embeddable":true,"href":"https:\/\/rdnews.al\/index.php\/wp-json\/wp\/v2\/media\/10895"}],"wp:attachment":[{"href":"https:\/\/rdnews.al\/index.php\/wp-json\/wp\/v2\/media?parent=10890"}],"wp:term":[{"taxonomy":"category","embeddable":true,"href":"https:\/\/rdnews.al\/index.php\/wp-json\/wp\/v2\/categories?post=10890"},{"taxonomy":"post_tag","embeddable":true,"href":"https:\/\/rdnews.al\/index.php\/wp-json\/wp\/v2\/tags?post=10890"}],"curies":[{"name":"wp","href":"https:\/\/api.w.org\/{rel}","templated":true}]}}