{"id":108914,"date":"2025-04-01T10:01:04","date_gmt":"2025-04-01T10:01:04","guid":{"rendered":"https:\/\/rdnews.al\/?p=108914"},"modified":"2025-04-01T10:01:33","modified_gmt":"2025-04-01T10:01:33","slug":"berisha-do-vendosim-bonuse-per-femijet-si-shtese-ne-rroge-ne-do-ndjekim-politiken-favorizuese-te-femijes-se-trete","status":"publish","type":"post","link":"https:\/\/rdnews.al\/index.php\/2025\/04\/01\/berisha-do-vendosim-bonuse-per-femijet-si-shtese-ne-rroge-ne-do-ndjekim-politiken-favorizuese-te-femijes-se-trete\/","title":{"rendered":"Berisha: Bonuse p\u00ebr f\u00ebmij\u00ebt si shtes\u00eb n\u00eb rrog\u00eb! Ne do ndjekim politik\u00ebn favorizuese t\u00eb f\u00ebmij\u00ebs s\u00eb tret\u00eb"},"content":{"rendered":"<p>Kryetari i Partis\u00eb Demokratike, Sali Berisha ka zhvillura nj\u00eb takim n\u00eb nj\u00eb fasoneri n\u00eb Durr\u00ebs. Berisha u shpreh se, Partia Demokratike n\u00eb qeverisje, do vendos\u00eb bonuse p\u00ebr f\u00ebmij\u00ebt si shtes\u00eb n\u00eb rrog\u00eb!<\/p>\n<p>\u201cDo ulim naft\u00ebn. Ata q\u00eb nuk kan\u00eb vetura, mund t\u00eb thon\u00eb se \u00e7\u2019na duhet nafta.<\/p>\n<p>\u00c7do njeri paguan n\u00eb \u00e7mimin e naft\u00ebs.<\/p>\n<p>Ata q\u00eb nuk kan\u00eb vetura,e paguajn\u00eb n\u00eb transportin q\u00eb b\u00ebjn\u00eb me autobus, e paguajn\u00eb n\u00eb \u00e7mimet q\u00eb blejn\u00eb n\u00eb dyqane. Sepse rritja e \u00e7mimit t\u00eb transportit rrit \u00e7mimet e mallrave q\u00eb blejn\u00eb.<\/p>\n<p>Ne kemi \u00e7mimin m\u00eb absurd. Nafta vjen n\u00eb Durr\u00ebs me anije. N\u00eb Kosov\u00eb shitet 30-40 p\u00ebrqind m\u00eb lir\u00eb. K\u00ebtu shitet 30-40 p\u00ebrqind m\u00eb shtrenjt\u00eb.<\/p>\n<p>Po pse shitet m\u00eb shtrenjt\u00eb? Sepse qeveria e taton naft\u00ebn 1.1 euro.<\/p>\n<p>Qeveria u merr nga xhepi qytetar\u00ebve p\u00ebr nj\u00eb lit\u00ebr naft\u00eb nga 1 euro. Kjo \u00ebsht\u00eb hata e v\u00ebrtet\u00eb. Kjo do hiqet.<\/p>\n<p>Nafta do tatohet nj\u00eblloj sa n\u00eb Kosov\u00eb dhe Maqedoni dhe \u00e7mimi i saj do bjer\u00eb minimumi me 40 p\u00ebrqind.<\/p>\n<p>Punonj\u00ebsit me rroga t\u00eb ul\u00ebta 500 euro do ken\u00eb s\u00eb bashku me pensionist\u00ebt kart\u00ebn e konsumatorit. Kjo do jet\u00eb kart\u00eb konsumatori, q\u00eb ju t\u00eb mund t\u00eb merrni TVSH-n\u00eb e t\u00eb gjitha gj\u00ebrave baz\u00eb q\u00eb blini nga shteti, kundrejt kuponave q\u00eb dor\u00ebzoni, dhe kjo shkon n\u00eb 450 euro n\u00eb vit, shkon p\u00ebraf\u00ebrsisht sa nj\u00eb rrog\u00eb, kurse me pensionin shkon sa dy pensione.<\/p>\n<p>Pra ne duam t\u00eb ndryshojm\u00eb n\u00eb m\u00ebnyr\u00eb rr\u00ebnj\u00ebsore gjendjen, jetes\u00ebn, mir\u00ebqenien e qytetar\u00ebve.<\/p>\n<p>Ne do vendosim rrog\u00ebn minimale 500 euro, por ne n\u00eb dialog dhe bashk\u00ebpunim me sip\u00ebrmarr\u00ebsit, do b\u00ebjm\u00eb gjith\u00e7ka q\u00eb kjo t\u00eb mos d\u00ebmtoj\u00eb sip\u00ebrmarrjet.<\/p>\n<p>Sepse t\u2019i \u00e7osh sip\u00ebrmarrjet drejt falimentimit \u00ebsht\u00eb nj\u00eb marr\u00ebzi.<\/p>\n<p>Ne do kemi nj\u00eb dialog me sip\u00ebrmarr\u00ebsit se \u00e7far\u00eb duhet t\u2019i kompensojm\u00eb q\u00eb t\u00eb ken\u00eb rrog\u00eb minimale 500 euro.<\/p>\n<p>P\u00ebrve\u00e7 k\u00ebsaj, nga qeveria do keni kart\u00ebn e konsumatorit ku do i merrni ushqimet me nj\u00eb vler\u00eb minus 20 p\u00ebrqind. Pra do merrni taks\u00ebn e TVSH-s\u00eb.<\/p>\n<p>Do ket\u00eb bonuse p\u00ebr f\u00ebmij\u00ebt si shtes\u00eb n\u00eb rrog\u00eb. Shtesa n\u00eb rrog\u00eb p\u00ebr f\u00ebmij\u00ebn e par\u00eb nga qeveria do t\u00eb jet\u00eb 70 euro, p\u00ebr t\u00eb dytin 60 euro, p\u00ebr f\u00ebmij\u00ebn e tret\u00eb, nga lindja gjer n\u00eb mosh\u00ebn 23-vje\u00e7are, qeveria do marr\u00eb p\u00ebrsip\u00ebr \u00e7do shpenzim. Ne do ndjekim politik\u00ebn e f\u00ebmij\u00ebs s\u00eb tret\u00eb sepse ne u shkat\u00ebrruam.<\/p>\n<p>Kjo politik\u00eb e f\u00ebmij\u00ebs s\u00eb tret\u00eb i ka shp\u00ebtuar kombet n\u00eb histori. I ka shp\u00ebtuar nga zvog\u00eblimi i tyre i madh.<\/p>\n<p>Sikund\u00ebr do b\u00ebjm\u00eb gjith\u00e7ka q\u00eb f\u00ebmij\u00ebt, djemt\u00eb, vajzat, ata q\u00eb jan\u00eb larguar n\u00eb m\u00ebrgim, ata t\u00eb kthehen n\u00eb Shqip\u00ebri.<\/p>\n<p>Do b\u00ebjm\u00eb nj\u00eb politik\u00eb sa t\u00eb mundemi nxit\u00ebse p\u00ebr kthimin e tyre. Pes\u00eb vjet do jen\u00eb pa asnj\u00eb taks\u00eb\u201d, tha Berisha.<\/p>\n","protected":false},"excerpt":{"rendered":"<p>Kryetari i Partis\u00eb Demokratike, Sali Berisha ka zhvillura nj\u00eb takim n\u00eb nj\u00eb fasoneri n\u00eb Durr\u00ebs. Berisha u shpreh se, Partia Demokratike n\u00eb qeverisje, do vendos\u00eb bonuse p\u00ebr f\u00ebmij\u00ebt si shtes\u00eb n\u00eb rrog\u00eb! \u201cDo ulim naft\u00ebn. Ata q\u00eb nuk kan\u00eb vetura, mund t\u00eb thon\u00eb se \u00e7\u2019na duhet nafta. \u00c7do njeri paguan n\u00eb \u00e7mimin e naft\u00ebs. Ata &hellip;<\/p>\n","protected":false},"author":4,"featured_media":108915,"comment_status":"closed","ping_status":"closed","sticky":false,"template":"","format":"standard","meta":{"footnotes":""},"categories":[37],"tags":[],"class_list":["post-108914","post","type-post","status-publish","format-standard","has-post-thumbnail","","category-politike"],"_links":{"self":[{"href":"https:\/\/rdnews.al\/index.php\/wp-json\/wp\/v2\/posts\/108914","targetHints":{"allow":["GET"]}}],"collection":[{"href":"https:\/\/rdnews.al\/index.php\/wp-json\/wp\/v2\/posts"}],"about":[{"href":"https:\/\/rdnews.al\/index.php\/wp-json\/wp\/v2\/types\/post"}],"author":[{"embeddable":true,"href":"https:\/\/rdnews.al\/index.php\/wp-json\/wp\/v2\/users\/4"}],"replies":[{"embeddable":true,"href":"https:\/\/rdnews.al\/index.php\/wp-json\/wp\/v2\/comments?post=108914"}],"version-history":[{"count":2,"href":"https:\/\/rdnews.al\/index.php\/wp-json\/wp\/v2\/posts\/108914\/revisions"}],"predecessor-version":[{"id":108917,"href":"https:\/\/rdnews.al\/index.php\/wp-json\/wp\/v2\/posts\/108914\/revisions\/108917"}],"wp:featuredmedia":[{"embeddable":true,"href":"https:\/\/rdnews.al\/index.php\/wp-json\/wp\/v2\/media\/108915"}],"wp:attachment":[{"href":"https:\/\/rdnews.al\/index.php\/wp-json\/wp\/v2\/media?parent=108914"}],"wp:term":[{"taxonomy":"category","embeddable":true,"href":"https:\/\/rdnews.al\/index.php\/wp-json\/wp\/v2\/categories?post=108914"},{"taxonomy":"post_tag","embeddable":true,"href":"https:\/\/rdnews.al\/index.php\/wp-json\/wp\/v2\/tags?post=108914"}],"curies":[{"name":"wp","href":"https:\/\/api.w.org\/{rel}","templated":true}]}}