{"id":108923,"date":"2025-04-01T10:15:34","date_gmt":"2025-04-01T10:15:34","guid":{"rendered":"https:\/\/rdnews.al\/?p=108923"},"modified":"2025-04-01T10:15:50","modified_gmt":"2025-04-01T10:15:50","slug":"si-e-bleu-rama-nje-ore-1-4-mln-dollare-me-rrogen-e-nje-kryeministri","status":"publish","type":"post","link":"https:\/\/rdnews.al\/index.php\/2025\/04\/01\/si-e-bleu-rama-nje-ore-1-4-mln-dollare-me-rrogen-e-nje-kryeministri\/","title":{"rendered":"Si e bleu Rama nj\u00eb or\u00eb 1.4 milion dollar\u00eb me rrog\u00ebn e nj\u00eb kryeministri?"},"content":{"rendered":"<div id=\"rekl-49\">Drejtori i Komunikimit n\u00eb Partin\u00eb Demokratike, Alfred Lela, ka hedhur dyshime t\u00eb forta mbi pasurin\u00eb e kreut t\u00eb qeveris\u00eb, Edi Rama, duke v\u00ebn\u00eb n\u00eb pik\u00ebpyetje burimin e t\u00eb ardhurave t\u00eb tij.<\/div>\n<div class=\"readmore-text-here\">\n<p>N\u00eb nj\u00eb postim n\u00eb Facebook, Lela ka ironizuar luksin e udh\u00ebheq\u00ebsve t\u00eb NATO-s, duke ndalur v\u00ebmendjen te ora e shtrenjt\u00eb e kryeministrit shqiptar.<\/p>\n<p><img decoding=\"async\" src=\"https:\/\/www.syri.net\/uploads\/syri.net\/images\/2025\/April\/01\/auto_487309599_966138955501866_147320069248567327_n1743497963.jpg\" alt=\"Image\" \/><\/p>\n<div id=\"rekl-13\">\n<div id=\"__sap-ad-15\" class=\"__sap-ads __sap-html inline tracked\" data-title=\"Credins desktop Brenda lajmit 08\">\n<p>&nbsp;<\/p>\n<div id=\"beacon_a4e37782ed\"><img loading=\"lazy\" decoding=\"async\" src=\"https:\/\/ads1.medium.al\/www\/delivery\/lg.php?bannerid=0&amp;campaignid=0&amp;zoneid=232&amp;loc=https%3A%2F%2Fwww.syri.net%2Fpolitike%2F775743%2Flela-si-e-bleu-rama-nje-ore-1-4-mln-dollare-me-rrogen-e-nje-kryeministri%2F&amp;referer=https%3A%2F%2Fwww.syri.net%2Flajme%2F&amp;cb=a4e37782ed\" alt=\"\" width=\"0\" height=\"0\" \/><em>&#8220;Udh\u00ebheq\u00ebsit e NATO-s dhe or\u00ebt e tyre\u2026 Pa m\u00eb thoni: si ka mund\u00ebsi q\u00eb udh\u00ebheq\u00ebsi socialist i Shqip\u00ebris\u00eb, q\u00eb b\u00ebn m\u00eb pak se 200 mij\u00eb USD n\u00eb vit, mund t\u00eb blej\u00eb nj\u00eb or\u00eb q\u00eb kushton 1.4 milion\u00eb USD?&#8221;<\/em> \u2013 shkruan ai.<\/div>\n<p>&nbsp;<\/p>\n<\/div>\n<\/div>\n<p><img decoding=\"async\" src=\"https:\/\/www.syri.net\/uploads\/syri.net\/images\/2025\/April\/01\/auto_487510848_966138968835198_7226912056272277853_n1743498052.jpg\" alt=\"Image\" \/><\/p>\n<p>Deklarata ka ndezur reagime t\u00eb shumta n\u00eb rrjet, nd\u00ebrsa opozita e ka quajtur k\u00ebt\u00eb nj\u00eb tjet\u00ebr skandal q\u00eb tregon pasurimin e pashpjeguesh\u00ebm t\u00eb zyrtar\u00ebve t\u00eb lart\u00eb n\u00eb kurriz t\u00eb qytetar\u00ebve. \u201c<em>Nd\u00ebrsa shqiptar\u00ebt p\u00ebrballen me varf\u00ebri dhe kriz\u00eb ekonomike, Rama shfaqet me nj\u00eb aksesor q\u00eb nuk mund ta p\u00ebrballoj\u00eb asnj\u00eb lider i rajonit,\u201d \u2013 thuhet n\u00eb reagimin e Partis\u00eb Demokratike.<\/em><\/p>\n<p>\u201c<em>A \u00ebsht\u00eb kjo nj\u00eb dhurat\u00eb nga oligark\u00ebt? Apo nj\u00eb tregues i past\u00ebr i korrupsionit q\u00eb ka kapur qeverin\u00eb?\u201d\u00a0<\/em>\u2013 pyet Lela n\u00eb postimin e tij.<\/p>\n<p>Kjo nuk \u00ebsht\u00eb hera e par\u00eb q\u00eb kryeministri Rama vihet n\u00eb qend\u00ebr t\u00eb akuzave p\u00ebr stilin e tij t\u00eb jetes\u00ebs dhe p\u00ebrdorimin e luksit, nd\u00ebrkoh\u00eb q\u00eb shqiptar\u00ebt p\u00ebrballen me v\u00ebshtir\u00ebsi ekonomike.<\/p>\n<\/div>\n","protected":false},"excerpt":{"rendered":"<p>Drejtori i Komunikimit n\u00eb Partin\u00eb Demokratike, Alfred Lela, ka hedhur dyshime t\u00eb forta mbi pasurin\u00eb e kreut t\u00eb qeveris\u00eb, Edi Rama, duke v\u00ebn\u00eb n\u00eb pik\u00ebpyetje burimin e t\u00eb ardhurave t\u00eb tij. N\u00eb nj\u00eb postim n\u00eb Facebook, Lela ka ironizuar luksin e udh\u00ebheq\u00ebsve t\u00eb NATO-s, duke ndalur v\u00ebmendjen te ora e shtrenjt\u00eb e kryeministrit shqiptar. &nbsp; &hellip;<\/p>\n","protected":false},"author":4,"featured_media":108924,"comment_status":"closed","ping_status":"closed","sticky":false,"template":"","format":"standard","meta":{"footnotes":""},"categories":[37],"tags":[],"class_list":["post-108923","post","type-post","status-publish","format-standard","has-post-thumbnail","","category-politike"],"_links":{"self":[{"href":"https:\/\/rdnews.al\/index.php\/wp-json\/wp\/v2\/posts\/108923","targetHints":{"allow":["GET"]}}],"collection":[{"href":"https:\/\/rdnews.al\/index.php\/wp-json\/wp\/v2\/posts"}],"about":[{"href":"https:\/\/rdnews.al\/index.php\/wp-json\/wp\/v2\/types\/post"}],"author":[{"embeddable":true,"href":"https:\/\/rdnews.al\/index.php\/wp-json\/wp\/v2\/users\/4"}],"replies":[{"embeddable":true,"href":"https:\/\/rdnews.al\/index.php\/wp-json\/wp\/v2\/comments?post=108923"}],"version-history":[{"count":2,"href":"https:\/\/rdnews.al\/index.php\/wp-json\/wp\/v2\/posts\/108923\/revisions"}],"predecessor-version":[{"id":108926,"href":"https:\/\/rdnews.al\/index.php\/wp-json\/wp\/v2\/posts\/108923\/revisions\/108926"}],"wp:featuredmedia":[{"embeddable":true,"href":"https:\/\/rdnews.al\/index.php\/wp-json\/wp\/v2\/media\/108924"}],"wp:attachment":[{"href":"https:\/\/rdnews.al\/index.php\/wp-json\/wp\/v2\/media?parent=108923"}],"wp:term":[{"taxonomy":"category","embeddable":true,"href":"https:\/\/rdnews.al\/index.php\/wp-json\/wp\/v2\/categories?post=108923"},{"taxonomy":"post_tag","embeddable":true,"href":"https:\/\/rdnews.al\/index.php\/wp-json\/wp\/v2\/tags?post=108923"}],"curies":[{"name":"wp","href":"https:\/\/api.w.org\/{rel}","templated":true}]}}