{"id":108927,"date":"2025-04-01T11:05:05","date_gmt":"2025-04-01T11:05:05","guid":{"rendered":"https:\/\/rdnews.al\/?p=108927"},"modified":"2025-04-01T11:05:05","modified_gmt":"2025-04-01T11:05:05","slug":"kalaja-padi-ne-spak-skema-5b-e-ballukut-po-gllaberon-miliona-euro","status":"publish","type":"post","link":"https:\/\/rdnews.al\/index.php\/2025\/04\/01\/kalaja-padi-ne-spak-skema-5b-e-ballukut-po-gllaberon-miliona-euro\/","title":{"rendered":"Kalaja padi n\u00eb SPAK: Skema \u20185B\u2019 e Ballukut po gllab\u00ebron miliona euro!"},"content":{"rendered":"<p>Partia Demokratike ka b\u00ebr\u00eb nj\u00eb tjet\u00ebr kall\u00ebzim n\u00eb SPAK, por k\u00ebt\u00eb her\u00eb p\u00ebr Zv\/Kryeministren Belinda Balluku.<\/p>\n<p>Kall\u00ebzimi \u00ebsht\u00eb b\u00ebr\u00eb nga Kryetarja e Komisionit t\u00eb Apelimit n\u00eb PD, Adriana Kalaja e cila n\u00eb nj\u00eb deklarat\u00eb p\u00ebr media u shpreh se Balluku dhe familjar\u00ebt e saj po marrin tenderat e institucioneve, duke zhvatur miliona euro t\u00eb taksapaguesve shqiptar.<\/p>\n<p>Kalaja deklaroi se ka prova t\u00eb mjaftueshme q\u00eb Belinda Balluku \u00ebsht\u00eb e p\u00ebrfshir\u00eb kat\u00ebciprisht n\u00eb afera korruptive.<\/p>\n","protected":false},"excerpt":{"rendered":"<p>Partia Demokratike ka b\u00ebr\u00eb nj\u00eb tjet\u00ebr kall\u00ebzim n\u00eb SPAK, por k\u00ebt\u00eb her\u00eb p\u00ebr Zv\/Kryeministren Belinda Balluku. Kall\u00ebzimi \u00ebsht\u00eb b\u00ebr\u00eb nga Kryetarja e Komisionit t\u00eb Apelimit n\u00eb PD, Adriana Kalaja e cila n\u00eb nj\u00eb deklarat\u00eb p\u00ebr media u shpreh se Balluku dhe familjar\u00ebt e saj po marrin tenderat e institucioneve, duke zhvatur miliona euro t\u00eb taksapaguesve &hellip;<\/p>\n","protected":false},"author":4,"featured_media":108928,"comment_status":"closed","ping_status":"closed","sticky":false,"template":"","format":"standard","meta":{"footnotes":""},"categories":[37],"tags":[],"class_list":["post-108927","post","type-post","status-publish","format-standard","has-post-thumbnail","","category-politike"],"_links":{"self":[{"href":"https:\/\/rdnews.al\/index.php\/wp-json\/wp\/v2\/posts\/108927","targetHints":{"allow":["GET"]}}],"collection":[{"href":"https:\/\/rdnews.al\/index.php\/wp-json\/wp\/v2\/posts"}],"about":[{"href":"https:\/\/rdnews.al\/index.php\/wp-json\/wp\/v2\/types\/post"}],"author":[{"embeddable":true,"href":"https:\/\/rdnews.al\/index.php\/wp-json\/wp\/v2\/users\/4"}],"replies":[{"embeddable":true,"href":"https:\/\/rdnews.al\/index.php\/wp-json\/wp\/v2\/comments?post=108927"}],"version-history":[{"count":1,"href":"https:\/\/rdnews.al\/index.php\/wp-json\/wp\/v2\/posts\/108927\/revisions"}],"predecessor-version":[{"id":108929,"href":"https:\/\/rdnews.al\/index.php\/wp-json\/wp\/v2\/posts\/108927\/revisions\/108929"}],"wp:featuredmedia":[{"embeddable":true,"href":"https:\/\/rdnews.al\/index.php\/wp-json\/wp\/v2\/media\/108928"}],"wp:attachment":[{"href":"https:\/\/rdnews.al\/index.php\/wp-json\/wp\/v2\/media?parent=108927"}],"wp:term":[{"taxonomy":"category","embeddable":true,"href":"https:\/\/rdnews.al\/index.php\/wp-json\/wp\/v2\/categories?post=108927"},{"taxonomy":"post_tag","embeddable":true,"href":"https:\/\/rdnews.al\/index.php\/wp-json\/wp\/v2\/tags?post=108927"}],"curies":[{"name":"wp","href":"https:\/\/api.w.org\/{rel}","templated":true}]}}