{"id":108936,"date":"2025-04-01T11:23:38","date_gmt":"2025-04-01T11:23:38","guid":{"rendered":"https:\/\/rdnews.al\/?p=108936"},"modified":"2025-04-01T11:23:38","modified_gmt":"2025-04-01T11:23:38","slug":"termeti-i-shkaterroi-shtepine-kryefamiljari-berishes-sme-japin-demshperblim-se-jam-demokrat","status":"publish","type":"post","link":"https:\/\/rdnews.al\/index.php\/2025\/04\/01\/termeti-i-shkaterroi-shtepine-kryefamiljari-berishes-sme-japin-demshperblim-se-jam-demokrat\/","title":{"rendered":"T\u00ebrmeti i shkat\u00ebrroi sht\u00ebpin\u00eb\/ Kryefamiljari-Berish\u00ebs: S\u2019m\u00eb japin d\u00ebmshp\u00ebrblim se jam demokrat!"},"content":{"rendered":"<p>Kryetari i PD, Sali Berisha ka vizituar nj\u00eb familje n\u00eb Durr\u00ebs, sht\u00ebpia e t\u00eb cilit \u00ebsht\u00eb d\u00ebmtuar nga t\u00ebrmeti i n\u00ebntorit t\u00eb 2019, dhe ende e sot nuk kan\u00eb marr\u00eb d\u00ebmshp\u00ebrblim nga bashkia, pavar\u00ebsisht se gjyqin e kan\u00eb fituar.<\/p>\n<p>Gjat\u00eb bashk\u00ebbisedimit me krye demokratin, kryefamiljari \u00ebsht\u00eb ankuar se nuk e d\u00ebmshp\u00ebrblejn\u00eb, nd\u00ebrsa tregon kushtet n\u00eb t\u00eb cilat \u00ebsht\u00eb I detyruar t\u00eb q\u00ebndroj\u00eb s\u00eb bashku me familjen.<\/p>\n<p>\u201cI kam hedhur n\u00eb gjyq, kam fituar edhe gjyqin, dhe nuk m\u00eb d\u00ebmshp\u00ebrblen Bashkia e Durr\u00ebsit. I gjith\u00eb uji q\u00eb bie jasht\u00eb, futet brenda. K\u00ebtu flem\u00eb si familje. Ngaq\u00eb jam demokrat s\u2019ma kan\u00eb b\u00ebr\u00eb sht\u00ebpin\u00eb\u2019, u shpreh kryefamiljari n\u00eb Durr\u00ebs, teksa i\u00a0tregonte gjendjen e banes\u00ebs kreut t\u00eb PD.<\/p>\n<p>Nj\u00eb tjet\u00ebr qytetar n\u00eb Durr\u00ebs ka treguar se si parat\u00eb e d\u00ebmshp\u00ebrblimit p\u00ebr fatkeq\u00ebsin\u00eb e t\u00ebrmetit, u jan\u00eb shp\u00ebrndar\u00eb personale t\u00eb lidhur me socialist\u00ebt, nd\u00ebrsa ata nuk kan\u00eb p\u00ebrfituar asgj\u00eb, p\u00ebr shkak se jan\u00eb demokrat\u00eb.<\/p>\n<p>\u201cKam shkuar edhe un\u00eb te bashkia e sa kemi th\u00ebn\u00eb q\u00eb jemi demokrat, edhe un\u00eb jam me qira e m\u00eb kan\u00eb th\u00ebn\u00eb s\u2019je demokrat e s\u2019ta japim, ndryshe ta prishim. Nd\u00ebrsa k\u00ebtij ka vila k\u00ebtu, kan\u00eb marr\u00eb para 20-30 mln lek\u00eb p\u00ebr t\u00ebrmetin e k\u00ebtij i kan\u00eb th\u00ebn\u00eb q\u00eb lek\u00ebt t\u2019i kan\u00eb marr\u00eb t\u00eb tjer\u00ebt. Ngaq\u00eb \u00ebsht\u00eb i varf\u00ebr\u201d,\u00a0theksoi qytetari.<\/p>\n<p>Nd\u00ebr t\u00eb tjera ai tregon se si I ka dh\u00ebn\u00eb 200 mij\u00eb lek\u00eb \u00ebt\u00eb vetra inspektori p\u00ebr t\u00eb p\u00ebrfituar d\u00ebmshp\u00ebrblimin.<\/p>\n<p>\u2018Kam dh\u00ebn\u00eb lek\u00eb un\u00eb 200 mij\u00eb lek\u00eb, ia kam dh\u00ebn\u00eb inspektorit. T\u00eb tjer\u00ebt kan\u00eb nga 5-6 vila dhe lek\u00ebt i marrin k\u00ebt\u00eb q\u00eb jan\u00eb n\u00eb pushtet dhe jo fukarenjt\u00eb\u201d, u shpreh nd\u00ebr t\u00eb tjera qytetari.<\/p>\n<p><img loading=\"lazy\" decoding=\"async\" class=\"alignnone size-medium wp-image-108931\" src=\"https:\/\/rdnews.al\/wp-content\/uploads\/2025\/04\/b3-200x300.jpg\" alt=\"\" width=\"200\" height=\"300\" srcset=\"https:\/\/rdnews.al\/wp-content\/uploads\/2025\/04\/b3-200x300.jpg 200w, https:\/\/rdnews.al\/wp-content\/uploads\/2025\/04\/b3-683x1024.jpg 683w, https:\/\/rdnews.al\/wp-content\/uploads\/2025\/04\/b3-768x1152.jpg 768w, https:\/\/rdnews.al\/wp-content\/uploads\/2025\/04\/b3-1024x1536.jpg 1024w, https:\/\/rdnews.al\/wp-content\/uploads\/2025\/04\/b3.jpg 1365w\" sizes=\"auto, (max-width: 200px) 100vw, 200px\" \/><\/p>\n","protected":false},"excerpt":{"rendered":"<p>Kryetari i PD, Sali Berisha ka vizituar nj\u00eb familje n\u00eb Durr\u00ebs, sht\u00ebpia e t\u00eb cilit \u00ebsht\u00eb d\u00ebmtuar nga t\u00ebrmeti i n\u00ebntorit t\u00eb 2019, dhe ende e sot nuk kan\u00eb marr\u00eb d\u00ebmshp\u00ebrblim nga bashkia, pavar\u00ebsisht se gjyqin e kan\u00eb fituar. Gjat\u00eb bashk\u00ebbisedimit me krye demokratin, kryefamiljari \u00ebsht\u00eb ankuar se nuk e d\u00ebmshp\u00ebrblejn\u00eb, nd\u00ebrsa tregon kushtet n\u00eb &hellip;<\/p>\n","protected":false},"author":4,"featured_media":108938,"comment_status":"closed","ping_status":"closed","sticky":false,"template":"","format":"standard","meta":{"footnotes":""},"categories":[37],"tags":[],"class_list":["post-108936","post","type-post","status-publish","format-standard","has-post-thumbnail","","category-politike"],"_links":{"self":[{"href":"https:\/\/rdnews.al\/index.php\/wp-json\/wp\/v2\/posts\/108936","targetHints":{"allow":["GET"]}}],"collection":[{"href":"https:\/\/rdnews.al\/index.php\/wp-json\/wp\/v2\/posts"}],"about":[{"href":"https:\/\/rdnews.al\/index.php\/wp-json\/wp\/v2\/types\/post"}],"author":[{"embeddable":true,"href":"https:\/\/rdnews.al\/index.php\/wp-json\/wp\/v2\/users\/4"}],"replies":[{"embeddable":true,"href":"https:\/\/rdnews.al\/index.php\/wp-json\/wp\/v2\/comments?post=108936"}],"version-history":[{"count":1,"href":"https:\/\/rdnews.al\/index.php\/wp-json\/wp\/v2\/posts\/108936\/revisions"}],"predecessor-version":[{"id":108939,"href":"https:\/\/rdnews.al\/index.php\/wp-json\/wp\/v2\/posts\/108936\/revisions\/108939"}],"wp:featuredmedia":[{"embeddable":true,"href":"https:\/\/rdnews.al\/index.php\/wp-json\/wp\/v2\/media\/108938"}],"wp:attachment":[{"href":"https:\/\/rdnews.al\/index.php\/wp-json\/wp\/v2\/media?parent=108936"}],"wp:term":[{"taxonomy":"category","embeddable":true,"href":"https:\/\/rdnews.al\/index.php\/wp-json\/wp\/v2\/categories?post=108936"},{"taxonomy":"post_tag","embeddable":true,"href":"https:\/\/rdnews.al\/index.php\/wp-json\/wp\/v2\/tags?post=108936"}],"curies":[{"name":"wp","href":"https:\/\/api.w.org\/{rel}","templated":true}]}}