{"id":108964,"date":"2025-04-01T12:07:43","date_gmt":"2025-04-01T12:07:43","guid":{"rendered":"https:\/\/rdnews.al\/?p=108964"},"modified":"2025-04-01T12:07:43","modified_gmt":"2025-04-01T12:07:43","slug":"berisha-anetaresimi-ne-nato-eshte-histori-e-shkruar-rama-ka-zhdukur-flamurin-e-nato-s-nga-te-gjithe-institucionet","status":"publish","type":"post","link":"https:\/\/rdnews.al\/index.php\/2025\/04\/01\/berisha-anetaresimi-ne-nato-eshte-histori-e-shkruar-rama-ka-zhdukur-flamurin-e-nato-s-nga-te-gjithe-institucionet\/","title":{"rendered":"Berisha: An\u00ebtar\u00ebsimi n\u00eb NATO \u00ebsht\u00eb histori e shkruar! Rama ka zhdukur flamurin e NATO-s nga t\u00eb gjith\u00eb institucionet"},"content":{"rendered":"<p>Kryetari i Partis\u00eb Demokratike Sali Berisha, ideatori i dhe realizuesi i an\u00ebtar\u00ebsimit t\u00eb Shqip\u00ebris\u00eb n\u00eb NATO ka ndar\u00eb me ndjek\u00ebsit e tij n\u00eb rrjetet sociale nj\u00eb video t\u00eb shkurt\u00ebr ku tregon t\u00eb v\u00ebrtetat e k\u00ebsaj ngjarje t\u00eb madhe p\u00ebr shqiptar\u00ebt.<\/p>\n<p>Ai me k\u00ebto shpjegime ka edhe nj\u00eb p\u00ebrgjigje p\u00ebr kreun e rilindjes t\u00eb cilin si\u00e7 duket e djeg shum\u00eb d\u00ebshtimi i tij n\u00eb \u00e7do aspekt t\u00eb qeverisjes edhe pse ka 12 vjet q\u00eb mashtron shqiptar\u00ebt.<\/p>\n<p><strong>Mesazhi<\/strong><\/p>\n<p>E vert\u00ebta \u00ebsht\u00eb se Sali Berisha \u00ebsht\u00eb i pari Lider opozitar n\u00eb Evrop\u00ebn ish komuniste q\u00eb k\u00ebrkoja an\u00ebtar\u00ebsimin e vendit n\u00eb NATO. N\u00eb vitin 2009 kjo \u00ebnd\u00ebrr u b\u00eb realitet dhe kjo \u00ebsht\u00eb e stamposur e gdhendur n\u00eb t\u00eb gjith\u00eb dokumentet historike t\u00eb NATO-s. Kjo ishte nj\u00eb mrekulli p\u00ebr Kombin.<\/p>\n<p>Edi Rama ka zhdukur flamurin e NATO-s nga t\u00eb gjith\u00eb institucionet e vendit n\u00eb akt urrejtje ndaj kund\u00ebrshtarit t\u00eb tij politik, por historin\u00eb nuk mund ta falsifikoj\u00eb.<\/p>\n<p>&nbsp;<\/p>\n<div class=\"twitter-tweet twitter-tweet-rendered\"><iframe id=\"twitter-widget-0\" class=\"\" title=\"X Post\" src=\"https:\/\/platform.twitter.com\/embed\/Tweet.html?dnt=false&amp;embedId=twitter-widget-0&amp;features=eyJ0ZndfdGltZWxpbmVfbGlzdCI6eyJidWNrZXQiOltdLCJ2ZXJzaW9uIjpudWxsfSwidGZ3X2ZvbGxvd2VyX2NvdW50X3N1bnNldCI6eyJidWNrZXQiOnRydWUsInZlcnNpb24iOm51bGx9LCJ0ZndfdHdlZXRfZWRpdF9iYWNrZW5kIjp7ImJ1Y2tldCI6Im9uIiwidmVyc2lvbiI6bnVsbH0sInRmd19yZWZzcmNfc2Vzc2lvbiI6eyJidWNrZXQiOiJvbiIsInZlcnNpb24iOm51bGx9LCJ0ZndfZm9zbnJfc29mdF9pbnRlcnZlbnRpb25zX2VuYWJsZWQiOnsiYnVja2V0Ijoib24iLCJ2ZXJzaW9uIjpudWxsfSwidGZ3X21peGVkX21lZGlhXzE1ODk3Ijp7ImJ1Y2tldCI6InRyZWF0bWVudCIsInZlcnNpb24iOm51bGx9LCJ0ZndfZXhwZXJpbWVudHNfY29va2llX2V4cGlyYXRpb24iOnsiYnVja2V0IjoxMjA5NjAwLCJ2ZXJzaW9uIjpudWxsfSwidGZ3X3Nob3dfYmlyZHdhdGNoX3Bpdm90c19lbmFibGVkIjp7ImJ1Y2tldCI6Im9uIiwidmVyc2lvbiI6bnVsbH0sInRmd19kdXBsaWNhdGVfc2NyaWJlc190b19zZXR0aW5ncyI6eyJidWNrZXQiOiJvbiIsInZlcnNpb24iOm51bGx9LCJ0ZndfdXNlX3Byb2ZpbGVfaW1hZ2Vfc2hhcGVfZW5hYmxlZCI6eyJidWNrZXQiOiJvbiIsInZlcnNpb24iOm51bGx9LCJ0ZndfdmlkZW9faGxzX2R5bmFtaWNfbWFuaWZlc3RzXzE1MDgyIjp7ImJ1Y2tldCI6InRydWVfYml0cmF0ZSIsInZlcnNpb24iOm51bGx9LCJ0ZndfbGVnYWN5X3RpbWVsaW5lX3N1bnNldCI6eyJidWNrZXQiOnRydWUsInZlcnNpb24iOm51bGx9LCJ0ZndfdHdlZXRfZWRpdF9mcm9udGVuZCI6eyJidWNrZXQiOiJvbiIsInZlcnNpb24iOm51bGx9fQ%3D%3D&amp;frame=false&amp;hideCard=false&amp;hideThread=false&amp;id=1907020547025768555&amp;lang=en&amp;origin=https%3A%2F%2Fwww.syri.net%2Fpolitike%2F775817%2Fvideo-berisha-i-pergjigjet-rames-anetaresimi-ne-nato-seshte-propagande-eshte-histori-e-shkruar%2F&amp;sessionId=f419cad7a5367b6af5affee710c1ffe42688f28d&amp;theme=light&amp;widgetsVersion=2615f7e52b7e0%3A1702314776716&amp;width=550px\" frameborder=\"0\" scrolling=\"no\" allowfullscreen=\"allowfullscreen\" data-tweet-id=\"1907020547025768555\" data-mce-fragment=\"1\"><\/iframe><\/div>\n","protected":false},"excerpt":{"rendered":"<p>Kryetari i Partis\u00eb Demokratike Sali Berisha, ideatori i dhe realizuesi i an\u00ebtar\u00ebsimit t\u00eb Shqip\u00ebris\u00eb n\u00eb NATO ka ndar\u00eb me ndjek\u00ebsit e tij n\u00eb rrjetet sociale nj\u00eb video t\u00eb shkurt\u00ebr ku tregon t\u00eb v\u00ebrtetat e k\u00ebsaj ngjarje t\u00eb madhe p\u00ebr shqiptar\u00ebt. Ai me k\u00ebto shpjegime ka edhe nj\u00eb p\u00ebrgjigje p\u00ebr kreun e rilindjes t\u00eb cilin si\u00e7 &hellip;<\/p>\n","protected":false},"author":4,"featured_media":108965,"comment_status":"closed","ping_status":"closed","sticky":false,"template":"","format":"standard","meta":{"footnotes":""},"categories":[37],"tags":[],"class_list":["post-108964","post","type-post","status-publish","format-standard","has-post-thumbnail","","category-politike"],"_links":{"self":[{"href":"https:\/\/rdnews.al\/index.php\/wp-json\/wp\/v2\/posts\/108964","targetHints":{"allow":["GET"]}}],"collection":[{"href":"https:\/\/rdnews.al\/index.php\/wp-json\/wp\/v2\/posts"}],"about":[{"href":"https:\/\/rdnews.al\/index.php\/wp-json\/wp\/v2\/types\/post"}],"author":[{"embeddable":true,"href":"https:\/\/rdnews.al\/index.php\/wp-json\/wp\/v2\/users\/4"}],"replies":[{"embeddable":true,"href":"https:\/\/rdnews.al\/index.php\/wp-json\/wp\/v2\/comments?post=108964"}],"version-history":[{"count":1,"href":"https:\/\/rdnews.al\/index.php\/wp-json\/wp\/v2\/posts\/108964\/revisions"}],"predecessor-version":[{"id":108966,"href":"https:\/\/rdnews.al\/index.php\/wp-json\/wp\/v2\/posts\/108964\/revisions\/108966"}],"wp:featuredmedia":[{"embeddable":true,"href":"https:\/\/rdnews.al\/index.php\/wp-json\/wp\/v2\/media\/108965"}],"wp:attachment":[{"href":"https:\/\/rdnews.al\/index.php\/wp-json\/wp\/v2\/media?parent=108964"}],"wp:term":[{"taxonomy":"category","embeddable":true,"href":"https:\/\/rdnews.al\/index.php\/wp-json\/wp\/v2\/categories?post=108964"},{"taxonomy":"post_tag","embeddable":true,"href":"https:\/\/rdnews.al\/index.php\/wp-json\/wp\/v2\/tags?post=108964"}],"curies":[{"name":"wp","href":"https:\/\/api.w.org\/{rel}","templated":true}]}}