{"id":108967,"date":"2025-04-01T12:38:51","date_gmt":"2025-04-01T12:38:51","guid":{"rendered":"https:\/\/rdnews.al\/?p=108967"},"modified":"2025-04-01T12:38:51","modified_gmt":"2025-04-01T12:38:51","slug":"nje-tjeter-senator-per-mungesen-e-zgjedhjeve-te-lira-ne-shqiperi","status":"publish","type":"post","link":"https:\/\/rdnews.al\/index.php\/2025\/04\/01\/nje-tjeter-senator-per-mungesen-e-zgjedhjeve-te-lira-ne-shqiperi\/","title":{"rendered":"Nj\u00eb tjet\u00ebr senator p\u00ebr munges\u00ebn e zgjedhjeve t\u00eb lira n\u00eb Shqip\u00ebri"},"content":{"rendered":"<div class=\"xdj266r x11i5rnm xat24cr x1mh8g0r x1vvkbs x126k92a\">\n<div dir=\"auto\">Kryetari i PR, Fatmir Mediu \u00ebsht\u00eb takuar dje me senatorin amerikan John Cornyn, an\u00ebtar i disa komiteteve t\u00eb r\u00ebnd\u00ebsishme n\u00eb Senatin e SHBA, si ai p\u00ebr Marr\u00ebdh\u00ebniet me Jasht\u00eb, Drejt\u00ebsin\u00eb dhe Inteligjenc\u00ebn.<\/div>\n<\/div>\n<div class=\"x11i5rnm xat24cr x1mh8g0r x1vvkbs xtlvy1s x126k92a\">\n<div dir=\"auto\">N\u00eb takim u diskutua p\u00ebr:<\/div>\n<div dir=\"auto\">\u2022 Situat\u00ebn n\u00eb Shqip\u00ebri, p\u00ebrfshir\u00eb munges\u00ebn e zgjedhjeve t\u00eb lira, ndikimin e krimit t\u00eb organizuar dhe korrupsionit, si dhe largimin masiv t\u00eb shqiptar\u00ebve.<\/div>\n<div dir=\"auto\">\u2022 Problemet juridike, p\u00ebr shkak t\u00eb munges\u00ebs s\u00eb funksionimit t\u00eb ligjeve dhe kontrollit t\u00eb institucioneve nga qeveria.<\/div>\n<div dir=\"auto\">\u2022 Sigurin\u00eb n\u00eb Ballkan, n\u00eb kuad\u00ebr t\u00eb sfidave rajonale.<\/div>\n<\/div>\n<div class=\"x11i5rnm xat24cr x1mh8g0r x1vvkbs xtlvy1s x126k92a\">\n<div dir=\"auto\">Gjithashtu, Mediu shpreh k\u00ebnaq\u00ebsin\u00eb p\u00ebr takimin me senatorin Kevin Cramer, an\u00ebtar i Komitetit t\u00eb Siguris\u00eb n\u00eb Senat<\/div>\n<\/div>\n","protected":false},"excerpt":{"rendered":"<p>Kryetari i PR, Fatmir Mediu \u00ebsht\u00eb takuar dje me senatorin amerikan John Cornyn, an\u00ebtar i disa komiteteve t\u00eb r\u00ebnd\u00ebsishme n\u00eb Senatin e SHBA, si ai p\u00ebr Marr\u00ebdh\u00ebniet me Jasht\u00eb, Drejt\u00ebsin\u00eb dhe Inteligjenc\u00ebn. N\u00eb takim u diskutua p\u00ebr: \u2022 Situat\u00ebn n\u00eb Shqip\u00ebri, p\u00ebrfshir\u00eb munges\u00ebn e zgjedhjeve t\u00eb lira, ndikimin e krimit t\u00eb organizuar dhe korrupsionit, si &hellip;<\/p>\n","protected":false},"author":3,"featured_media":108968,"comment_status":"closed","ping_status":"closed","sticky":false,"template":"","format":"standard","meta":{"footnotes":""},"categories":[37],"tags":[],"class_list":["post-108967","post","type-post","status-publish","format-standard","has-post-thumbnail","","category-politike"],"_links":{"self":[{"href":"https:\/\/rdnews.al\/index.php\/wp-json\/wp\/v2\/posts\/108967","targetHints":{"allow":["GET"]}}],"collection":[{"href":"https:\/\/rdnews.al\/index.php\/wp-json\/wp\/v2\/posts"}],"about":[{"href":"https:\/\/rdnews.al\/index.php\/wp-json\/wp\/v2\/types\/post"}],"author":[{"embeddable":true,"href":"https:\/\/rdnews.al\/index.php\/wp-json\/wp\/v2\/users\/3"}],"replies":[{"embeddable":true,"href":"https:\/\/rdnews.al\/index.php\/wp-json\/wp\/v2\/comments?post=108967"}],"version-history":[{"count":1,"href":"https:\/\/rdnews.al\/index.php\/wp-json\/wp\/v2\/posts\/108967\/revisions"}],"predecessor-version":[{"id":108969,"href":"https:\/\/rdnews.al\/index.php\/wp-json\/wp\/v2\/posts\/108967\/revisions\/108969"}],"wp:featuredmedia":[{"embeddable":true,"href":"https:\/\/rdnews.al\/index.php\/wp-json\/wp\/v2\/media\/108968"}],"wp:attachment":[{"href":"https:\/\/rdnews.al\/index.php\/wp-json\/wp\/v2\/media?parent=108967"}],"wp:term":[{"taxonomy":"category","embeddable":true,"href":"https:\/\/rdnews.al\/index.php\/wp-json\/wp\/v2\/categories?post=108967"},{"taxonomy":"post_tag","embeddable":true,"href":"https:\/\/rdnews.al\/index.php\/wp-json\/wp\/v2\/tags?post=108967"}],"curies":[{"name":"wp","href":"https:\/\/api.w.org\/{rel}","templated":true}]}}