{"id":108977,"date":"2025-04-01T16:25:13","date_gmt":"2025-04-01T16:25:13","guid":{"rendered":"https:\/\/rdnews.al\/?p=108977"},"modified":"2025-04-01T16:33:20","modified_gmt":"2025-04-01T16:33:20","slug":"berisha-edi-rama-nje-arme-te-vetme-mashtrimin-720-mije-pensioniste-i-ka-lene-ne-meshire-te-femijeve-te-tyre","status":"publish","type":"post","link":"https:\/\/rdnews.al\/index.php\/2025\/04\/01\/berisha-edi-rama-nje-arme-te-vetme-mashtrimin-720-mije-pensioniste-i-ka-lene-ne-meshire-te-femijeve-te-tyre\/","title":{"rendered":"Berisha: Edi Rama ka nj\u00eb arm\u00eb t\u00eb vetme, mashtrimin! 720 mij\u00eb pensionist\u00eb i ka l\u00ebn\u00eb n\u00eb m\u00ebshir\u00eb t\u00eb f\u00ebmij\u00ebve t\u00eb tyre"},"content":{"rendered":"<p>Kryetari i PD, Sali Berisha, gjat\u00eb bashk\u00ebbisedimit me banor\u00ebs s\u00eb Bregut t\u00eb Lumit n\u00eb Tiran\u00eb u shpreh se, shteti i ka braktisur 720 mij\u00eb pensionist\u00ebt dhe ata jan\u00eb l\u00ebn\u00eb vet\u00ebm n\u00eb m\u00ebshir\u00eb t\u00eb f\u00ebmij\u00ebve, se p\u00ebrndryshe nuk blejn\u00eb dot as ila\u00e7et. Berisha tha se, Edi Rama ka nj\u00eb arm\u00eb t\u00eb vetme, mashtrimin.<\/p>\n<p>\u201cNe e nisim k\u00ebt\u00eb projekt, s\u00eb pari, me ata t\u00eb cil\u00ebt jan\u00eb m\u00eb n\u00eb nevoj\u00eb, dhe biem dakord, m\u00eb n\u00eb nevoj\u00eb jan\u00eb ata t\u00eb cil\u00ebt mezi garantojn\u00eb ushqimin e dit\u00ebs p\u00ebr veten dhe f\u00ebmij\u00ebt e tyre.<\/p>\n<p>M\u00eb n\u00eb nevoj\u00eb jan\u00eb mbi 720 mij\u00eb pensionist\u00eb, t\u00eb cil\u00ebt kan\u00eb shkrir\u00eb jet\u00ebn, energjit\u00eb e tyre dhe kan\u00eb nj\u00eb kontribut t\u00eb jasht\u00ebzakonsh\u00ebm n\u00eb ecjen e k\u00ebtij vendi, kurse tani, marrin si shp\u00ebrblim nj\u00eb shum\u00eb krejt\u00ebsisht t\u00eb pamjaftueshme p\u00ebr jet\u00ebn m\u00eb modeste. Tani, ata mbet\u00ebn t\u00ebr\u00ebsisht n\u00eb m\u00ebshir\u00ebn e f\u00ebmij\u00ebve t\u00eb tyre, ku jan\u00eb dhe ku nuk jan\u00eb q\u00eb t\u2019iu d\u00ebrgojn\u00eb nj\u00eb mb\u00ebshtetje, ose p\u00ebrndryshe nuk blejn\u00eb ila\u00e7et, ose nuk ushqehen si duhet, ose p\u00ebrndryshe f\u00ebmij\u00ebve u thon\u00eb: shko, pa\u00e7 fatin, se k\u00ebtu nuk ushqehemi dot, merr rrug\u00ebt e bot\u00ebs.<\/p>\n<p>Dhe k\u00ebta nuk jan\u00eb pak, jan\u00eb shum\u00eb. Tjet\u00ebr pun\u00eb se, Edi Rama ka nj\u00eb arm\u00eb t\u00eb vetme, mashtrimin.<\/p>\n<p>Dhe do t\u2019u them nj\u00eb gj\u00eb miq.<\/p>\n<p>Njeriu ka virtytet e veta, ka t\u00eb mirat e veta, por ka edhe an\u00ebt e k\u00ebqija dhe veset e veta.<\/p>\n<p>Midis veseve, m\u00eb i keqi t\u00eb k\u00ebqijave \u00ebsht\u00eb mashtrimi. Ai q\u00eb mashtron, ai i b\u00ebn t\u00eb gjitha, se i fsheh. Dhe ky njeri, nga m\u00ebngjesi gjer n\u00eb dark\u00eb vet\u00ebm mashtron.<\/p>\n<p>Dhe ky njeri, \u00e7do vep\u00ebr t\u00eb tij t\u00eb zez\u00eb dhe t\u00eb bashk\u00ebpun\u00ebtor\u00ebve t\u00eb tij, p\u00ebrpiqet ta mbuloj\u00eb me mashtrime. Ky njeri q\u00eb ishte 12 vite n\u00eb pushtet, do marrim pak te pensionist\u00ebt.<\/p>\n<p>Pensioni minimal n\u00eb fshat ishte 82 euro. E rrit\u00ebm nga 36 n\u00eb 82. Dje u thoshte shqiptar\u00ebve pensioni mesatar ishte 82 euro. Pensioni mesatar, shteti ka libra, ka regjistra. Pensioni mesatar n\u00eb vitin 2013 ishte 143 mij\u00eb lek\u00eb. Ky ishte pensioni mesatar.<\/p>\n<p>Problemi \u00ebsht\u00eb se, n\u00eb Mal t\u00eb Zi, ky pension nuk 143 mij\u00eb lek\u00eb. N\u00eb Malin e Zi, ky pension ishte 138 mij\u00eb lek\u00eb. Sot, n\u00eb Malin e Zi, ky pension \u00ebsht\u00eb 450 euro.<\/p>\n<p>Ky premton se n\u00eb vitin 2030, do ta keni pensionin 400 euro.<\/p>\n<p>Pra, qeveri Mal i Zi, qeveri Shqip\u00ebria, miqt\u00eb e mi. Po t\u00eb jet\u00eb p\u00ebr pasuri, Shqip\u00ebria i ka absolutisht pa asnj\u00eb diskutim 5 her\u00eb m\u00eb t\u00eb m\u00ebdha. Shqip\u00ebria \u00ebsht\u00eb vendi m\u00eb i pasur n\u00eb \u00e7do gj\u00eb n\u00eb k\u00ebt\u00eb rajon.<\/p>\n<p>Kur t\u00eb duken tjer\u00ebt t\u00eb pavler\u00eb, kur nuk i p\u00ebrfill, nuk b\u00ebrtet gjat\u00eb vitit se k\u00ebtu nuk vuan kush p\u00ebr buk\u00eb, pa\u00e7ka se ka shum\u00eb q\u00eb vuajn\u00eb. Natyrisht, merr p\u00ebrpara 8 mld euro, si\u00e7 kishte k\u00ebt\u00eb vit, 8 mld euro, t\u00eb gjitha taksat tuaja, t\u00eb gjitha t\u00eb mbledhura nga ajo q\u00eb paguani ju, q\u00eb ju merret ju n\u00eb \u00e7do blerje. Dhe n\u00eb k\u00ebto 8 mld la p\u00ebr pensionist\u00ebt 16 mln euro.<\/p>\n<p>Dhe kur ne para 15 muajsh d\u00ebrguam ligjin n\u00eb parlament p\u00ebr minimumin jetik 200 euro, \u00e7ka n\u00ebnkupton se asnj\u00eb pensionist nuk mund t\u00eb marr\u00eb m\u00eb pak se 200 euro, \u00e7ka n\u00ebnkupton asnj\u00eb i papun\u00eb, asnj\u00eb njeri me ndihm\u00eb ekonomike nuk mund t\u00eb marr\u00eb m\u00eb pak se 200 euro, ky jo q\u00eb s\u2019e pranoi, por u v\u00ebrsul t\u00eb thot\u00eb se kjo t\u00eb \u00e7on n\u00eb humner\u00eb, kjo \u00ebsht\u00eb katastrof\u00eb.<\/p>\n<p>Jo, nuk \u00ebsht\u00eb katastrof\u00eb. Se nuk ishte p\u00ebr Malin e Zi katastrof\u00eb. Se nuk ishte p\u00ebr Maqedonin\u00eb katastrof\u00eb. Se nuk ishte p\u00ebr Serbin\u00eb katastrof\u00eb. Se nuk ishte a p\u00ebr Kosov\u00ebn, se ka 18 vjet, sa ka e pavarur dhe ka pensionet m\u00eb t\u00eb larta se ne.<\/p>\n<p>Po pse? Sepse qeveria merr nga buxheti dhe jep fonde pensionesh. Ne zotohemi para jush!\u201d, u shpreh Berisha.<\/p>\n","protected":false},"excerpt":{"rendered":"<p>Kryetari i PD, Sali Berisha, gjat\u00eb bashk\u00ebbisedimit me banor\u00ebs s\u00eb Bregut t\u00eb Lumit n\u00eb Tiran\u00eb u shpreh se, shteti i ka braktisur 720 mij\u00eb pensionist\u00ebt dhe ata jan\u00eb l\u00ebn\u00eb vet\u00ebm n\u00eb m\u00ebshir\u00eb t\u00eb f\u00ebmij\u00ebve, se p\u00ebrndryshe nuk blejn\u00eb dot as ila\u00e7et. Berisha tha se, Edi Rama ka nj\u00eb arm\u00eb t\u00eb vetme, mashtrimin. \u201cNe e nisim &hellip;<\/p>\n","protected":false},"author":4,"featured_media":108978,"comment_status":"closed","ping_status":"closed","sticky":false,"template":"","format":"standard","meta":{"footnotes":""},"categories":[37],"tags":[],"class_list":["post-108977","post","type-post","status-publish","format-standard","has-post-thumbnail","","category-politike"],"_links":{"self":[{"href":"https:\/\/rdnews.al\/index.php\/wp-json\/wp\/v2\/posts\/108977","targetHints":{"allow":["GET"]}}],"collection":[{"href":"https:\/\/rdnews.al\/index.php\/wp-json\/wp\/v2\/posts"}],"about":[{"href":"https:\/\/rdnews.al\/index.php\/wp-json\/wp\/v2\/types\/post"}],"author":[{"embeddable":true,"href":"https:\/\/rdnews.al\/index.php\/wp-json\/wp\/v2\/users\/4"}],"replies":[{"embeddable":true,"href":"https:\/\/rdnews.al\/index.php\/wp-json\/wp\/v2\/comments?post=108977"}],"version-history":[{"count":2,"href":"https:\/\/rdnews.al\/index.php\/wp-json\/wp\/v2\/posts\/108977\/revisions"}],"predecessor-version":[{"id":108983,"href":"https:\/\/rdnews.al\/index.php\/wp-json\/wp\/v2\/posts\/108977\/revisions\/108983"}],"wp:featuredmedia":[{"embeddable":true,"href":"https:\/\/rdnews.al\/index.php\/wp-json\/wp\/v2\/media\/108978"}],"wp:attachment":[{"href":"https:\/\/rdnews.al\/index.php\/wp-json\/wp\/v2\/media?parent=108977"}],"wp:term":[{"taxonomy":"category","embeddable":true,"href":"https:\/\/rdnews.al\/index.php\/wp-json\/wp\/v2\/categories?post=108977"},{"taxonomy":"post_tag","embeddable":true,"href":"https:\/\/rdnews.al\/index.php\/wp-json\/wp\/v2\/tags?post=108977"}],"curies":[{"name":"wp","href":"https:\/\/api.w.org\/{rel}","templated":true}]}}