{"id":108980,"date":"2025-04-01T16:31:04","date_gmt":"2025-04-01T16:31:04","guid":{"rendered":"https:\/\/rdnews.al\/?p=108980"},"modified":"2025-04-01T16:31:04","modified_gmt":"2025-04-01T16:31:04","slug":"berisha-taksat-me-djersen-e-shqiptarevedo-ti-shperndajme-me-mire-do-i-kthejme-ne-pensione-dhe-rroga-me-te-larta","status":"publish","type":"post","link":"https:\/\/rdnews.al\/index.php\/2025\/04\/01\/berisha-taksat-me-djersen-e-shqiptarevedo-ti-shperndajme-me-mire-do-i-kthejme-ne-pensione-dhe-rroga-me-te-larta\/","title":{"rendered":"Berisha: Taksat me djers\u00ebn e shqiptar\u00ebvedo t\u2019i shp\u00ebrndajm\u00eb m\u00eb mir\u00eb, do i kthejm\u00eb n\u00eb pensione dhe rroga m\u00eb t\u00eb larta!"},"content":{"rendered":"<p>Lideri i opozit\u00ebs, Sali Berisha u shpreh para banor\u00ebve t\u00eb Bregut t\u00eb Lumit dhe demokrat\u00ebve t\u00eb deg\u00ebs nr.9 n\u00eb Tiran\u00eb se, taksat dhe djersa e shqiptar\u00ebve do t\u00eb shp\u00ebrndahet n\u00eb m\u00ebnyr\u00ebn m\u00eb t\u00eb mir\u00eb, n\u00eb rroga dhe pensione m\u00eb t\u00eb larta.<\/p>\n<p>\u201cK\u00ebto t\u00eb ardhura q\u00eb mbledhim, ne do t\u2019i shp\u00ebrndajm\u00eb me drejt\u00ebsi, do t\u2019i shp\u00ebrndajm\u00eb krejt ndryshe. Me k\u00ebto t\u00eb ardhura q\u00eb mbledhim, q\u00eb jan\u00eb t\u00eb gjitha t\u00eb qytetar\u00ebve. Se nj\u00eb gj\u00eb ta dini, qeveria nuk prodhon nj\u00eb qindark\u00eb. Jo!<\/p>\n<p>T\u00eb gjitha vijn\u00eb nga taksat dhe djersa.<\/p>\n<p>Ne k\u00ebto, do i shp\u00ebrndajm\u00eb duke ua kthyer nj\u00eb pjes\u00eb t\u00eb mir\u00eb juve. Duke i kthyer n\u00eb pensione, duke i kthyer n\u00eb rroga, duke i kthyer n\u00eb kart\u00ebn e Konsumatorit. \u00c7far\u00eb do t\u00eb thot\u00eb kjo?<\/p>\n<p>Do t\u00eb thot\u00eb se \u00e7do pensionist, p\u00ebrve\u00e7 pensionit q\u00eb do rritet, nuk do ket\u00eb pension n\u00ebn 200 euro dhe pensioni do rritet me 20% tek t\u00eb tjerat, do ken\u00eb edhe kart\u00ebn e Konsumatorit.<\/p>\n<p>\u00c7far\u00eb \u00ebsht\u00eb Karta e Konsumatorit?<\/p>\n<p>\u00cbsht\u00eb nj\u00eb dokument, i cili ju, t\u00eb merrni duke dor\u00ebzuar faturat e blerjeve t\u00eb ushqimeve, t\u00eb merrni 20% mbrapsht t\u00eb atyre q\u00eb keni paguar, t\u00eb merrni tvsh-n\u00eb. Pra, ta merrni m\u00eb lir\u00eb se t\u00eb tjer\u00ebt ushqimin, dhe e meritoni plot\u00ebsisht\u201d, tha Berisha.<\/p>\n","protected":false},"excerpt":{"rendered":"<p>Lideri i opozit\u00ebs, Sali Berisha u shpreh para banor\u00ebve t\u00eb Bregut t\u00eb Lumit dhe demokrat\u00ebve t\u00eb deg\u00ebs nr.9 n\u00eb Tiran\u00eb se, taksat dhe djersa e shqiptar\u00ebve do t\u00eb shp\u00ebrndahet n\u00eb m\u00ebnyr\u00ebn m\u00eb t\u00eb mir\u00eb, n\u00eb rroga dhe pensione m\u00eb t\u00eb larta. \u201cK\u00ebto t\u00eb ardhura q\u00eb mbledhim, ne do t\u2019i shp\u00ebrndajm\u00eb me drejt\u00ebsi, do t\u2019i shp\u00ebrndajm\u00eb &hellip;<\/p>\n","protected":false},"author":4,"featured_media":108981,"comment_status":"closed","ping_status":"closed","sticky":false,"template":"","format":"standard","meta":{"footnotes":""},"categories":[37],"tags":[],"class_list":["post-108980","post","type-post","status-publish","format-standard","has-post-thumbnail","","category-politike"],"_links":{"self":[{"href":"https:\/\/rdnews.al\/index.php\/wp-json\/wp\/v2\/posts\/108980","targetHints":{"allow":["GET"]}}],"collection":[{"href":"https:\/\/rdnews.al\/index.php\/wp-json\/wp\/v2\/posts"}],"about":[{"href":"https:\/\/rdnews.al\/index.php\/wp-json\/wp\/v2\/types\/post"}],"author":[{"embeddable":true,"href":"https:\/\/rdnews.al\/index.php\/wp-json\/wp\/v2\/users\/4"}],"replies":[{"embeddable":true,"href":"https:\/\/rdnews.al\/index.php\/wp-json\/wp\/v2\/comments?post=108980"}],"version-history":[{"count":1,"href":"https:\/\/rdnews.al\/index.php\/wp-json\/wp\/v2\/posts\/108980\/revisions"}],"predecessor-version":[{"id":108982,"href":"https:\/\/rdnews.al\/index.php\/wp-json\/wp\/v2\/posts\/108980\/revisions\/108982"}],"wp:featuredmedia":[{"embeddable":true,"href":"https:\/\/rdnews.al\/index.php\/wp-json\/wp\/v2\/media\/108981"}],"wp:attachment":[{"href":"https:\/\/rdnews.al\/index.php\/wp-json\/wp\/v2\/media?parent=108980"}],"wp:term":[{"taxonomy":"category","embeddable":true,"href":"https:\/\/rdnews.al\/index.php\/wp-json\/wp\/v2\/categories?post=108980"},{"taxonomy":"post_tag","embeddable":true,"href":"https:\/\/rdnews.al\/index.php\/wp-json\/wp\/v2\/tags?post=108980"}],"curies":[{"name":"wp","href":"https:\/\/api.w.org\/{rel}","templated":true}]}}