{"id":108992,"date":"2025-04-01T16:54:07","date_gmt":"2025-04-01T16:54:07","guid":{"rendered":"https:\/\/rdnews.al\/?p=108992"},"modified":"2025-04-01T16:54:21","modified_gmt":"2025-04-01T16:54:21","slug":"djegesi-i-tiranes-berisha-balluku-e-dinte-qe-130-milion-euro-shkonin-ne-kontot-e-rames","status":"publish","type":"post","link":"https:\/\/rdnews.al\/index.php\/2025\/04\/01\/djegesi-i-tiranes-berisha-balluku-e-dinte-qe-130-milion-euro-shkonin-ne-kontot-e-rames\/","title":{"rendered":"Djeg\u00ebsi i Tiran\u00ebs\/ Berisha: Balluku e dinte q\u00eb 130 milion euro shkonin n\u00eb kontot e Ram\u00ebs!"},"content":{"rendered":"<p>Kryetari i PD, Sali Berisha ka hedhur akuza ndaj zv.kryeministres Belinda Balluku, duke th\u00ebn\u00eb se ajo kishte detyr\u00ebn q\u00eb t\u00eb mbik\u00ebqyrte punimet p\u00ebr inceneratorin e Tiran\u00ebs.<\/p>\n<p>N\u00eb takimin me banor\u00ebt e deg\u00ebs 9 n\u00eb Tiran\u00eb, Berisha tha se, 130 milion\u00eb euro kan\u00eb shkuar n\u00eb kontot e Edi Ram\u00ebs, por Balluku e qepte goj\u00ebn.<\/p>\n<p>\u201cDjeg\u00ebsi i Tiran\u00ebs jan\u00eb dh\u00ebn\u00eb 130 mln euro dhe nuk ekziston asnj\u00eb tull\u00eb e vendosur. Si u zhduk\u00ebn ato? Jua them un\u00eb. Ajo q\u00eb un\u00eb e quaj me t\u00eb drejt\u00eb Lubi Balluku, se soji i saj nuk ka ekzistuar ndonj\u00ebher\u00eb n\u00eb k\u00ebt\u00eb vend, ajo kishte detyr\u00eb t\u00eb mbik\u00ebqyrte punimet e atij djeg\u00ebsi.<\/p>\n<p>Ju me taksat tuaja n\u00eb ministrin\u00eb e saj paguani tre vet\u00eb vet\u00ebm p\u00ebr ta mbik\u00ebqyrur, por ajo e dinte se ato para shkonte n\u00eb kont\u00ebt e Edi Ram\u00ebs. Ajo e qepte goj\u00ebn. Sot aty nuk ekziston as nam e as nishan. Ato jan\u00eb 130 mln euro. Jan\u00eb 812 mij\u00eb pensione mesatare\u201d, tha Sali Berisha.<\/p>\n","protected":false},"excerpt":{"rendered":"<p>Kryetari i PD, Sali Berisha ka hedhur akuza ndaj zv.kryeministres Belinda Balluku, duke th\u00ebn\u00eb se ajo kishte detyr\u00ebn q\u00eb t\u00eb mbik\u00ebqyrte punimet p\u00ebr inceneratorin e Tiran\u00ebs. N\u00eb takimin me banor\u00ebt e deg\u00ebs 9 n\u00eb Tiran\u00eb, Berisha tha se, 130 milion\u00eb euro kan\u00eb shkuar n\u00eb kontot e Edi Ram\u00ebs, por Balluku e qepte goj\u00ebn. \u201cDjeg\u00ebsi i &hellip;<\/p>\n","protected":false},"author":4,"featured_media":108974,"comment_status":"closed","ping_status":"closed","sticky":false,"template":"","format":"standard","meta":{"footnotes":""},"categories":[37],"tags":[],"class_list":["post-108992","post","type-post","status-publish","format-standard","has-post-thumbnail","","category-politike"],"_links":{"self":[{"href":"https:\/\/rdnews.al\/index.php\/wp-json\/wp\/v2\/posts\/108992","targetHints":{"allow":["GET"]}}],"collection":[{"href":"https:\/\/rdnews.al\/index.php\/wp-json\/wp\/v2\/posts"}],"about":[{"href":"https:\/\/rdnews.al\/index.php\/wp-json\/wp\/v2\/types\/post"}],"author":[{"embeddable":true,"href":"https:\/\/rdnews.al\/index.php\/wp-json\/wp\/v2\/users\/4"}],"replies":[{"embeddable":true,"href":"https:\/\/rdnews.al\/index.php\/wp-json\/wp\/v2\/comments?post=108992"}],"version-history":[{"count":1,"href":"https:\/\/rdnews.al\/index.php\/wp-json\/wp\/v2\/posts\/108992\/revisions"}],"predecessor-version":[{"id":108993,"href":"https:\/\/rdnews.al\/index.php\/wp-json\/wp\/v2\/posts\/108992\/revisions\/108993"}],"wp:featuredmedia":[{"embeddable":true,"href":"https:\/\/rdnews.al\/index.php\/wp-json\/wp\/v2\/media\/108974"}],"wp:attachment":[{"href":"https:\/\/rdnews.al\/index.php\/wp-json\/wp\/v2\/media?parent=108992"}],"wp:term":[{"taxonomy":"category","embeddable":true,"href":"https:\/\/rdnews.al\/index.php\/wp-json\/wp\/v2\/categories?post=108992"},{"taxonomy":"post_tag","embeddable":true,"href":"https:\/\/rdnews.al\/index.php\/wp-json\/wp\/v2\/tags?post=108992"}],"curies":[{"name":"wp","href":"https:\/\/api.w.org\/{rel}","templated":true}]}}